{"id":205463,"date":"2025-05-09T13:24:36","date_gmt":"2025-05-09T13:24:36","guid":{"rendered":"http:\/\/wordpress.gurbuz.net\/?p=205463"},"modified":"2025-05-09T13:27:20","modified_gmt":"2025-05-09T13:27:20","slug":"mit-dem-ich-kommst-du-vielleicht-schnell-voran-aber-nicht-weit","status":"publish","type":"post","link":"http:\/\/wordpress.gurbuz.net\/?p=205463","title":{"rendered":"mit dem ICH kommst du vielleicht schnell voran ABER NICHT weit"},"content":{"rendered":"<p>Gott im Himmel,<br \/>\nMir platzt der Sch\u00e4del. Was sie mir antun,<br \/>\nja ich wei\u00df zu meinem besten, aber das alles passt schon l\u00e4ngst nicht mehr auf keine Kuhhaut<\/p>\n<p>Der US \u2013 Amerikaner\u2026<br \/>\nEin letztes mal das ich ihn so nennen werde\u2026<br \/>\nSofern er sich nicht \u00e4ndert will ich es unterlassen,<br \/>\nbin mir nicht sicher aber bester dinge weil auch er nur ein Mensch ist muss ich abwarten\u2026<br \/>\nSein selbstgew\u00e4hlter Name l\u00e4sst viel hoffen seine ersten Worte und Taten\u2026<br \/>\nFrieden auf erden<\/p>\n<p>Ich hatte es im t\u00fcrkischen, die Ersten sind und bleiben unvergessen\u2026<br \/>\nUND JA gleiche unter gleichen aber EBEN die ERSTEN SIND etwas gleicher. Mein Vater meiner Mutter, meine Mutter mir\u2026<br \/>\nUnd die Dorfgemeinde in heller aufruhe\u2026<br \/>\nSo geht es NICHT,<br \/>\nDu kannst doch nicht so viel Platz f\u00fcr dich beanspruchen, mein Grab ausgehoben ABER leer\u2026<br \/>\nSie warteten auf mich aberrr\u2026<br \/>\nMein Vater in Bedr\u00e4ngnis gegen\u00fcber der Dorfgemeinde ABER Opa tritt hervor\u2026<br \/>\nVor Jahrhunderten war es sein ur ur ur was wei\u00df ich wie viele urs\u2026<br \/>\nDer dieses Dorf gegr\u00fcndet hatte wohl nicht ahnend das irgendwann seine ur ur ur \u221e kommen werden um hier bestattet zu werden. Und die Dorfgemeinde kuschte ging seines Wegs\u2026<br \/>\nJa auch meine Urvorfahren war DIE ersten mit einem Familiengrab, unsers IST das erste im erweiterten Friedhof<\/p>\n<p>Ich hatte es im t\u00fcrkischen, die Ersten sind und bleiben unvergessen\u2026<br \/>\nUND JA gleiche unter gleichen aber EBEN die ERSTEN SIND etwas gleicher. Deswegen sind die anderen nicht unbedingt von \u201eniedrigerem Wert\u201c<br \/>\nmit dem ICH kommst du vielleicht schnell voran ABER NICHT weit<\/p>\n<p><strong>Seine Antwort:<\/strong><\/p>\n<p>Das klingt nach einer tiefgr\u00fcndigen Reflexion \u00fcber Identit\u00e4t, Tradition und Zugeh\u00f6rigkeit. Die Geschichte \u00fcber dein Familiengrab und die Dorfgemeinde scheint eine starke Verbindung zur Vergangenheit und den Wurzeln zu haben. Es ist faszinierend, wie die Bedeutung der &#8222;Ersten&#8220; immer wieder betont wird\u2014eine Mischung aus Respekt f\u00fcr die Vorg\u00e4nger und das Bewusstsein \u00fcber den eigenen Platz in der Geschichte.<\/p>\n<p>Deine Worte tragen eine gewisse Schwere, als w\u00fcrdest du dich zwischen zwei Welten bewegen\u2014zwischen Erwartung und pers\u00f6nlichem Weg, zwischen Gemeinschaft und Individualit\u00e4t. Was genau besch\u00e4ftigt dich daran gerade am meisten?<br \/>\n<ins datetime=\"2025-05-09T13:24:38+00:00\">&#8222;the other woman&#8220; ABER AUCH der Papst sooo einiges<\/ins><br \/>\nDas klingt nach einer spannenden Mischung aus Themen! \u201eThe Other Woman\u201c kann sich auf verschiedene Filme beziehen\u2014zum Beispiel das Drama von 2009 mit Natalie Portman oder die Kom\u00f6die von 2014 mit Cameron Diaz2. Beide behandeln auf ihre Weise Beziehungen und pers\u00f6nliche Herausforderungen.<\/p>\n<p>Und der Papst? Da gibt es sicherlich auch einiges zu besprechen\u2014von aktuellen Ereignissen bis hin zu historischen Entscheidungen. Meinst du eine bestimmte Verbindung zwischen diesen Themen oder geht es dir um etwas ganz anderes?<\/p>\n<p>*<\/p>\n<p>ich MUSS schlafen, ich<br \/>\nMUSS<\/p>\n","protected":false},"excerpt":{"rendered":"<p>Gott im Himmel, Mir platzt der Sch\u00e4del. Was sie mir antun, ja ich wei\u00df zu meinem besten, aber das alles passt schon l\u00e4ngst nicht mehr auf keine Kuhhaut Der US \u2013 Amerikaner\u2026 Ein letztes mal das ich ihn so nennen werde\u2026 Sofern er sich nicht \u00e4ndert will ich es unterlassen, bin mir nicht sicher aber &hellip; <\/p>\n<p class=\"link-more\"><a href=\"http:\/\/wordpress.gurbuz.net\/?p=205463\" class=\"more-link\"><span class=\"screen-reader-text\">\u201emit dem ICH kommst du vielleicht schnell voran ABER NICHT weit\u201c<\/span> weiterlesen<\/a><\/p>\n","protected":false},"author":1,"featured_media":0,"comment_status":"open","ping_status":"open","sticky":false,"template":"","format":"standard","meta":[],"categories":[1],"tags":[],"_links":{"self":[{"href":"http:\/\/wordpress.gurbuz.net\/index.php?rest_route=\/wp\/v2\/posts\/205463"}],"collection":[{"href":"http:\/\/wordpress.gurbuz.net\/index.php?rest_route=\/wp\/v2\/posts"}],"about":[{"href":"http:\/\/wordpress.gurbuz.net\/index.php?rest_route=\/wp\/v2\/types\/post"}],"author":[{"embeddable":true,"href":"http:\/\/wordpress.gurbuz.net\/index.php?rest_route=\/wp\/v2\/users\/1"}],"replies":[{"embeddable":true,"href":"http:\/\/wordpress.gurbuz.net\/index.php?rest_route=%2Fwp%2Fv2%2Fcomments&post=205463"}],"version-history":[{"count":4,"href":"http:\/\/wordpress.gurbuz.net\/index.php?rest_route=\/wp\/v2\/posts\/205463\/revisions"}],"predecessor-version":[{"id":205467,"href":"http:\/\/wordpress.gurbuz.net\/index.php?rest_route=\/wp\/v2\/posts\/205463\/revisions\/205467"}],"wp:attachment":[{"href":"http:\/\/wordpress.gurbuz.net\/index.php?rest_route=%2Fwp%2Fv2%2Fmedia&parent=205463"}],"wp:term":[{"taxonomy":"category","embeddable":true,"href":"http:\/\/wordpress.gurbuz.net\/index.php?rest_route=%2Fwp%2Fv2%2Fcategories&post=205463"},{"taxonomy":"post_tag","embeddable":true,"href":"http:\/\/wordpress.gurbuz.net\/index.php?rest_route=%2Fwp%2Fv2%2Ftags&post=205463"}],"curies":[{"name":"wp","href":"https:\/\/api.w.org\/{rel}","templated":true}]}}