{"id":205138,"date":"2025-05-05T15:26:44","date_gmt":"2025-05-05T15:26:44","guid":{"rendered":"http:\/\/wordpress.gurbuz.net\/?p=205138"},"modified":"2025-05-05T15:59:09","modified_gmt":"2025-05-05T15:59:09","slug":"205138","status":"publish","type":"post","link":"http:\/\/wordpress.gurbuz.net\/?p=205138","title":{"rendered":"katli vaciptir*"},"content":{"rendered":"<p><img loading=\"lazy\" class=\"\" src=\"http:\/\/www.gurbuz.net\/Yeni\/Screenshot 2025-05-05 172546.jpg\" alt=\"\" width=\"418\" height=\"314\" \/><\/p>\n<p>\ud83d\ude42<br \/>\n\ud83d\ude09<\/p>\n<p>*Fatih Kanunn\u00e2mesi<\/p>\n<p>&#8230;<br \/>\n&#8230;<br \/>\nFatih kanunnamesinde Niz\u00e2m-\u0131 \u00c2lem i\u00e7in karde\u015f katli meselesi ile ilgili madde;<\/p>\n<p>\u2018\u2018Ve her kimseye evl\u00e2tlar\u0131mdan saltanat m\u00fcyesser ola, <strong>Niz\u00e2m-\u0131 \u00c2lem i\u00e7in kar\u0131nda\u015flar\u0131n katl eylemek m\u00fcnasiptir<\/strong>. Ekser \u00fblema dahi tecviz etmi\u015ftir. Anunla \u00e2mil olalar.\u2019\u2019<\/p>\n<p>Ayr\u0131ca bu kanunname; medreselerin y\u00f6netim, m\u00fcfredat ve akademik yap\u0131s\u0131n\u0131 yeniden d\u00fczenleyen, akademik personelin se\u00e7im ve atanmas\u0131 ile maa\u015flar\u0131n belirlenmesine ili\u015fkin i\u015flemleri usul ve esaslara ba\u011flam\u0131\u015ft\u0131r. Bu ferman T\u00fcrk tarihinde ilk y\u00fcksek\u00f6\u011fretim mevzuat\u0131n\u0131 olu\u015fturmas\u0131 a\u00e7\u0131s\u0131ndan da m\u00fchimdir.[3]&#8220;<\/p>\n<p>*<\/p>\n<p>ben B\u00d6YLE BILIYORUM<\/p>\n<p>&#8222;Alime&#8217;yi aman samanl\u0131kta bast\u0131lar<br \/>\n\u015ealvar\u0131n\u0131 g\u00fcl daline ast\u0131lar<\/p>\n<p>Abdal&#8217;\u0131n g\u0131z\u0131 Alime<br \/>\nNe \u00e7okta cilveler var sende<\/p>\n<p>Hovardalar gelsin gitsin yan\u0131na<br \/>\nSar\u0131 liralar takay\u0131m gerdan\u0131na<\/p>\n<p>Abdal&#8217;\u0131n g\u0131z\u0131 Alime<br \/>\nNe \u00e7okta cilveler var sende<\/p>\n<p>Alime&#8217;nin samanl\u0131kt\u0131r saray\u0131<br \/>\nAlt\u0131n ister almaz bozuk paray\u0131<\/p>\n<p>Abdal&#8217;\u0131n g\u0131z\u0131 Alime<br \/>\nNe \u00e7okta cilveler var sende<\/p>\n<p>Alime&#8217;nin g\u00fcne kar\u015f\u0131 odas\u0131<br \/>\nSevi\u015firken \u00e7\u0131ka geldi kocas\u0131<\/p>\n<p>Abdal&#8217;\u0131n g\u0131z\u0131 Alime<br \/>\nNe \u00e7okta cilveler var sende<\/p>\n<p>Alime k\u0131z\u0131 samanl\u0131kta el eder<br \/>\nKa\u015f\u0131 de\u011fil g\u00f6z\u00fc beni deleder<\/p>\n<p>Abdal&#8217;\u0131n g\u0131z\u0131 Alime<br \/>\nNe \u00e7okta cilveler var sende&#8220;<\/p>\n<p>Konya monya<br \/>\nIstanbul da b\u00f6yle<br \/>\nAlime degil Halime<br \/>\n\ud83d\ude09<br \/>\nhangisi dogru bilmiyorum<\/p>\n<p>kimse yanlis anlamasin DONU&#8230;<br \/>\ng\u00fcl dallarina asilacak cok var<\/p>\n","protected":false},"excerpt":{"rendered":"<p>\ud83d\ude42 \ud83d\ude09 *Fatih Kanunn\u00e2mesi &#8230; &#8230; Fatih kanunnamesinde Niz\u00e2m-\u0131 \u00c2lem i\u00e7in karde\u015f katli meselesi ile ilgili madde; \u2018\u2018Ve her kimseye evl\u00e2tlar\u0131mdan saltanat m\u00fcyesser ola, Niz\u00e2m-\u0131 \u00c2lem i\u00e7in kar\u0131nda\u015flar\u0131n katl eylemek m\u00fcnasiptir. Ekser \u00fblema dahi tecviz etmi\u015ftir. Anunla \u00e2mil olalar.\u2019\u2019 Ayr\u0131ca bu kanunname; medreselerin y\u00f6netim, m\u00fcfredat ve akademik yap\u0131s\u0131n\u0131 yeniden d\u00fczenleyen, akademik personelin se\u00e7im ve atanmas\u0131 &hellip; <\/p>\n<p class=\"link-more\"><a href=\"http:\/\/wordpress.gurbuz.net\/?p=205138\" class=\"more-link\"><span class=\"screen-reader-text\">\u201ekatli vaciptir*\u201c<\/span> weiterlesen<\/a><\/p>\n","protected":false},"author":1,"featured_media":0,"comment_status":"open","ping_status":"open","sticky":false,"template":"","format":"standard","meta":[],"categories":[1],"tags":[],"_links":{"self":[{"href":"http:\/\/wordpress.gurbuz.net\/index.php?rest_route=\/wp\/v2\/posts\/205138"}],"collection":[{"href":"http:\/\/wordpress.gurbuz.net\/index.php?rest_route=\/wp\/v2\/posts"}],"about":[{"href":"http:\/\/wordpress.gurbuz.net\/index.php?rest_route=\/wp\/v2\/types\/post"}],"author":[{"embeddable":true,"href":"http:\/\/wordpress.gurbuz.net\/index.php?rest_route=\/wp\/v2\/users\/1"}],"replies":[{"embeddable":true,"href":"http:\/\/wordpress.gurbuz.net\/index.php?rest_route=%2Fwp%2Fv2%2Fcomments&post=205138"}],"version-history":[{"count":6,"href":"http:\/\/wordpress.gurbuz.net\/index.php?rest_route=\/wp\/v2\/posts\/205138\/revisions"}],"predecessor-version":[{"id":205144,"href":"http:\/\/wordpress.gurbuz.net\/index.php?rest_route=\/wp\/v2\/posts\/205138\/revisions\/205144"}],"wp:attachment":[{"href":"http:\/\/wordpress.gurbuz.net\/index.php?rest_route=%2Fwp%2Fv2%2Fmedia&parent=205138"}],"wp:term":[{"taxonomy":"category","embeddable":true,"href":"http:\/\/wordpress.gurbuz.net\/index.php?rest_route=%2Fwp%2Fv2%2Fcategories&post=205138"},{"taxonomy":"post_tag","embeddable":true,"href":"http:\/\/wordpress.gurbuz.net\/index.php?rest_route=%2Fwp%2Fv2%2Ftags&post=205138"}],"curies":[{"name":"wp","href":"https:\/\/api.w.org\/{rel}","templated":true}]}}