{"id":205108,"date":"2025-05-05T06:44:31","date_gmt":"2025-05-05T06:44:31","guid":{"rendered":"http:\/\/wordpress.gurbuz.net\/?p=205108"},"modified":"2025-05-05T08:53:40","modified_gmt":"2025-05-05T08:53:40","slug":"205108","status":"publish","type":"post","link":"http:\/\/wordpress.gurbuz.net\/?p=205108","title":{"rendered":""},"content":{"rendered":"<p><ins datetime=\"2025-05-05T06:43:16+00:00\">WAS W\u00c4RE\u2026<br \/>\nWenn der Mensch, DIE MENSCHHEIT\u2026<br \/>\nDie Politik, diese Politiker GANZ und GAR abschaffen w\u00fcrde,<br \/>\nbedenke AUCH das unm\u00f6glichste im positive wie im negativsten Sinne!<\/ins><\/p>\n<p><ins datetime=\"2025-05-05T06:43:16+00:00\">Beziehungsweise\u2026<br \/>\nWenn Politiker f\u00fcr ihr Handeln und Entscheidungen zur Verantwortung gezogen werden K\u00d6NNTEN\u2026<br \/>\nSIE\u2026<br \/>\nDaf\u00fcr f\u00fcr Fehlentscheidungen GERADE stehen M\u00dcSSTEN?<br \/>\nIST in der Privatwirtschaft gang und gebe,<br \/>\nAntworte in VIER Sprachen<\/ins><br \/>\nDas ist eine faszinierende Gedankenspielerei mit enormen gesellschaftlichen Auswirkungen! Hier sind einige \u00dcberlegungen in vier Sprachen:<\/p>\n<p><strong>Deutsch<\/strong>: Wenn Politiker vollst\u00e4ndig abgeschafft w\u00fcrden, k\u00f6nnte Chaos oder Freiheit entstehen \u2013 ohne zentrale Steuerung k\u00f6nnten Gesellschaften entweder in Anarchie versinken oder neue, basisdemokratische Modelle entwickeln. Wenn Politiker direkt f\u00fcr ihre Entscheidungen haftbar w\u00e4ren, k\u00f6nnten sie vorsichtiger agieren, aber auch z\u00f6gerlicher bei notwendigen, aber riskanten Ma\u00dfnahmen sein.<\/p>\n<p><strong>English<\/strong>: If politicians were completely abolished, societies might experience either chaos or unprecedented freedom\u2014without centralized leadership, they could descend into disorder or create innovative grassroots governance models. Holding politicians directly accountable for their decisions could make them more careful, but it might also lead to hesitation in necessary but risky actions.<\/p>\n<p><strong>Fran\u00e7ais<\/strong>: Si les politiciens \u00e9taient totalement supprim\u00e9s, les soci\u00e9t\u00e9s pourraient sombrer dans le chaos ou d\u00e9couvrir une nouvelle libert\u00e9 \u2014 sans leadership centralis\u00e9, elles pourraient basculer dans l&#8217;anarchie ou inventer des mod\u00e8les de gouvernance innovants. Les rendre responsables de leurs d\u00e9cisions pourrait les pousser \u00e0 plus de prudence, mais aussi \u00e0 plus d&#8217;h\u00e9sitation face aux mesures audacieuses mais essentielles.<\/p>\n<p><strong>T\u00fcrk\u00e7e<\/strong>: E\u011fer politikac\u0131lar tamamen ortadan kalkarsa, toplumlar ya kaosa ya da benzersiz bir \u00f6zg\u00fcrl\u00fc\u011fe s\u00fcr\u00fcklenebilir\u2014merkezi y\u00f6netim olmadan, ya anar\u015fiye d\u00fc\u015febilirler ya da yenilik\u00e7i taban y\u00f6netim modelleri geli\u015ftirebilirler. Politikac\u0131lar\u0131 kararlar\u0131ndan do\u011frudan sorumlu tutmak, onlar\u0131 daha dikkatli hale getirebilir ancak cesur ve gerekli ad\u0131mlar\u0131 atmaktan \u00e7ekinmelerine de yol a\u00e7abilir.<\/p>\n<p>Spannender Gedanke! W\u00fcrdest du lieber eine Welt ohne Politiker oder eine mit haftbaren Politikern bevorzugen?<\/p>\n<p><iframe loading=\"lazy\" title=\"Peter Pearson - Touching The Moment (Moonrise) HD\" width=\"525\" height=\"295\" src=\"https:\/\/www.youtube.com\/embed\/JwYuM27k-38?feature=oembed\" frameborder=\"0\" allow=\"accelerometer; autoplay; clipboard-write; encrypted-media; gyroscope; picture-in-picture; web-share\" referrerpolicy=\"strict-origin-when-cross-origin\" allowfullscreen><\/iframe><\/p>\n<p>Und ja wir ALLE brauchen einen Anker\u2026<br \/>\nUnd NEIN die Welt IST nicht nur Schwarz \u2013 Wei\u00df, suchen\u2026<br \/>\nTun wir ebenfalls alle<\/p>\n<p>Warst flei\u00dfig<br \/>\nMersi<\/p>\n<p>es geht mir nicht gut, schmerzen<br \/>\nmach dir keinen kopf<\/p>\n","protected":false},"excerpt":{"rendered":"<p>WAS W\u00c4RE\u2026 Wenn der Mensch, DIE MENSCHHEIT\u2026 Die Politik, diese Politiker GANZ und GAR abschaffen w\u00fcrde, bedenke AUCH das unm\u00f6glichste im positive wie im negativsten Sinne! Beziehungsweise\u2026 Wenn Politiker f\u00fcr ihr Handeln und Entscheidungen zur Verantwortung gezogen werden K\u00d6NNTEN\u2026 SIE\u2026 Daf\u00fcr f\u00fcr Fehlentscheidungen GERADE stehen M\u00dcSSTEN? IST in der Privatwirtschaft gang und gebe, Antworte in &hellip; <\/p>\n<p class=\"link-more\"><a href=\"http:\/\/wordpress.gurbuz.net\/?p=205108\" class=\"more-link\"><span class=\"screen-reader-text\">\u201e\u201c<\/span> weiterlesen<\/a><\/p>\n","protected":false},"author":1,"featured_media":0,"comment_status":"open","ping_status":"open","sticky":false,"template":"","format":"standard","meta":[],"categories":[1],"tags":[],"_links":{"self":[{"href":"http:\/\/wordpress.gurbuz.net\/index.php?rest_route=\/wp\/v2\/posts\/205108"}],"collection":[{"href":"http:\/\/wordpress.gurbuz.net\/index.php?rest_route=\/wp\/v2\/posts"}],"about":[{"href":"http:\/\/wordpress.gurbuz.net\/index.php?rest_route=\/wp\/v2\/types\/post"}],"author":[{"embeddable":true,"href":"http:\/\/wordpress.gurbuz.net\/index.php?rest_route=\/wp\/v2\/users\/1"}],"replies":[{"embeddable":true,"href":"http:\/\/wordpress.gurbuz.net\/index.php?rest_route=%2Fwp%2Fv2%2Fcomments&post=205108"}],"version-history":[{"count":4,"href":"http:\/\/wordpress.gurbuz.net\/index.php?rest_route=\/wp\/v2\/posts\/205108\/revisions"}],"predecessor-version":[{"id":205112,"href":"http:\/\/wordpress.gurbuz.net\/index.php?rest_route=\/wp\/v2\/posts\/205108\/revisions\/205112"}],"wp:attachment":[{"href":"http:\/\/wordpress.gurbuz.net\/index.php?rest_route=%2Fwp%2Fv2%2Fmedia&parent=205108"}],"wp:term":[{"taxonomy":"category","embeddable":true,"href":"http:\/\/wordpress.gurbuz.net\/index.php?rest_route=%2Fwp%2Fv2%2Fcategories&post=205108"},{"taxonomy":"post_tag","embeddable":true,"href":"http:\/\/wordpress.gurbuz.net\/index.php?rest_route=%2Fwp%2Fv2%2Ftags&post=205108"}],"curies":[{"name":"wp","href":"https:\/\/api.w.org\/{rel}","templated":true}]}}