{"id":205023,"date":"2025-05-04T14:32:27","date_gmt":"2025-05-04T14:32:27","guid":{"rendered":"http:\/\/wordpress.gurbuz.net\/?p=205023"},"modified":"2025-05-04T15:03:30","modified_gmt":"2025-05-04T15:03:30","slug":"ich-darf-nicht-aber-mehr-und-mehr-wird-mir-der-kollektive-unsympathischer-ich-wuenschte-waere-jung-und-ungebunden","status":"publish","type":"post","link":"http:\/\/wordpress.gurbuz.net\/?p=205023","title":{"rendered":"Ich DARF NICHT aber mehr UND MEHR wird mir der Kollektive unsympathischer. Ich w\u00fcnschte W\u00c4RE jung UND ungebunden"},"content":{"rendered":"<p><img src=\"https:\/\/img-s-msn-com.akamaized.net\/tenant\/amp\/entityid\/AA1E89Ic.img?w=600&#038;h=400&#038;m=6\" alt=\"\" \/><\/p>\n<p>Verwirkt W\u00c4RE ES wenn es SIE nicht g\u00e4be\u2026<br \/>\nDAS RECHT\u2026<br \/>\nMit und unter uns zu LEBEN, m\u00f6chte WARNEN wagt es nicht\u2026<br \/>\nT\u00fcrken\u2026<br \/>\nSIND KEINE Araber, neinnn\u2026<br \/>\nDAS sind sie NICHT<\/p>\n<p>&#8222;Israel droht nach Houthi-Angriff mit hartem Gegenschlag<br \/>\n45 Min.&#8220;<\/p>\n<p>https:\/\/www.msn.com\/de-de\/nachrichten\/welt\/israel-droht-nach-houthi-angriff-mit-hartem-gegenschlag\/ar-AA1E7Y1y?ocid=msedgntp&#038;pc=U531&#038;cvid=a9cb130619db4703b5a7b81f7b5208db&#038;ei=33<\/p>\n<p><img src=\"https:\/\/img-s-msn-com.akamaized.net\/tenant\/amp\/entityid\/AA1E8jc5.img?w=768&#038;h=367&#038;m=6&#038;x=370&#038;y=100&#038;s=255&#038;d=491\" alt=\"\" \/><\/p>\n<p>&#8222;\u201eK\u00f6nnte in einem B\u00fcrgerkrieg enden\u201c \u2013 Diese Frau will Netanjahu unbedingt loswerden<br \/>\nArtikel von Daniel-Dylan B\u00f6hmer \u2022 4 Std.&#8220;<\/p>\n<p>https:\/\/www.msn.com\/de-de\/nachrichten\/politik\/k%C3%B6nnte-in-einem-b%C3%BCrgerkrieg-enden-diese-frau-will-netanjahu-unbedingt-loswerden\/ar-AA1E8lPM?ocid=msedgntp&#038;pc=U531&#038;cvid=0ee4fe36567e4d23850085fee0581c0d&#038;ei=25<\/p>\n<p>WIR K\u00d6NNEN&#8230;<br \/>\nund WOLLEN weil es AUCH SCHON UNSERE Vorfahren&#8230;<br \/>\nso TATEN<\/p>\n<p>eine FRAU?<br \/>\noh JA<\/p>\n<p><img src=\"https:\/\/img-s-msn-com.akamaized.net\/tenant\/amp\/entityid\/AA1E82AC.img?w=630&#038;h=472&#038;m=6&#038;x=186&#038;y=165&#038;s=175&#038;d=175\" alt=\"\" \/><\/p>\n<p>Eigentlich STEHT ES SCHON FEST\u2026<br \/>\nDAS BILD von GESTERN ist wie mit den Verr\u00e4tern\u2026<br \/>\nNach einem \u201eReformisten\u201c EINEM MENSCHEN muss WIEDER\u2026<br \/>\nWas anderes her<\/p>\n<p>Jungchen\u2026<br \/>\nDeine Boxer all\u00fcren\u2026<br \/>\nZiehen\u2026<br \/>\nBei mir nicht<\/p>\n<p>&#8222;Macron mischt bei der Papst-Wahl mit<br \/>\nArtikel von Stefan Br\u00e4ndle \u2022 8 Std&#8220;<\/p>\n<p>https:\/\/www.msn.com\/de-de\/nachrichten\/politik\/macron-mischt-bei-der-papst-wahl-mit\/ar-AA1E7XMA?ocid=msedgntp&#038;pc=U531&#038;cvid=51a9936d1d5b444ea46f90417dc0fe4f&#038;ei=4<\/p>\n<p>unddd DAS Rind geht &#8222;W\u00e4hlen&#8220;<br \/>\nnaaa KLAR, diese K\u00e4lber (&#8230;)<br \/>\nahhh alles nur &#8230;!<\/p>\n<p><img src=\"https:\/\/www.tagesspiegel.de\/images\/13632049\/alternates\/BASE_21_9_W1000\/1746257115000\/trump2.png\" alt=\"\" \/><\/p>\n<p><a href=\"https:\/\/www.google.de\/search?q=trump+%2Bki+%2Bpapst&#038;sca_esv=6a33239e80267d72&#038;source=hp&#038;ei=MH4XaNXwAfOWxc8P7d_B2A8&#038;iflsig=ACkRmUkAAAAAaBeMQFhc_38jTHMGSrRjSIG66IYhj_vJ&#038;ved=0ahUKEwjVyOHJh4qNAxVzS_EDHe1vEPsQ4dUDCA8&#038;uact=5&#038;oq=trump+%2Bki+%2Bpapst&#038;gs_lp=Egdnd3Mtd2l6IhB0cnVtcCAra2kgK3BhcHN0SK9GUABY6j5wAHgAkAEAmAGNAaABiQeqAQQxNS4xuAEDyAEA-AEBmAIHoALNBMICCxAAGIAEGLEDGIMBwgIOEC4YgAQYxwEYjgUYrwHCAg4QABiABBixAxiDARiKBcICERAuGIAEGLEDGNEDGIMBGMcBwgILEC4YgAQYsQMYgwHCAggQABiABBixA8ICDhAuGIAEGLEDGNEDGMcBwgIREAAYgAQYsQMYgwEYxwMYigXCAgUQABiABJgDAJIHAzYuMaAHij2yBwM2LjG4B80E&#038;sclient=gws-wiz\" rel=\"noopener\" target=\"_blank\">DAS denken haste verlernt du rind hoffentlich nicht auch noch DAS lesen<\/a><\/p>\n<p><img src=\"https:\/\/img-s-msn-com.akamaized.net\/tenant\/amp\/entityid\/AA1E8adi.img?w=768&#038;h=512&#038;m=6&#038;x=792&#038;y=232&#038;s=206&#038;d=206\" alt=\"\" \/><\/p>\n<p>wo er recht HAT&#8230;<br \/>\nHAT&#8230;<br \/>\ner RECHT aber NUR in dieser&#8230;<br \/>\nAngelegenheit, DAS wird nichts mehr.<\/p>\n<p>UND DU&#8230;<br \/>\nEU&#8230;<br \/>\nHalt dich raus sonst muss \u00f6nderchen mal etwas aufdrehen<\/p>\n<p>&#8222;Erdo\u011fan fordert Zwei-Staaten-L\u00f6sung f\u00fcr geteiltes Zypern<br \/>\nArtikel von Justyna Lasota-Krawczyk \u2022 7 Std. &#8220;<\/p>\n<p>https:\/\/www.msn.com\/de-de\/nachrichten\/welt\/erdo%C4%9Fan-fordert-zwei-staaten-l%C3%B6sung-f%C3%BCr-geteiltes-zypern\/ar-AA1E7Yxs?ocid=msedgntp&#038;pc=U531&#038;cvid=51a9936d1d5b444ea46f90417dc0fe4f&#038;ei=6<\/p>\n<p>leider, LEIDER wird es nix mehr<\/p>\n<p><img src=\"https:\/\/img-s-msn-com.akamaized.net\/tenant\/amp\/entityid\/AA1E8vpf.img?w=768&#038;h=432&#038;m=6\" alt=\"\" \/><\/p>\n<p>leute, LEUTEEEEEEEEEEEEEE<\/p>\n<p>&#8222;Israel \u2013 Tel Aviv: Huthis treffen erstmals Umkreis des Flughafens Ben-Gurion<br \/>\n4 Std.&#8220;<\/p>\n<p>https:\/\/www.msn.com\/de-de\/nachrichten\/politik\/israel-tel-aviv-huthis-treffen-erstmals-umkreis-des-flughafens-ben-gurion\/ar-AA1E8hfh?ocid=msedgntp&#038;pc=U531&#038;cvid=0ee4fe36567e4d23850085fee0581c0d&#038;ei=32<\/p>\n<p><img src=\"https:\/\/img-s-msn-com.akamaized.net\/tenant\/amp\/entityid\/AA1E9058.img?w=768&#038;h=509&#038;m=6&#038;x=1081&#038;y=347&#038;s=277&#038;d=277\" alt=\"\" \/><\/p>\n<p>leute, LEUTEEEEEEEEEEEEEE<\/p>\n<p>&#8222;AfD reicht Verfassungsbeschwerde ein<br \/>\nArtikel von <strong>dpa<\/strong> \u2022 31 Min&#8220;<\/p>\n<p>https:\/\/www.msn.com\/de-de\/nachrichten\/politik\/afd-reicht-verfassungsbeschwerde-ein\/ar-AA1E92Aa?ocid=msedgntp&#038;pc=U531&#038;cvid=88339f408eb74e2a8b400ed78344c4d5&#038;ei=28<\/p>\n<p>dieser blackROCK&#8230;<br \/>\nleute, LEUTEEEEEEEEEEEEEE<\/p>\n","protected":false},"excerpt":{"rendered":"<p>Verwirkt W\u00c4RE ES wenn es SIE nicht g\u00e4be\u2026 DAS RECHT\u2026 Mit und unter uns zu LEBEN, m\u00f6chte WARNEN wagt es nicht\u2026 T\u00fcrken\u2026 SIND KEINE Araber, neinnn\u2026 DAS sind sie NICHT &#8222;Israel droht nach Houthi-Angriff mit hartem Gegenschlag 45 Min.&#8220; https:\/\/www.msn.com\/de-de\/nachrichten\/welt\/israel-droht-nach-houthi-angriff-mit-hartem-gegenschlag\/ar-AA1E7Y1y?ocid=msedgntp&#038;pc=U531&#038;cvid=a9cb130619db4703b5a7b81f7b5208db&#038;ei=33 &#8222;\u201eK\u00f6nnte in einem B\u00fcrgerkrieg enden\u201c \u2013 Diese Frau will Netanjahu unbedingt loswerden Artikel von Daniel-Dylan &hellip; <\/p>\n<p class=\"link-more\"><a href=\"http:\/\/wordpress.gurbuz.net\/?p=205023\" class=\"more-link\"><span class=\"screen-reader-text\">\u201eIch DARF NICHT aber mehr UND MEHR wird mir der Kollektive unsympathischer. Ich w\u00fcnschte W\u00c4RE jung UND ungebunden\u201c<\/span> weiterlesen<\/a><\/p>\n","protected":false},"author":1,"featured_media":0,"comment_status":"open","ping_status":"open","sticky":false,"template":"","format":"standard","meta":[],"categories":[1],"tags":[],"_links":{"self":[{"href":"http:\/\/wordpress.gurbuz.net\/index.php?rest_route=\/wp\/v2\/posts\/205023"}],"collection":[{"href":"http:\/\/wordpress.gurbuz.net\/index.php?rest_route=\/wp\/v2\/posts"}],"about":[{"href":"http:\/\/wordpress.gurbuz.net\/index.php?rest_route=\/wp\/v2\/types\/post"}],"author":[{"embeddable":true,"href":"http:\/\/wordpress.gurbuz.net\/index.php?rest_route=\/wp\/v2\/users\/1"}],"replies":[{"embeddable":true,"href":"http:\/\/wordpress.gurbuz.net\/index.php?rest_route=%2Fwp%2Fv2%2Fcomments&post=205023"}],"version-history":[{"count":11,"href":"http:\/\/wordpress.gurbuz.net\/index.php?rest_route=\/wp\/v2\/posts\/205023\/revisions"}],"predecessor-version":[{"id":205034,"href":"http:\/\/wordpress.gurbuz.net\/index.php?rest_route=\/wp\/v2\/posts\/205023\/revisions\/205034"}],"wp:attachment":[{"href":"http:\/\/wordpress.gurbuz.net\/index.php?rest_route=%2Fwp%2Fv2%2Fmedia&parent=205023"}],"wp:term":[{"taxonomy":"category","embeddable":true,"href":"http:\/\/wordpress.gurbuz.net\/index.php?rest_route=%2Fwp%2Fv2%2Fcategories&post=205023"},{"taxonomy":"post_tag","embeddable":true,"href":"http:\/\/wordpress.gurbuz.net\/index.php?rest_route=%2Fwp%2Fv2%2Ftags&post=205023"}],"curies":[{"name":"wp","href":"https:\/\/api.w.org\/{rel}","templated":true}]}}