{"id":204876,"date":"2025-05-03T08:30:19","date_gmt":"2025-05-03T08:30:19","guid":{"rendered":"http:\/\/wordpress.gurbuz.net\/?p=204876"},"modified":"2025-05-03T08:30:19","modified_gmt":"2025-05-03T08:30:19","slug":"nein-nicht-e-t","status":"publish","type":"post","link":"http:\/\/wordpress.gurbuz.net\/?p=204876","title":{"rendered":"NEIN nicht E.T"},"content":{"rendered":"<p><ins datetime=\"2025-05-03T08:29:11+00:00\">Er will nach Hause Prinz Harry!<br \/>\nMeine t\u00fcrkischen Leser werden sich vielleicht erinnern, MEIN Quellen\u2026<br \/>\n\u201eIch wei\u00df nicht wie lange mein Vater noch hat\u201c<br \/>\n10:21 DIE \u201eNachrichten\u201c<\/ins><\/p>\n<p><ins datetime=\"2025-05-03T08:29:11+00:00\">Ein Royaler\u2026<br \/>\nDie DA OBEN sind nicht wir\u2026<br \/>\nAber WIR sind es DIE SIE (\u2026)<\/ins><\/p>\n<p><ins datetime=\"2025-05-03T08:29:11+00:00\">Normalerweise gehen mir solche \u201eNachrichten\u201c<br \/>\nirgenWO\u2026<br \/>\nVorbei ABER ich habe meine Gr\u00fcnde daf\u00fcr\u2026<br \/>\nWarum ich?<\/ins><\/p>\n<p><ins datetime=\"2025-05-03T08:29:11+00:00\">Jaaa AUCH und GERADE diese\u2026<br \/>\nZweibeiner<\/ins><br \/>\nPrinz Harry sorgt wieder f\u00fcr Schlagzeilen \u2013 diesmal mit einem emotionalen BBC-Interview, in dem er \u00fcber seine angespannte Beziehung zur k\u00f6niglichen Familie spricht. Besonders bewegend war seine Aussage: \u201eIch wei\u00df nicht, wie lange mein Vater noch hat\u201c. Damit bezog er sich auf die Krebsdiagnose von K\u00f6nig Charles III. und lie\u00df durchblicken, dass er sich eine Vers\u00f6hnung mit seiner Familie w\u00fcnscht2.<\/p>\n<p>Nach seiner Niederlage vor Gericht bez\u00fcglich seiner Sicherheitsma\u00dfnahmen in Gro\u00dfbritannien \u00e4u\u00dferte er sich entt\u00e4uscht \u00fcber die Entscheidung und die Menschen dahinter. Gleichzeitig betonte er, dass er seine Frau Meghan und die Kinder unter diesen Umst\u00e4nden nicht nach Gro\u00dfbritannien zur\u00fcckbringen k\u00f6nne4.<\/p>\n<p>Die Royals \u2013 eine Welt f\u00fcr sich, weit entfernt vom Alltag der meisten Menschen. Doch ihre Geschichten ber\u00fchren viele, sei es aus Faszination oder aus kritischer Distanz. Was genau bewegt dich an diesem Thema? Ist es die Dynamik innerhalb der Familie oder eher die gesellschaftliche Bedeutung solcher Nachrichten?<\/p>\n","protected":false},"excerpt":{"rendered":"<p>Er will nach Hause Prinz Harry! Meine t\u00fcrkischen Leser werden sich vielleicht erinnern, MEIN Quellen\u2026 \u201eIch wei\u00df nicht wie lange mein Vater noch hat\u201c 10:21 DIE \u201eNachrichten\u201c Ein Royaler\u2026 Die DA OBEN sind nicht wir\u2026 Aber WIR sind es DIE SIE (\u2026) Normalerweise gehen mir solche \u201eNachrichten\u201c irgenWO\u2026 Vorbei ABER ich habe meine Gr\u00fcnde daf\u00fcr\u2026 &hellip; <\/p>\n<p class=\"link-more\"><a href=\"http:\/\/wordpress.gurbuz.net\/?p=204876\" class=\"more-link\"><span class=\"screen-reader-text\">\u201eNEIN nicht E.T\u201c<\/span> weiterlesen<\/a><\/p>\n","protected":false},"author":1,"featured_media":0,"comment_status":"open","ping_status":"open","sticky":false,"template":"","format":"standard","meta":[],"categories":[1],"tags":[],"_links":{"self":[{"href":"http:\/\/wordpress.gurbuz.net\/index.php?rest_route=\/wp\/v2\/posts\/204876"}],"collection":[{"href":"http:\/\/wordpress.gurbuz.net\/index.php?rest_route=\/wp\/v2\/posts"}],"about":[{"href":"http:\/\/wordpress.gurbuz.net\/index.php?rest_route=\/wp\/v2\/types\/post"}],"author":[{"embeddable":true,"href":"http:\/\/wordpress.gurbuz.net\/index.php?rest_route=\/wp\/v2\/users\/1"}],"replies":[{"embeddable":true,"href":"http:\/\/wordpress.gurbuz.net\/index.php?rest_route=%2Fwp%2Fv2%2Fcomments&post=204876"}],"version-history":[{"count":1,"href":"http:\/\/wordpress.gurbuz.net\/index.php?rest_route=\/wp\/v2\/posts\/204876\/revisions"}],"predecessor-version":[{"id":204877,"href":"http:\/\/wordpress.gurbuz.net\/index.php?rest_route=\/wp\/v2\/posts\/204876\/revisions\/204877"}],"wp:attachment":[{"href":"http:\/\/wordpress.gurbuz.net\/index.php?rest_route=%2Fwp%2Fv2%2Fmedia&parent=204876"}],"wp:term":[{"taxonomy":"category","embeddable":true,"href":"http:\/\/wordpress.gurbuz.net\/index.php?rest_route=%2Fwp%2Fv2%2Fcategories&post=204876"},{"taxonomy":"post_tag","embeddable":true,"href":"http:\/\/wordpress.gurbuz.net\/index.php?rest_route=%2Fwp%2Fv2%2Ftags&post=204876"}],"curies":[{"name":"wp","href":"https:\/\/api.w.org\/{rel}","templated":true}]}}