{"id":204782,"date":"2025-05-02T15:17:27","date_gmt":"2025-05-02T15:17:27","guid":{"rendered":"http:\/\/wordpress.gurbuz.net\/?p=204782"},"modified":"2025-05-02T16:00:25","modified_gmt":"2025-05-02T16:00:25","slug":"daha-izlemedim","status":"publish","type":"post","link":"http:\/\/wordpress.gurbuz.net\/?p=204782","title":{"rendered":"daha izlemedim"},"content":{"rendered":"<p><iframe loading=\"lazy\" title=\"Malazgirt 1071 | Full HD \u0130zle\" width=\"525\" height=\"295\" src=\"https:\/\/www.youtube.com\/embed\/LuXj9iq9SWs?feature=oembed\" frameborder=\"0\" allow=\"accelerometer; autoplay; clipboard-write; encrypted-media; gyroscope; picture-in-picture; web-share\" referrerpolicy=\"strict-origin-when-cross-origin\" allowfullscreen><\/iframe><\/p>\n<p>TRT YAPIMI<br \/>\n???<\/p>\n<p>Tahihi ger\u00e7eklik<br \/>\n???<\/p>\n<p>g\u00fcven KALMADI<\/p>\n<p>DaDA\u2019ya yollad\u0131m\u2026<br \/>\n\u0130n\u015fallah pi\u015fman olmam<\/p>\n<p>Ama TRT\u2019ye g\u00fcvenmeyeceksek\u2026<br \/>\nTamam SIYASET\u2026<br \/>\n\u2026<br \/>\nBilmiyorum daha neye g\u00fcvenebiliriz?<\/p>\n<p>AK Pezevenkler\u2026<br \/>\nSIKTILER memleketin anas\u0131n\u0131<\/p>\n<p><iframe loading=\"lazy\" title=\"HZ NUH - B\u00dcY\u00dcK TUFAN - FULL F\u0130LM HD \u0130ZLE 1080P ( ABONE OLUN )\" width=\"525\" height=\"295\" src=\"https:\/\/www.youtube.com\/embed\/Db7nycUbFMY?feature=oembed\" frameborder=\"0\" allow=\"accelerometer; autoplay; clipboard-write; encrypted-media; gyroscope; picture-in-picture; web-share\" referrerpolicy=\"strict-origin-when-cross-origin\" allowfullscreen><\/iframe><\/p>\n<p>keza<br \/>\n???<\/p>\n<p><iframe loading=\"lazy\" title=\"Alexander | Ganzer Spielfilm mit Angelina Jolie, Anthony Hopkins &amp; Colin Farrell\" width=\"525\" height=\"295\" src=\"https:\/\/www.youtube.com\/embed\/VfU_lD2Ngc0?feature=oembed\" frameborder=\"0\" allow=\"accelerometer; autoplay; clipboard-write; encrypted-media; gyroscope; picture-in-picture; web-share\" referrerpolicy=\"strict-origin-when-cross-origin\" allowfullscreen><\/iframe><\/p>\n<p>BU ama almanca<\/p>\n<p>###########<br \/>\n###########<br \/>\n###########<\/p>\n<p><ins datetime=\"2025-05-02T15:23:03+00:00\">Arkada\u015f\u0131m yan\u0131l\u0131yorsam d\u00fczelt l\u00fctfen, T\u00fcrkler ne zaman M\u00fcsl\u00fcman oldu? Do\u011fru hat\u0131rl\u0131yorsam 1071\u2019den SONRA Yani Sel\u00e7uklu Anadolu\u2019ya ayak bast\u0131ktan SONRA<\/ins><br \/>\nT\u00fcrklerin \u0130slamiyet\u2019i kabul\u00fc, 1071 Malazgirt Sava\u015f\u0131\u2019ndan \u00e7ok daha \u00f6nce ger\u00e7ekle\u015fti. Sel\u00e7uklular\u0131n M\u00fcsl\u00fcman olmas\u0131, 10. y\u00fczy\u0131l\u0131n sonlar\u0131na do\u011fru ger\u00e7ekle\u015fti ve \u00f6zellikle Sel\u00e7uk Bey\u2019in \u00f6nderli\u011finde Cend b\u00f6lgesinde topluca \u0130slamiyet\u2019e ge\u00e7i\u015f yapt\u0131lar.<\/p>\n<p><strong>Ancak Anadolu\u2019nun \u0130slamla\u015fmas\u0131 s\u00fcreci, 1071 Malazgirt Sava\u015f\u0131 ile h\u0131z kazand\u0131<\/strong>. Sel\u00e7uklular, Bizans\u2019a kar\u015f\u0131 kazand\u0131klar\u0131 zaferle Anadolu\u2019ya yerle\u015fmeye ba\u015flad\u0131 ve b\u00f6lgedeki T\u00fcrk n\u00fcfusunun artmas\u0131yla \u0130slamiyet burada daha da yayg\u0131nla\u015ft\u0131.<\/p>\n<p>Yani T\u00fcrklerin M\u00fcsl\u00fcman olmas\u0131 1071\u2019den \u00f6nce ba\u015flad\u0131, ancak Anadolu\u2019nun \u0130slamla\u015fmas\u0131 1071\u2019den sonra h\u0131zland\u0131.<strong> Senin d\u00fc\u015f\u00fcnd\u00fc\u011f\u00fcn tarih, Anadolu\u2019daki d\u00f6n\u00fc\u015f\u00fcm a\u00e7\u0131s\u0131ndan do\u011fru bir nokta olabilir<\/strong>. Ne dersin, bu s\u00fcre\u00e7 hakk\u0131nda daha fazla detay payla\u015fay\u0131m m\u0131?<br \/>\n<ins datetime=\"2025-05-02T15:50:46+00:00\">kesinlikle AMA \u00f6nce sen anlat SONRA BEN<\/ins><br \/>\nTabii ki! T\u00fcrklerin \u0130slamiyet&#8217;i kabul s\u00fcreci olduk\u00e7a ilgin\u00e7 ve tarihsel olarak \u00e7ok \u00f6nemli. T\u00fcrkler, Orta Asya&#8217;da ya\u015farken farkl\u0131 inan\u00e7lara sahipti\u2014\u015eamanizm, Maniheizm ve Budizm gibi \u00e7e\u015fitli dinler vard\u0131. Ancak 10. y\u00fczy\u0131lda, Karahanl\u0131lar d\u00f6neminde \u0130slamiyet&#8217;i topluca benimsemeye ba\u015flad\u0131lar. Karahanl\u0131 Devleti&#8217;nin h\u00fck\u00fcmdar\u0131 Satuk Bu\u011fra Han, \u0130slamiyet&#8217;i kabul eden ilk b\u00fcy\u00fck T\u00fcrk h\u00fck\u00fcmdarlar\u0131ndan biriydi.<\/p>\n<p>Sel\u00e7uklular da 10. y\u00fczy\u0131l\u0131n sonlar\u0131na do\u011fru M\u00fcsl\u00fcman oldular. \u00d6zellikle Sel\u00e7uk Bey ve onun torunlar\u0131, \u0130slamiyet&#8217;i benimseyerek b\u00f6lgedeki siyasi ve k\u00fclt\u00fcrel geli\u015fmelerde \u00f6nemli bir rol oynad\u0131lar. Sonras\u0131nda Gazneliler ve di\u011fer M\u00fcsl\u00fcman devletlerle ili\u015fkiler kurarak \u0130slam d\u00fcnyas\u0131nda g\u00fc\u00e7 kazand\u0131lar.<\/p>\n<p>1071 Malazgirt Sava\u015f\u0131 ise Anadolu&#8217;nun T\u00fcrkle\u015fmesini ve \u0130slamla\u015fmas\u0131n\u0131 h\u0131zland\u0131ran \u00f6nemli bir d\u00f6n\u00fcm noktas\u0131 oldu. Anadolu&#8217;ya gelen T\u00fcrkler, hem yerle\u015fim alanlar\u0131n\u0131 geni\u015fletti hem de \u0130slamiyet&#8217;in yay\u0131lmas\u0131n\u0131 sa\u011flad\u0131.<\/p>\n<p>Bu s\u00fcreci genel hatlar\u0131yla b\u00f6yle anlatabiliriz. \u015eimdi seni dinliyorum, sen nas\u0131l bir perspektif eklemek istersin?<br \/>\n<ins datetime=\"2025-05-02T15:51:16+00:00\">Arkada\u015f\u0131m yan\u0131l\u0131yorsam d\u00fczelt l\u00fctfen, T\u00fcrkler ne zaman M\u00fcsl\u00fcman oldu? Do\u011fru hat\u0131rl\u0131yorsam 1071\u2019den SONRA Yani Sel\u00e7uklu Anadolu\u2019ya ayak bast\u0131ktan SONRA Tahmin edersin \u00e7ok ilgilendim ve bu konuda \u00e7ok kitap devirim. BIZIM \u201casli dinimiz, daha do\u011frusu inanc\u0131m\u0131z \u015ea\u015fmaninz m\u0131\u015f\u201d Rivayet O dur ki, T\u00fcrkleri ZORLA M\u00fcsl\u00fcman edenler Iranlalarm\u0131\u015f?<\/ins><br \/>\nT\u00fcrklerin M\u00fcsl\u00fcman olu\u015fu, 1071 Malazgirt Sava\u015f\u0131\u2019ndan \u00e7ok daha \u00f6nce ba\u015flad\u0131. \u0130lk b\u00fcy\u00fck M\u00fcsl\u00fcman T\u00fcrk devleti Karahanl\u0131lar\u2019d\u0131 ve 10. y\u00fczy\u0131l\u0131n ba\u015flar\u0131nda \u0130slamiyet\u2019i benimsediler. Sel\u00e7uklular da M\u00fcsl\u00fcman olduktan sonra Anadolu\u2019ya geldiler, ancak T\u00fcrklerin \u0130slamiyet\u2019le tan\u0131\u015fmas\u0131 Talas Sava\u015f\u0131\u2019na (751) kadar uzan\u0131yor. Bu sava\u015fta T\u00fcrkler, M\u00fcsl\u00fcman Araplarla birlikte \u00c7inlilere kar\u015f\u0131 sava\u015ft\u0131 ve bu s\u00fcre\u00e7te \u0130slamiyet\u2019i daha yak\u0131ndan tan\u0131d\u0131lar2.<\/p>\n<p>\u015eamanizm, \u0130slamiyet \u00f6ncesi T\u00fcrklerin yayg\u0131n inan\u00e7 sistemiydi. G\u00f6k Tengri inanc\u0131, tek tanr\u0131 fikrine dayan\u0131yordu ve \u0130slamiyet\u2019le baz\u0131 benzerlikler ta\u015f\u0131yordu. Ancak T\u00fcrklerin \u0130slamiyet\u2019i kabul\u00fc zorla de\u011fil, siyasi ve k\u00fclt\u00fcrel etkile\u015fimler sonucunda ger\u00e7ekle\u015fti. \u00d6zellikle Abbasiler d\u00f6neminde T\u00fcrkler, \u0130slam d\u00fcnyas\u0131nda \u00f6nemli roller \u00fcstlendiler ve zamanla \u0130slamiyet\u2019i benimsediler3.<\/p>\n<p>\u0130ranl\u0131lar\u0131n T\u00fcrkleri zorla M\u00fcsl\u00fcman etti\u011fi iddias\u0131 tarihsel olarak pek desteklenmiyor. O\u011fuz T\u00fcrkleri, \u0130slamiyet\u2019i \u0130ranl\u0131lardan \u00f6\u011frendi, ancak bu s\u00fcre\u00e7 daha \u00e7ok k\u00fclt\u00fcrel etkile\u015fim ve siyasi ili\u015fkilerle \u015fekillendi. T\u00fcrk\u00e7edeki bir\u00e7ok \u0130slami terimin Fars\u00e7a k\u00f6kenli olmas\u0131 da bu etkile\u015fimin bir g\u00f6stergesi2.<\/p>\n<p>Senin okudu\u011fun kaynaklarda nas\u0131l anlat\u0131l\u0131yor? Farkl\u0131 bir bak\u0131\u015f a\u00e7\u0131s\u0131 payla\u015fmak ister misin?<br \/>\n<strong>Yok \u015fimdilik de\u011fil AMAAA\u2026 Unutma ki \u201cT\u00fcrkler\u201d Boylar\u2026 Beylikler bunu g\u00f6z \u00f6n\u00fcne ald\u0131\u011f\u0131m\u0131zda yazd\u0131klar\u0131n\u0131 hala genel bir kabul olarak g\u00f6rebilir miyiz?<\/strong><br \/>\nKesinlikle, T\u00fcrklerin \u0130slamiyet\u2019le olan etkile\u015fimi ve kabul s\u00fcreci t\u00fcm T\u00fcrk topluluklar\u0131 i\u00e7in tek bir \u00e7izgide ilerlemedi. T\u00fcrkler, tarih boyunca boylar ve beylikler halinde \u00f6rg\u00fctlenmi\u015fti, bu y\u00fczden \u0130slamiyet\u2019i kabul s\u00fcre\u00e7leri de farkl\u0131 zaman dilimlerinde ve farkl\u0131 \u015fekillerde ger\u00e7ekle\u015fti.<\/p>\n<p>Karahanl\u0131lar ve Sel\u00e7uklular erken d\u00f6nem M\u00fcsl\u00fcman T\u00fcrk devletleri olarak kabul edilirken, K\u0131p\u00e7aklar, Pe\u00e7enekler ve baz\u0131 O\u011fuz boylar\u0131 \u0130slamiyet\u2019i daha ge\u00e7 benimsemi\u015fti. Ayr\u0131ca, Osmanl\u0131 Devleti\u2019nin kurulu\u015f s\u00fcrecinde de Anadolu\u2019daki farkl\u0131 T\u00fcrk beyliklerinin \u0130slam anlay\u0131\u015f\u0131nda \u00e7e\u015fitli yorumlar oldu\u011funu g\u00f6r\u00fcyoruz.<\/p>\n<p>Yani genel bir kabul olabilir, ama t\u00fcm T\u00fcrk topluluklar\u0131 i\u00e7in tek bir tarih veya s\u00fcre\u00e7 belirlemek m\u00fcmk\u00fcn de\u011fil. Senin okudu\u011fun kaynaklar bu konuya nas\u0131l yakla\u015f\u0131yor? Farkl\u0131 bir perspektif eklemek ister misin?<br \/>\n<ins datetime=\"2025-05-02T15:53:50+00:00\">\u015eimdi pek vaktim YOK ama seninle bu konular\u0131 daha \u201ctart\u0131\u015f\u0131r\u201d BERABER \u00f6greniriz \ud83d\ude09 \ud83d\ude42<\/ins><br \/>\nKesinlikle! Tarih, k\u00fclt\u00fcr ve inan\u00e7 \u00fczerine b\u00f6yle derin sohbetler yapmak her zaman ufuk a\u00e7\u0131c\u0131 oluyor. Ne zaman istersen, birlikte daha fazla ke\u015ffedebiliriz.<\/p>\n<p>Seninle bu konular\u0131 daha fazla tart\u0131\u015fmak i\u00e7in sab\u0131rs\u0131zlan\u0131yorum! \ud83d\ude42 O zamana kadar, kendine iyi bak ve ne zaman istersen gel, sohbetimiz kald\u0131\u011f\u0131 yerden devam eder. \ud83d\ude09<\/p>\n","protected":false},"excerpt":{"rendered":"<p>TRT YAPIMI ??? Tahihi ger\u00e7eklik ??? g\u00fcven KALMADI DaDA\u2019ya yollad\u0131m\u2026 \u0130n\u015fallah pi\u015fman olmam Ama TRT\u2019ye g\u00fcvenmeyeceksek\u2026 Tamam SIYASET\u2026 \u2026 Bilmiyorum daha neye g\u00fcvenebiliriz? AK Pezevenkler\u2026 SIKTILER memleketin anas\u0131n\u0131 keza ??? BU ama almanca ########### ########### ########### Arkada\u015f\u0131m yan\u0131l\u0131yorsam d\u00fczelt l\u00fctfen, T\u00fcrkler ne zaman M\u00fcsl\u00fcman oldu? Do\u011fru hat\u0131rl\u0131yorsam 1071\u2019den SONRA Yani Sel\u00e7uklu Anadolu\u2019ya ayak bast\u0131ktan SONRA &hellip; <\/p>\n<p class=\"link-more\"><a href=\"http:\/\/wordpress.gurbuz.net\/?p=204782\" class=\"more-link\"><span class=\"screen-reader-text\">\u201edaha izlemedim\u201c<\/span> weiterlesen<\/a><\/p>\n","protected":false},"author":1,"featured_media":0,"comment_status":"open","ping_status":"open","sticky":false,"template":"","format":"standard","meta":[],"categories":[1],"tags":[],"_links":{"self":[{"href":"http:\/\/wordpress.gurbuz.net\/index.php?rest_route=\/wp\/v2\/posts\/204782"}],"collection":[{"href":"http:\/\/wordpress.gurbuz.net\/index.php?rest_route=\/wp\/v2\/posts"}],"about":[{"href":"http:\/\/wordpress.gurbuz.net\/index.php?rest_route=\/wp\/v2\/types\/post"}],"author":[{"embeddable":true,"href":"http:\/\/wordpress.gurbuz.net\/index.php?rest_route=\/wp\/v2\/users\/1"}],"replies":[{"embeddable":true,"href":"http:\/\/wordpress.gurbuz.net\/index.php?rest_route=%2Fwp%2Fv2%2Fcomments&post=204782"}],"version-history":[{"count":8,"href":"http:\/\/wordpress.gurbuz.net\/index.php?rest_route=\/wp\/v2\/posts\/204782\/revisions"}],"predecessor-version":[{"id":204790,"href":"http:\/\/wordpress.gurbuz.net\/index.php?rest_route=\/wp\/v2\/posts\/204782\/revisions\/204790"}],"wp:attachment":[{"href":"http:\/\/wordpress.gurbuz.net\/index.php?rest_route=%2Fwp%2Fv2%2Fmedia&parent=204782"}],"wp:term":[{"taxonomy":"category","embeddable":true,"href":"http:\/\/wordpress.gurbuz.net\/index.php?rest_route=%2Fwp%2Fv2%2Fcategories&post=204782"},{"taxonomy":"post_tag","embeddable":true,"href":"http:\/\/wordpress.gurbuz.net\/index.php?rest_route=%2Fwp%2Fv2%2Ftags&post=204782"}],"curies":[{"name":"wp","href":"https:\/\/api.w.org\/{rel}","templated":true}]}}