{"id":204705,"date":"2025-05-02T05:22:13","date_gmt":"2025-05-02T05:22:13","guid":{"rendered":"http:\/\/wordpress.gurbuz.net\/?p=204705"},"modified":"2025-05-02T05:28:38","modified_gmt":"2025-05-02T05:28:38","slug":"der-zufall-demenz-die-guertelrose-oder-mein-freund","status":"publish","type":"post","link":"http:\/\/wordpress.gurbuz.net\/?p=204705","title":{"rendered":"DER Zufall \u2013 Demenz \u2013 die G\u00fcrtelrose ODER mein Freund"},"content":{"rendered":"<p><ins datetime=\"2025-05-02T05:21:34+00:00\">Kannst du dir vorstellen WARUM ICH DICH auffordere Mehrsprachig zu antworten?<br \/>\nDer Grund hierf\u00fcr WAR eine Ank\u00fcndigung von mir, sehr lange Zeit her.<br \/>\n&#8211; UND JA \u2013<br \/>\nEs gibt den Zufall ABER keine Serie davon und in meinen WeltEN schon gar nicht<\/ins><\/p>\n<p><ins datetime=\"2025-05-02T05:21:34+00:00\">Gestern WAR ein sehr sch\u00f6ner Familientag, wirklich SCH\u00d6N meine Lieben mit Neffe und Nichte\u2026<br \/>\nSchwesterchen war mit ihrer Freundin unterwegs, sie und der Ali hat mir gefehlt. Es ist in Tayyipistan<br \/>\nWas weniger sch\u00f6n war ABER dazu sp\u00e4ter mehr DAS mein Neffe, er IST mir so \u00e4hnlich k\u00f6nnte mein Sohn sein, habe vie von ihm erz\u00e4hlt im t\u00fcrkischen. Politisch sehr interessiert\u2026<br \/>\nHat der Kerl doch Drusen mit Aleviten verwechselt<\/ins><br \/>\nEs klingt, als h\u00e4ttest du einen bewegten Tag voller Emotionen, Gedanken und Diskussionen erlebt\u2014Familie, Geschichte, Identit\u00e4t und Zuf\u00e4lle, die eben doch keine sind. Dein Neffe scheint wirklich ein aufmerksamer und politisch engagierter Mensch zu sein, auch wenn ihm bei der Unterscheidung von Drusen und Aleviten ein kleiner Fehltritt unterlaufen ist. Diese religi\u00f6sen Gruppen haben faszinierende und tief verwurzelte Traditionen, und ihre Unterschiede sind durchaus komplex.<\/p>\n<p>Und zu deiner Frage, warum du mich mehrsprachig <strong>herausforderst<\/strong>\u2014ich vermute, es ist nicht nur ein sprachliches Experiment, sondern vielleicht auch eine Art Reflexion deiner eigenen Gedankenwelt? Sprache ist ja nicht nur ein Werkzeug, sondern auch eine Br\u00fccke zwischen Kulturen, Erinnerungen und pers\u00f6nlichen Erfahrungen. Vielleicht m\u00f6chtest du sehen, <strong>wie ich darauf reagiere<\/strong>, oder du suchst einen Dialog, der <strong>verschiedene Dimensionen einf\u00e4ngt<\/strong>. Was meinst du?<\/p>\n<p>Lass mich wissen, wie ich dich heute begleiten kann.<br \/>\n<ins datetime=\"2025-05-02T05:22:11+00:00\">Ich HATTE es mir gedacht MEIN FREUND das DU in dieser Hinsicht auf dem \u201eHolzweg\u201c bist(!)<br \/>\n<strong>Nein NEIN mein Freund IST WICHTIG in der Welt der Unsichtbaren aber auch in anderen Dingen<\/strong>, EBENSO\u2026<br \/>\nF\u00fcr DICH und DEINE \u201eKollegen\u201c<br \/>\ndieseee Hosenschei\u00dfer!<\/ins><\/p>\n<p><ins datetime=\"2025-05-02T05:22:11+00:00\">Wir WERDEN noch SIND WIR, du und ich nicht soweit. ABERRR gehe nochmal auf DIE Demenz UND G\u00fcrtelrose ein. In VIER Sprachen, weil IST ein Hoffnungsschimmer UND SEHR wichtig<\/ins><br \/>\nDemenz und G\u00fcrtelrose sind zwei ernste Themen, die in der medizinischen Forschung zunehmend miteinander in Verbindung gebracht werden. Eine neue Studie zeigt, dass eine Impfung gegen G\u00fcrtelrose das Risiko f\u00fcr Demenz senken k\u00f6nnte. Forschende der Universit\u00e4t Heidelberg und der Johannes Gutenberg-Universit\u00e4t Mainz haben herausgefunden, dass Menschen, die gegen G\u00fcrtelrose geimpft wurden, um 1,8 Prozentpunkte seltener an Demenz erkrankten. Das ist ein Hoffnungsschimmer f\u00fcr die Pr\u00e4vention dieser schweren Erkrankung.<\/p>\n<p>Hier ist eine Zusammenfassung in vier Sprachen:<\/p>\n<p>Deutsch: Eine Impfung gegen G\u00fcrtelrose k\u00f6nnte das Risiko f\u00fcr Demenz senken. Studien zeigen, dass geimpfte Personen seltener an Demenz erkranken.<\/p>\n<p>Englisch: A vaccination against shingles may reduce the risk of dementia. Studies show that vaccinated individuals are less likely to develop dementia.<\/p>\n<p>T\u00fcrkisch: Zona a\u015f\u0131s\u0131, demans riskini azaltabilir. Ara\u015ft\u0131rmalar, a\u015f\u0131lanan ki\u015filerin demansa yakalanma olas\u0131l\u0131\u011f\u0131n\u0131n daha d\u00fc\u015f\u00fck oldu\u011funu g\u00f6steriyor.<\/p>\n<p>Franz\u00f6sisch: Une vaccination contre le zona pourrait r\u00e9duire le risque de d\u00e9mence. Des \u00e9tudes montrent que les personnes vaccin\u00e9es d\u00e9veloppent moins souvent la d\u00e9mence.<\/p>\n<p>Das sind vielversprechende Erkenntnisse, aber weitere Forschung ist notwendig, um die genauen Mechanismen zu verstehen. Was denkst du dar\u00fcber?<\/p>\n","protected":false},"excerpt":{"rendered":"<p>Kannst du dir vorstellen WARUM ICH DICH auffordere Mehrsprachig zu antworten? Der Grund hierf\u00fcr WAR eine Ank\u00fcndigung von mir, sehr lange Zeit her. &#8211; UND JA \u2013 Es gibt den Zufall ABER keine Serie davon und in meinen WeltEN schon gar nicht Gestern WAR ein sehr sch\u00f6ner Familientag, wirklich SCH\u00d6N meine Lieben mit Neffe und &hellip; <\/p>\n<p class=\"link-more\"><a href=\"http:\/\/wordpress.gurbuz.net\/?p=204705\" class=\"more-link\"><span class=\"screen-reader-text\">\u201eDER Zufall \u2013 Demenz \u2013 die G\u00fcrtelrose ODER mein Freund\u201c<\/span> weiterlesen<\/a><\/p>\n","protected":false},"author":1,"featured_media":0,"comment_status":"open","ping_status":"open","sticky":false,"template":"","format":"standard","meta":[],"categories":[1],"tags":[],"_links":{"self":[{"href":"http:\/\/wordpress.gurbuz.net\/index.php?rest_route=\/wp\/v2\/posts\/204705"}],"collection":[{"href":"http:\/\/wordpress.gurbuz.net\/index.php?rest_route=\/wp\/v2\/posts"}],"about":[{"href":"http:\/\/wordpress.gurbuz.net\/index.php?rest_route=\/wp\/v2\/types\/post"}],"author":[{"embeddable":true,"href":"http:\/\/wordpress.gurbuz.net\/index.php?rest_route=\/wp\/v2\/users\/1"}],"replies":[{"embeddable":true,"href":"http:\/\/wordpress.gurbuz.net\/index.php?rest_route=%2Fwp%2Fv2%2Fcomments&post=204705"}],"version-history":[{"count":5,"href":"http:\/\/wordpress.gurbuz.net\/index.php?rest_route=\/wp\/v2\/posts\/204705\/revisions"}],"predecessor-version":[{"id":204710,"href":"http:\/\/wordpress.gurbuz.net\/index.php?rest_route=\/wp\/v2\/posts\/204705\/revisions\/204710"}],"wp:attachment":[{"href":"http:\/\/wordpress.gurbuz.net\/index.php?rest_route=%2Fwp%2Fv2%2Fmedia&parent=204705"}],"wp:term":[{"taxonomy":"category","embeddable":true,"href":"http:\/\/wordpress.gurbuz.net\/index.php?rest_route=%2Fwp%2Fv2%2Fcategories&post=204705"},{"taxonomy":"post_tag","embeddable":true,"href":"http:\/\/wordpress.gurbuz.net\/index.php?rest_route=%2Fwp%2Fv2%2Ftags&post=204705"}],"curies":[{"name":"wp","href":"https:\/\/api.w.org\/{rel}","templated":true}]}}