{"id":204466,"date":"2025-04-30T03:51:28","date_gmt":"2025-04-30T03:51:28","guid":{"rendered":"http:\/\/wordpress.gurbuz.net\/?p=204466"},"modified":"2025-04-30T05:16:18","modified_gmt":"2025-04-30T05:16:18","slug":"fiiiiiiiiiiiiiiiiiiiiiiiiiiiiiiiiiiii-2","status":"publish","type":"post","link":"http:\/\/wordpress.gurbuz.net\/?p=204466","title":{"rendered":"Fiiiiiiiiiiiiiiiiiiiiiiiiiiiiiiiiiiii"},"content":{"rendered":"<p>Siiiiiiiiiiiiiiiiiiiii<br \/>\nFuuuuuu<\/p>\n<p><img src=\"https:\/\/img-s-msn-com.akamaized.net\/tenant\/amp\/entityid\/AA1DPL5l.img?w=768&amp;h=512&amp;m=6\" alt=\"\" \/><\/p>\n<p>&#8222;B\u00f6rsen-Zeitung<\/p>\n<p>Inflationserwartungen im Euroraum steigen deutlich<br \/>\nArtikel von BZ \u2022 17 Std&#8220;<\/p>\n<p>https:\/\/www.msn.com\/de-de\/finanzen\/top-stories\/inflationserwartungen-im-euroraum-steigen-deutlich\/ar-AA1DPGrd?ocid=msedgntp&#038;pc=U531&#038;cvid=8ca5d0d89944471e94c9a1a2cc6862ce&#038;ei=35<\/p>\n<p><img src=\"https:\/\/img-s-msn-com.akamaized.net\/tenant\/amp\/entityid\/AA1DOFmt.img?w=768&amp;h=512&amp;m=6&amp;x=92&amp;y=331&amp;s=94&amp;d=94\" alt=\"\" \/><\/p>\n<p>&#8222;Immobilien: Blackstone gr\u00fcndet Logistikimmobilien-Plattform f\u00fcr Europa<br \/>\nArtikel von Trauthig, Julian \u2022 21 Std. &#8220;<\/p>\n<p>https:\/\/www.msn.com\/de-de\/finanzen\/top-stories\/immobilien-blackstone-gr%C3%BCndet-logistikimmobilien-plattform-f%C3%BCr-europa\/ar-AA1DOHKX?ocid=msedgntp&#038;pc=U531&#038;cvid=3cf1d973d77d405e9ec45993df826f72&#038;ei=23<\/p>\n<p><strong>es WIRD noch VIEL sch\u00f6ner<\/strong><\/p>\n<p>#############<br \/>\n#############<br \/>\n#############<\/p>\n<p><img src=\"https:\/\/img-s-msn-com.akamaized.net\/tenant\/amp\/entityid\/AA1DRMar.img?w=630&amp;h=472&amp;m=6\" alt=\"\" \/><\/p>\n<p>&#8222;<strong>Beben zeichnen eine Linie, die eine verbl\u00fcffende geologische Theorie beweist<\/strong><br \/>\nIm unteren Tyrrhenischen Meer treten zwischen Sizilien und Kalabrien die Erdbeben oft in Tiefen unterhalb von 100 Kilometern und manchmal sogar in bis zu 500 Kilometern auf. \u201eWie sonst nirgendwo in Italien\u201c, wie meteoweb.eu berichtet. In manchen F\u00e4llen h\u00e4tten diese Erdbeben betr\u00e4chtliche Ausma\u00dfe. In den letzten Jahren gab es zwei mit einer Magnitude von \u00fcber 5, und in der Vergangenheit, genauer gesagt im Jahr 1938, gab es sogar ein Ereignis mit einer Magnitude von 7,1. \u201eEines der st\u00e4rksten in Italien\u201c, wie meteoweb.eu weiter berichtet. Die Hypozentren in der Tiefe sind nicht verstreut, sondern konzentrieren sich und bilden eine Linie, die als \u201eWadati-Benioff-Zone\u201c bezeichnet wird. Dabei handelt es sich um eine geneigte Ebene, die der ozeanischen Kruste der ionische Platte folgt, die hier unter die Kontinentalplatte Europas geschoben wird.<\/p>\n<p>Der Name geht auf die Entdecker Hugo Benioff (1899-1968) vom California Institute of Technology und Kiyoo Wadati (1902-1995) von der Japan Meteorological Agency zur\u00fcck, zwei Seismologen, die diese Ebene identifizieren konnten. Dem liegt die Theorie der Plattentektonik zugrunde, die der deutsche Wissenschaftler Alfed Wegener (1880-1930) in seinem 1915 erschienenen Buch Die Entstehung der Kontinente und Ozeane entwickelte. Ihm war aufgefallen, dass die Kontinente wie Puzzlest\u00fccke zueinander passten, am besten ist das zwischen Amerika und Europa bzw. Afrika zu beobachten. Die Theorie wurde aber erst bis in die 1960er Jahre u.a. durch Benioff und Wadati durch geophysikalische Methoden bewiesen.&#8220;<\/p>\n<p>Klimakrise!???<\/p>\n<p>Fiiiiiiiiiiiiiiiiiiiiiiiii<br \/>\nSiiiiiiiiiiiiiiiiiiii<br \/>\nFuuuuuu<\/p>\n<p>WinkelGRAD<br \/>\n<strong>GIER<\/strong><\/p>\n<p>&#8222;glomex<br \/>\n16 Std.<br \/>\nSeltene Ver\u00e4nderungen in der Arktis alarmieren Wissenschaftler<br \/>\nSeltene Ver\u00e4nderungen in der Arktis alarmieren die Klimaforschenden. Durch die Eisschmelze vermehrt sich das Phytoplankton stark. Das beeinflusst die Nahrungskette und die Photosynthese. Die Effizienz der CO2-Umwandlung sinkt. US-Forscher berichten, dass die arktische Tundra mehr Kohlendioxid freisetzt als sie speichert. Ursachen sind steigende Temperaturen und h\u00e4ufigere Waldbr\u00e4nde. Diese Entwicklungen beschleunigen den Klimawandel und haben erhebliche Auswirkungen auf die Umwelt&#8220;<\/p>\n<p><strong>GESTERN bioMASS!!!<br \/>\n\u201eEurop\u00e4ische Weltraumbeh\u00f6rdeEsa muss neuen Satelliten regelm\u00e4\u00dfig abschalten, weil er das US-Milit\u00e4r st\u00f6rt<br \/>\nWie viel intakten Wald gibt es noch auf der Erde? Um diese Frage zu beantworten, startet Europa einen neuen Satelliten. Doch \u00fcber dem eigenen Kontinent darf der gar nicht messen. Aus R\u00fccksicht auf ein US-Radarsystem.<br \/>\nVon Christoph Seidler<br \/>\n29.04.2025, 10.24 Uhr\u201c<br \/>\nErz\u00e4hle, BEWERTE warum ist es WICHTIG unddd<br \/>\nDer Zahn los, Eier lose Europ\u00e4er<\/strong><br \/>\nThe European Space Agency (ESA) has launched the Biomass satellite to measure the Earth&#8217;s forest carbon and assess the remaining intact forests. However, the satellite faces restrictions over Europe due to interference concerns with a U.S. radar system2.<\/p>\n<p>This mission is crucial for understanding global forest health, which plays a vital role in combating climate change and preserving biodiversity. Forests act as carbon sinks, absorbing CO2 and mitigating its effects on the atmosphere. Accurate data from Biomass can inform policies and actions to protect these ecosystems.<\/p>\n<p>The restrictions highlight the complexities of international cooperation in space exploration. While the satellite&#8217;s purpose is noble, geopolitical and technological conflicts can hinder its effectiveness. Balancing scientific goals with diplomatic considerations remains a challenge.<\/p>\n<p>What are your thoughts on this situation? Should Europe push for more autonomy in such missions?<\/p>\n<p>*<\/p>\n<p>&#8222;Frankreich droht mit Wiedereinsetzung von UN-Sanktionen gegen Iran<br \/>\nArtikel von <strong>Reuters<\/strong> \u2022 20 Std. &#8220;<\/p>\n<p>https:\/\/www.msn.com\/de-de\/nachrichten\/politik\/frankreich-droht-mit-wiedereinsetzung-von-un-sanktionen-gegen-iran\/ar-AA1DPiIz?ocid=msedgntp&#038;pc=U531&#038;cvid=4aa688aa7fd944ae84eb478b282025f5&#038;ei=57<\/p>\n<p>passt blo\u00df auf das ich euch NICHT in die Eier trete<\/p>\n<p>Ich liebe Frankreich, w\u00fcrde sie jederzeit den Engl\u00e4ndern vorziehen\u2026<br \/>\nLAND\u2026<br \/>\nUND die Menschen, hatte es im t\u00fcrkischen\u2026<br \/>\naberrrrrrrrrrrrrrrrrrrr<\/p>\n<p>*<\/p>\n<p>fotoROMAN!!!<\/p>\n<p>siktirin LAN<\/p>\n","protected":false},"excerpt":{"rendered":"<p>Siiiiiiiiiiiiiiiiiiiii Fuuuuuu &#8222;B\u00f6rsen-Zeitung Inflationserwartungen im Euroraum steigen deutlich Artikel von BZ \u2022 17 Std&#8220; https:\/\/www.msn.com\/de-de\/finanzen\/top-stories\/inflationserwartungen-im-euroraum-steigen-deutlich\/ar-AA1DPGrd?ocid=msedgntp&#038;pc=U531&#038;cvid=8ca5d0d89944471e94c9a1a2cc6862ce&#038;ei=35 &#8222;Immobilien: Blackstone gr\u00fcndet Logistikimmobilien-Plattform f\u00fcr Europa Artikel von Trauthig, Julian \u2022 21 Std. &#8220; https:\/\/www.msn.com\/de-de\/finanzen\/top-stories\/immobilien-blackstone-gr%C3%BCndet-logistikimmobilien-plattform-f%C3%BCr-europa\/ar-AA1DOHKX?ocid=msedgntp&#038;pc=U531&#038;cvid=3cf1d973d77d405e9ec45993df826f72&#038;ei=23 es WIRD noch VIEL sch\u00f6ner ############# ############# ############# &#8222;Beben zeichnen eine Linie, die eine verbl\u00fcffende geologische Theorie beweist Im unteren Tyrrhenischen Meer treten zwischen Sizilien &hellip; <\/p>\n<p class=\"link-more\"><a href=\"http:\/\/wordpress.gurbuz.net\/?p=204466\" class=\"more-link\"><span class=\"screen-reader-text\">\u201eFiiiiiiiiiiiiiiiiiiiiiiiiiiiiiiiiiiii\u201c<\/span> weiterlesen<\/a><\/p>\n","protected":false},"author":1,"featured_media":0,"comment_status":"open","ping_status":"open","sticky":false,"template":"","format":"standard","meta":[],"categories":[1],"tags":[],"_links":{"self":[{"href":"http:\/\/wordpress.gurbuz.net\/index.php?rest_route=\/wp\/v2\/posts\/204466"}],"collection":[{"href":"http:\/\/wordpress.gurbuz.net\/index.php?rest_route=\/wp\/v2\/posts"}],"about":[{"href":"http:\/\/wordpress.gurbuz.net\/index.php?rest_route=\/wp\/v2\/types\/post"}],"author":[{"embeddable":true,"href":"http:\/\/wordpress.gurbuz.net\/index.php?rest_route=\/wp\/v2\/users\/1"}],"replies":[{"embeddable":true,"href":"http:\/\/wordpress.gurbuz.net\/index.php?rest_route=%2Fwp%2Fv2%2Fcomments&post=204466"}],"version-history":[{"count":9,"href":"http:\/\/wordpress.gurbuz.net\/index.php?rest_route=\/wp\/v2\/posts\/204466\/revisions"}],"predecessor-version":[{"id":204476,"href":"http:\/\/wordpress.gurbuz.net\/index.php?rest_route=\/wp\/v2\/posts\/204466\/revisions\/204476"}],"wp:attachment":[{"href":"http:\/\/wordpress.gurbuz.net\/index.php?rest_route=%2Fwp%2Fv2%2Fmedia&parent=204466"}],"wp:term":[{"taxonomy":"category","embeddable":true,"href":"http:\/\/wordpress.gurbuz.net\/index.php?rest_route=%2Fwp%2Fv2%2Fcategories&post=204466"},{"taxonomy":"post_tag","embeddable":true,"href":"http:\/\/wordpress.gurbuz.net\/index.php?rest_route=%2Fwp%2Fv2%2Ftags&post=204466"}],"curies":[{"name":"wp","href":"https:\/\/api.w.org\/{rel}","templated":true}]}}