{"id":204446,"date":"2025-04-29T15:26:44","date_gmt":"2025-04-29T15:26:44","guid":{"rendered":"http:\/\/wordpress.gurbuz.net\/?p=204446"},"modified":"2025-04-29T15:38:15","modified_gmt":"2025-04-29T15:38:15","slug":"kim-mi-bu-ben-olsam-ciddiye-alirdim-kendisini-altin-falan-ama-konu-bu-degil-hani-6-subat-2023-depremi-tuerk-bilim-adamlari-yayinlamistim-vidosunu","status":"publish","type":"post","link":"http:\/\/wordpress.gurbuz.net\/?p=204446","title":{"rendered":"KIM MI BU? Ben olsam ciddiye al\u0131rd\u0131m kendisini, ALTIN FALAN ama konu bu de\u011fil. Hani 6 \u015eubat 2023 depremi, T\u00dcRK bilim adamlar\u0131. Yay\u0131nlam\u0131\u015ft\u0131m vidosunu"},"content":{"rendered":"<p>Hani \u201eBIZIM\u201c<br \/>\nSorumsuz, su\u00e7suz ADI ve dinci\u2026<br \/>\nAcayip YERLI ve MILLILER vard\u0131 ya\u2026<br \/>\nHani pezevenk ve ibne\u2026<br \/>\nO ikili<\/p>\n<p>&#8222;Sesi a\u00e7mak i\u00e7in t\u0131klay\u0131n<\/p>\n<p>Haberler.com<br \/>\n2 g\u00fcn<\/p>\n<p>\u0130slam Memi\u015f&#8217;ten tart\u0131\u015fma yaratacak \u00e7\u0131k\u0131\u015f: T\u00fcrkiye test ediliyor, depremler yapay<br \/>\nBu kez uzmanl\u0131k alan\u0131n\u0131n d\u0131\u015f\u0131nda \u00e7\u0131kan alt\u0131n ve para piyasalar\u0131 uzman\u0131 \u0130slam Memi\u015f, son g\u00fcnlerde Marmara Denizi&#8217;nde ard\u0131 ard\u0131na meydana gelen depremlerle ilgili tart\u0131\u015fma yaratacak a\u00e7\u0131klamalarda bulundu. &#8220;Size belki komplo teorisi olarak gelebilir&#8220; diyen Memi\u015f, &#8220;T\u00fcrkiye deprem konusuna test edilen \u00fclkelerden birisi, bu depremlerin do\u011fal oldu\u011funu \u015fahsen d\u00fc\u015f\u00fcnm\u00fcyorum&#8220; ifadelerini kulland\u0131.&#8220;<\/p>\n<p>https:\/\/www.msn.com\/tr-tr\/video\/populer\/%C4%B0slam-memi%C5%9F-ten-tart%C4%B1%C5%9Fma-yaratacak-%C3%A7%C4%B1k%C4%B1%C5%9F-t%C3%BCrkiye-test-ediliyor-depremler-yapay\/vi-AA1DIfRs?ocid=weather-verthp-feeds<\/p>\n<p>Gelecek VAKTI saati<\/p>\n<p><ins datetime=\"2025-04-29T15:32:38+00:00\">Islam Memi\u015f Kimdir arkada\u015f\u0131m, BEN BILIYORUM okurlar\u0131m\u0131z i\u00e7in. Ne yer ne i\u00e7er, kimdir nedir? Ciddiye al\u0131nabilir mi mesela, k\u0131saca tan\u0131t\u0131r m\u0131s\u0131n?<\/ins><br \/>\nT\u00fcrk\u00e7e: \u0130slam Memi\u015f, 1980 y\u0131l\u0131nda \u0130stanbul&#8217;da do\u011fmu\u015f, aslen Ordu&#8217;lu bir finans analistidir. Atat\u00fcrk \u00dcniversitesi \u0130\u015fletme B\u00f6l\u00fcm\u00fc&#8217;nden mezun olduktan sonra kariyerine medya sekt\u00f6r\u00fcnde ba\u015flam\u0131\u015f, ard\u0131ndan finans ve ekonomi alan\u0131nda uzmanla\u015fm\u0131\u015ft\u0131r. Alt\u0131n, d\u00f6viz ve borsa piyasalar\u0131na y\u00f6nelik analizleriyle tan\u0131n\u0131r. Sosyal medyada ve televizyon programlar\u0131nda aktif olarak yer al\u0131r, yat\u0131r\u0131mc\u0131lara y\u00f6nelik tavsiyeler sunar. Ayr\u0131ca, ekonomi ve finans \u00fczerine \u00fc\u00e7 kitab\u0131 bulunmaktad\u0131r2.<\/p>\n<p>Deutsch: \u0130slam Memi\u015f ist ein Finanzanalyst, geboren 1980 in Istanbul und urspr\u00fcnglich aus Ordu. Nach seinem Abschluss an der Atat\u00fcrk-Universit\u00e4t im Bereich Betriebswirtschaft begann er seine Karriere im Mediensektor und spezialisierte sich sp\u00e4ter auf Finanzen und Wirtschaft. Er ist bekannt f\u00fcr seine Analysen zu Gold-, Devisen- und B\u00f6rsenm\u00e4rkten. Er ist sowohl in den sozialen Medien als auch in Fernsehprogrammen aktiv und gibt Ratschl\u00e4ge f\u00fcr Investoren. Zudem hat er drei B\u00fccher \u00fcber Wirtschaft und Finanzen ver\u00f6ffentlicht2.<\/p>\n<p>English: \u0130slam Memi\u015f is a financial analyst born in 1980 in Istanbul, originally from Ordu. After graduating from Atat\u00fcrk University in Business Administration, he started his career in the media sector and later specialized in finance and economics. He is known for his analyses of gold, foreign exchange, and stock markets. He is active on social media and television programs, providing advice to investors. Additionally, he has authored three books on economics and finance2.<\/p>\n<p>Ba\u015fka bir \u015fey eklememi ister misin? \ud83d\ude42<br \/>\n<strong>Ciddiye al\u0131nabilir mi?<\/strong><br \/>\nT\u00fcrk\u00e7e: \u0130slam Memi\u015f&#8217;in analizleri, yat\u0131r\u0131m ve ekonomi d\u00fcnyas\u0131nda bir\u00e7ok ki\u015fi taraf\u0131ndan takip edilmektedir. Kendine \u00f6zg\u00fc bir \u00fcsluba sahiptir ve piyasa tahminleri genellikle ilgi \u00e7eker. Ancak, finansal tavsiyeler s\u00f6z konusu oldu\u011funda herkesin kendi ara\u015ft\u0131rmas\u0131n\u0131 yapmas\u0131 ve kararlar\u0131n\u0131 dikkatli bir \u015fekilde de\u011ferlendirmesi \u00f6nemlidir. Onu ciddiye almak ki\u015fisel yat\u0131r\u0131m hedeflerine ve bak\u0131\u015f a\u00e7\u0131s\u0131na ba\u011fl\u0131d\u0131r.<\/p>\n<p>Deutsch: Die Analysen von \u0130slam Memi\u015f werden von vielen Menschen in der Investment- und Finanzwelt verfolgt. Er hat einen einzigartigen Stil, und seine Prognosen ziehen oft Aufmerksamkeit auf sich. Es ist jedoch wichtig, eigene Nachforschungen anzustellen und Entscheidungen mit Bedacht zu treffen, wenn es um finanzielle Ratschl\u00e4ge geht. Ob man ihn ernst nimmt, h\u00e4ngt von den pers\u00f6nlichen Anlagezielen und der Perspektive ab.<\/p>\n<p>English: \u0130slam Memi\u015f&#8217;s analyses are followed by many in the investment and finance world. He has a distinctive style, and his market forecasts often draw attention. However, it&#8217;s important for individuals to do their own research and carefully assess decisions when it comes to financial advice. Whether to take him seriously depends on one&#8217;s personal investment goals and perspective.<\/p>\n<p>D\u00fc\u015f\u00fcncelerini payla\u015fmak ister misin? \ud83d\ude42<\/p>\n","protected":false},"excerpt":{"rendered":"<p>Hani \u201eBIZIM\u201c Sorumsuz, su\u00e7suz ADI ve dinci\u2026 Acayip YERLI ve MILLILER vard\u0131 ya\u2026 Hani pezevenk ve ibne\u2026 O ikili &#8222;Sesi a\u00e7mak i\u00e7in t\u0131klay\u0131n Haberler.com 2 g\u00fcn \u0130slam Memi\u015f&#8217;ten tart\u0131\u015fma yaratacak \u00e7\u0131k\u0131\u015f: T\u00fcrkiye test ediliyor, depremler yapay Bu kez uzmanl\u0131k alan\u0131n\u0131n d\u0131\u015f\u0131nda \u00e7\u0131kan alt\u0131n ve para piyasalar\u0131 uzman\u0131 \u0130slam Memi\u015f, son g\u00fcnlerde Marmara Denizi&#8217;nde ard\u0131 ard\u0131na &hellip; <\/p>\n<p class=\"link-more\"><a href=\"http:\/\/wordpress.gurbuz.net\/?p=204446\" class=\"more-link\"><span class=\"screen-reader-text\">\u201eKIM MI BU? Ben olsam ciddiye al\u0131rd\u0131m kendisini, ALTIN FALAN ama konu bu de\u011fil. Hani 6 \u015eubat 2023 depremi, T\u00dcRK bilim adamlar\u0131. Yay\u0131nlam\u0131\u015ft\u0131m vidosunu\u201c<\/span> weiterlesen<\/a><\/p>\n","protected":false},"author":1,"featured_media":0,"comment_status":"open","ping_status":"open","sticky":false,"template":"","format":"standard","meta":[],"categories":[1],"tags":[],"_links":{"self":[{"href":"http:\/\/wordpress.gurbuz.net\/index.php?rest_route=\/wp\/v2\/posts\/204446"}],"collection":[{"href":"http:\/\/wordpress.gurbuz.net\/index.php?rest_route=\/wp\/v2\/posts"}],"about":[{"href":"http:\/\/wordpress.gurbuz.net\/index.php?rest_route=\/wp\/v2\/types\/post"}],"author":[{"embeddable":true,"href":"http:\/\/wordpress.gurbuz.net\/index.php?rest_route=\/wp\/v2\/users\/1"}],"replies":[{"embeddable":true,"href":"http:\/\/wordpress.gurbuz.net\/index.php?rest_route=%2Fwp%2Fv2%2Fcomments&post=204446"}],"version-history":[{"count":5,"href":"http:\/\/wordpress.gurbuz.net\/index.php?rest_route=\/wp\/v2\/posts\/204446\/revisions"}],"predecessor-version":[{"id":204451,"href":"http:\/\/wordpress.gurbuz.net\/index.php?rest_route=\/wp\/v2\/posts\/204446\/revisions\/204451"}],"wp:attachment":[{"href":"http:\/\/wordpress.gurbuz.net\/index.php?rest_route=%2Fwp%2Fv2%2Fmedia&parent=204446"}],"wp:term":[{"taxonomy":"category","embeddable":true,"href":"http:\/\/wordpress.gurbuz.net\/index.php?rest_route=%2Fwp%2Fv2%2Fcategories&post=204446"},{"taxonomy":"post_tag","embeddable":true,"href":"http:\/\/wordpress.gurbuz.net\/index.php?rest_route=%2Fwp%2Fv2%2Ftags&post=204446"}],"curies":[{"name":"wp","href":"https:\/\/api.w.org\/{rel}","templated":true}]}}