{"id":203774,"date":"2025-04-24T07:18:38","date_gmt":"2025-04-24T07:18:38","guid":{"rendered":"http:\/\/wordpress.gurbuz.net\/?p=203774"},"modified":"2025-04-24T07:42:39","modified_gmt":"2025-04-24T07:42:39","slug":"globalisierung-abstraktes-denken-kreuz-und-quer","status":"publish","type":"post","link":"http:\/\/wordpress.gurbuz.net\/?p=203774","title":{"rendered":"Globalisierung, abstraktes denken, kreuz und quer?"},"content":{"rendered":"<p><ins datetime=\"2025-04-24T07:17:59+00:00\">Ja!<br \/>\nDas Dorf IST kleiner als Mensch denkt<br \/>\nHeute Morgen DIE \u201eNachrichten\u201c Meinungsmache(!)<br \/>\nDIESE ZimmerFRAU und so weiter<\/ins><br \/>\nDie Gedanken fliegen, kreuzen sich, und verbinden globale Strukturen mit den pers\u00f6nlichen, abstrakten Welten! Deine Worte scheinen eine Reflexion dar\u00fcber zu sein, wie die Welt durch Medien, Politik und t\u00e4gliches Leben beeinflusst wird \u2013 manchmal chaotisch, manchmal synchron.<\/p>\n<p>Die Idee, dass \u201edas Dorf kleiner ist als Mensch denkt\u201c, spricht f\u00fcr die Verbindungen, die Globalisierung geschaffen hat: Wir sind alle n\u00e4her, aber auch durch Nachrichten und Meinungsmache oft verwirrt oder beeinflusst. Du erw\u00e4hnst \u201eDIESE ZimmerFRAU\u201c \u2013 klingt wie ein Symbol f\u00fcr etwas Spezifisches. Ist es ein Sinnbild oder eine reale Person, die in den heutigen Nachrichten eine Rolle spielt?<\/p>\n<p>Ein faszinierender Denkansatz \u2013 hast du vielleicht eine weitere Perspektive oder Gedanken dazu?<br \/>\n<ins datetime=\"2025-04-24T07:18:46+00:00\">eine reale Person, UNSERE Leser haben verstanden MEIN FREUND<\/ins><br \/>\nAh, ich verstehe, es scheint, als ob diese reale Person eine gewisse Bedeutung oder Symbolik in euren Diskussionen oder den Nachrichten tr\u00e4gt. Vielleicht ruft sie eine bestimmte Reaktion, Einsicht oder sogar Emotionen bei euren Lesern hervor. Es ist faszinierend, wie echte Menschen zum Fokuspunkt gr\u00f6\u00dferer Gespr\u00e4che oder kollektiver \u00dcberlegungen werden k\u00f6nnen.<\/p>\n<p>Gibt es bestimmte Aspekte dieser Person oder ihrer Geschichte, die du weiter beleuchten m\u00f6chtest? Oder ist es eher die Dynamik zwischen \u00f6ffentlichen Figuren und den Wahrnehmungen ihrer Beobachter, die dich besch\u00e4ftigt? Teile gerne mehr, mein Freund! \ud83d\ude42<br \/>\n<ins datetime=\"2025-04-24T07:18:46+00:00\">Strak &#8211; Zimmermann<\/ins><br \/>\nMarie-Agnes Strack-Zimmermann ist eine deutsche Politikerin der FDP und derzeit Mitglied des Europ\u00e4ischen Parlaments. Sie ist Vorsitzende des Ausschusses f\u00fcr Sicherheit und Verteidigung und engagiert sich stark in der Verteidigungspolitik sowie in au\u00dfenpolitischen Themen2. Ihre j\u00fcngsten Aussagen beziehen sich auf einen mutma\u00dflichen Friedensplan zwischen den USA und Russland, den sie als \u201eDiktatfrieden\u201c kritisiert hat4. Sie betont die Bedeutung der Unterst\u00fctzung der Ukraine durch die EU, um russische \u00dcbergriffe zu verhindern.<\/p>\n<p>Gibt es einen bestimmten Aspekt ihrer Arbeit oder ihrer Aussagen, den du n\u00e4her betrachten m\u00f6chtest?<\/p>\n<p><iframe loading=\"lazy\" title=\"Andy Williams - Love Story \u2764\" width=\"525\" height=\"295\" src=\"https:\/\/www.youtube.com\/embed\/d-FFAa_aY9M?feature=oembed\" frameborder=\"0\" allow=\"accelerometer; autoplay; clipboard-write; encrypted-media; gyroscope; picture-in-picture; web-share\" referrerpolicy=\"strict-origin-when-cross-origin\" allowfullscreen><\/iframe><\/p>\n<p>wir SIND beide keine Kinder mehr&#8230;<br \/>\nAberrrrrrrrr&#8230;<br \/>\n&#8230;<br \/>\nKENNT KEIN&#8230;<br \/>\nAlter<\/p>\n<p>\ud83d\ude42<br \/>\nDanke<\/p>\n<p>Ich wusste es schon IMMER was du mir sagen willst\u2026<br \/>\n\u2026<br \/>\nUnd wie IMMER \u201esitze\u201c ich zwischen mehreren St\u00fchlen,<br \/>\nSo\u2026<br \/>\nODER so\u2026<br \/>\nDenke (\u2026)<\/p>\n<p>Ein JEDER Tag der vergeht\u2026<br \/>\nWird es schlimmer<\/p>\n<p>Ein schleichender Tod\u2026<br \/>\nIn super Zeitlupe\u2026<br \/>\n\u2026<br \/>\nVielleicht IST ES verdient<\/p>\n<p>???<\/p>\n<p><strong>Ah almayacaks\u0131n<\/strong><\/p>\n<p><img src=\"http:\/\/www.gurbuz.net\/Yeni\/Screenshot 2025-04-24 093845.jpg\" alt=\"\" \/><\/p>\n<p>bin ICH NICHT war es noch NIE nurrr&#8230;<br \/>\nich MUSS pri\u00b7o\u00b7ri\u00b7sie\u00b7ren<br \/>\nein &#8222;Leben&#8220; zwischen meinen Lieben&#8230;<br \/>\nUnd MEINEN Verantwortungen<\/p>\n<p>Beides&#8230;<br \/>\nzusammen scheint NICHT zu&#8230;<br \/>\nGehen<\/p>\n","protected":false},"excerpt":{"rendered":"<p>Ja! Das Dorf IST kleiner als Mensch denkt Heute Morgen DIE \u201eNachrichten\u201c Meinungsmache(!) DIESE ZimmerFRAU und so weiter Die Gedanken fliegen, kreuzen sich, und verbinden globale Strukturen mit den pers\u00f6nlichen, abstrakten Welten! Deine Worte scheinen eine Reflexion dar\u00fcber zu sein, wie die Welt durch Medien, Politik und t\u00e4gliches Leben beeinflusst wird \u2013 manchmal chaotisch, manchmal &hellip; <\/p>\n<p class=\"link-more\"><a href=\"http:\/\/wordpress.gurbuz.net\/?p=203774\" class=\"more-link\"><span class=\"screen-reader-text\">\u201eGlobalisierung, abstraktes denken, kreuz und quer?\u201c<\/span> weiterlesen<\/a><\/p>\n","protected":false},"author":1,"featured_media":0,"comment_status":"open","ping_status":"open","sticky":false,"template":"","format":"standard","meta":[],"categories":[1],"tags":[],"_links":{"self":[{"href":"http:\/\/wordpress.gurbuz.net\/index.php?rest_route=\/wp\/v2\/posts\/203774"}],"collection":[{"href":"http:\/\/wordpress.gurbuz.net\/index.php?rest_route=\/wp\/v2\/posts"}],"about":[{"href":"http:\/\/wordpress.gurbuz.net\/index.php?rest_route=\/wp\/v2\/types\/post"}],"author":[{"embeddable":true,"href":"http:\/\/wordpress.gurbuz.net\/index.php?rest_route=\/wp\/v2\/users\/1"}],"replies":[{"embeddable":true,"href":"http:\/\/wordpress.gurbuz.net\/index.php?rest_route=%2Fwp%2Fv2%2Fcomments&post=203774"}],"version-history":[{"count":9,"href":"http:\/\/wordpress.gurbuz.net\/index.php?rest_route=\/wp\/v2\/posts\/203774\/revisions"}],"predecessor-version":[{"id":203783,"href":"http:\/\/wordpress.gurbuz.net\/index.php?rest_route=\/wp\/v2\/posts\/203774\/revisions\/203783"}],"wp:attachment":[{"href":"http:\/\/wordpress.gurbuz.net\/index.php?rest_route=%2Fwp%2Fv2%2Fmedia&parent=203774"}],"wp:term":[{"taxonomy":"category","embeddable":true,"href":"http:\/\/wordpress.gurbuz.net\/index.php?rest_route=%2Fwp%2Fv2%2Fcategories&post=203774"},{"taxonomy":"post_tag","embeddable":true,"href":"http:\/\/wordpress.gurbuz.net\/index.php?rest_route=%2Fwp%2Fv2%2Ftags&post=203774"}],"curies":[{"name":"wp","href":"https:\/\/api.w.org\/{rel}","templated":true}]}}