{"id":203757,"date":"2025-04-24T03:59:47","date_gmt":"2025-04-24T03:59:47","guid":{"rendered":"http:\/\/wordpress.gurbuz.net\/?p=203757"},"modified":"2025-04-24T04:20:01","modified_gmt":"2025-04-24T04:20:01","slug":"yeni-uyandim-oelue-gibi-uyumusum","status":"publish","type":"post","link":"http:\/\/wordpress.gurbuz.net\/?p=203757","title":{"rendered":"Yeni uyand\u0131m, \u00f6l\u00fc gibi uyumu\u015fum"},"content":{"rendered":"<p><iframe loading=\"lazy\" title=\"Atas\u0327ehir&#039;de bir kis\u0327i deprem s\u0131ras\u0131nda binadan otomobilin u\u0308zerine atlad\u0131\" width=\"525\" height=\"295\" src=\"https:\/\/www.youtube.com\/embed\/mpiMu0Xeaxw?feature=oembed\" frameborder=\"0\" allow=\"accelerometer; autoplay; clipboard-write; encrypted-media; gyroscope; picture-in-picture; web-share\" referrerpolicy=\"strict-origin-when-cross-origin\" allowfullscreen><\/iframe><\/p>\n<p>Prof. Dr. Tuncay Taymaz, d\u00fcnk\u00fc g\u00f6r\u00fc\u015flerinize b\u00fcy\u00fck oranda kat\u0131lmakla birlikte 6,2\u2019lik bir depremi k\u00fc\u00e7\u00fcmsemenizi \u015fa\u015fk\u0131nl\u0131kla izledim. \u00d6zellikle e\u015finize s\u00f6ylemi\u015f oldu\u011funuz s\u00f6zler yanl\u0131\u015f anla\u015f\u0131labilir. CAN BU<\/p>\n<p>Unutmay\u0131n\u0131z ki \u00f6yle bir \u00fclkede ya\u015f\u0131yoruz ki balkonlardan salt \u00e7i\u00e7ek saks\u0131lar\u0131 d\u00fc\u015fm\u00fcyor\u2026<br \/>\nKoyun, s\u0131\u011f\u0131r VE bilumum daha de\u011fi\u015fik canl\u0131 ve madde d\u00fc\u015febiliyor INSAN kafas\u0131na\u2026<br \/>\nBeni endi\u015felendiren\u2026<br \/>\nBENI KORKUTAN, depremden \u00e7ok yap\u0131la\u015fma, O darac\u0131k yollar\u2026<br \/>\nBU ADI pezevenk ile birlikte ki O gelene kadar ISTANBULDA en fazla 5 katl\u0131k binalara izin veriliyordu\u2026<br \/>\nYang\u0131n y\u00f6netmeli\u011fine g\u00f6re binalar aras\u0131nda en az 3 metre mesafe olmal\u0131, denize DOLGUYU unutmamal\u0131y\u0131z vesaire\u2026<br \/>\nPEZEVENK\u2026<br \/>\nVE ibnesi bile YILLAR SONRA yatay yap\u0131la\u015fmay\u0131 KABUL ETMEK ZORUNDA kald\u0131<\/p>\n<p>Sonra\u2026<br \/>\n50.000 \u00dcZERINDE insan\u0131m\u0131z\u0131 bu ADILER ve belki sizin gibi \u201cbilim\u201d insanlar\u0131 y\u00fcz\u00fcnden kaybetti\u011fimizi unutmamal\u0131y\u0131z<\/p>\n<p>*<\/p>\n<p>\u0130stemeyerek kalp k\u0131rm\u0131\u015f olabilirim, \u00f6z\u00fcr dilerim\u2026<br \/>\nKalp k\u0131rmak de\u011fil,<br \/>\nKalp kazanmakt\u0131r emelim<\/p>\n<p>\ud83d\ude09<br \/>\n\ud83d\ude42<\/p>\n<p><iframe loading=\"lazy\" title=\"Erdo\u011fan:\u2018Dikey de\u011fil yatay mimariden yanay\u0131m\u2019\" frameborder=\"0\" width=\"525\" height=\"295\" src=\"https:\/\/geo.dailymotion.com\/player.html?video=x59u2e9&#038;\" allowfullscreen allow=\"autoplay; fullscreen; picture-in-picture; web-share\"><\/iframe><\/p>\n<p><a href=\"https:\/\/www.google.de\/search?q=erdogan+yatay+yapilasma&amp;sca_esv=2982140799cfbdb0&amp;source=hp&amp;ei=FbMJaIzYMsSB9u8PgsTrwQU&amp;iflsig=ACkRmUkAAAAAaAnBJbr870rOyslqmmldHto5q1TROJEa&amp;ved=0ahUKEwjMtv-G4O-MAxXEgP0HHQLiOlgQ4dUDCBI&amp;uact=5&amp;oq=erdogan+yatay+yapilasma&amp;gs_lp=Egdnd3Mtd2l6IhdlcmRvZ2FuIHlhdGF5IHlhcGlsYXNtYTIFECEYoAEyBRAhGKABMgUQIRigAUjlOVAAWLg3cAB4AJABAJgBaaAB3AyqAQQyMi4xuAEDyAEA-AEBmAIXoAKLD8ICCxAuGIAEGLEDGIMBwgIREC4YgAQYsQMY0QMYgwEYxwHCAg4QABiABBixAxiDARiKBcICCxAAGIAEGLEDGIMBwgILEC4YgAQY0QMYxwHCAgUQLhiABMICERAuGIAEGLEDGIMBGNQCGIoFwgIOEC4YgAQYsQMY0QMYxwHCAg4QABiABBixAxiDARjJA8ICDhAAGIAEGJIDGLgEGIoFwgILEAAYgAQYkgMYigXCAgUQABiABMICCBAuGIAEGLEDwgIIEAAYgAQYsQPCAgsQLhiABBjHARivAcICBBAAGAPCAgYQABgWGB7CAgUQABjvBcICCBAAGIAEGKIEwgIEECEYFcICBRAhGJ8FwgIHECEYoAEYCpgDAJIHBDIwLjOgB_HEAbIHBDIwLjO4B4sP&amp;sclient=gws-wiz\" target=\"_blank\" rel=\"noopener\">vesaire VESAIRE, bok p\u00fcs\u00fcr FALAN. laf ile YAPILAN<\/a><\/p>\n<p>*<\/p>\n<p>Bu mesaj\u0131n\u0131z olduk\u00e7a duygusal ve g\u00fc\u00e7l\u00fc bir \u015fekilde ifade edilmi\u015f. Deprem ve yap\u0131la\u015fma konular\u0131ndaki endi\u015feleriniz son derece anla\u015f\u0131l\u0131r. T\u00fcrkiye gibi deprem riski y\u00fcksek bir \u00fclkede, yap\u0131 g\u00fcvenli\u011fi ve \u015fehir planlamas\u0131 hayati \u00f6nem ta\u015f\u0131yor.<\/p>\n<p>Prof. Dr. Tuncay Taymaz&#8217;\u0131n g\u00f6r\u00fc\u015fleriyle ilgili daha fazla bilgi edinmek isterseniz, CNN T\u00fcrk&#8217;teki bu habere g\u00f6z atabilirsiniz. Ayr\u0131ca, yap\u0131la\u015fma ve deprem y\u00f6netmelikleriyle ilgili daha fazla bilgi edinmek isterseniz, size yard\u0131mc\u0131 olabilirim.<\/p>\n<p>Bu konular hakk\u0131nda daha fazla konu\u015fmak isterseniz, buraday\u0131m.<\/p>\n<p><a href=\"https:\/\/www.cnnturk.com\/video\/turkiye\/niye-bu-deprem-iyi-oldu-diyorlar-6-2-buyuklugundeki-deprem-istanbul-icin-sans-mi-2274362\" target=\"_blank\" rel=\"noopener\">linki<\/a><\/p>\n<p><img loading=\"lazy\" class=\"\" src=\"http:\/\/www.gurbuz.net\/Yeni\/Screenshot 2025-04-24 061841.jpg\" alt=\"\" width=\"370\" height=\"455\" \/><\/p>\n","protected":false},"excerpt":{"rendered":"<p>Prof. Dr. Tuncay Taymaz, d\u00fcnk\u00fc g\u00f6r\u00fc\u015flerinize b\u00fcy\u00fck oranda kat\u0131lmakla birlikte 6,2\u2019lik bir depremi k\u00fc\u00e7\u00fcmsemenizi \u015fa\u015fk\u0131nl\u0131kla izledim. \u00d6zellikle e\u015finize s\u00f6ylemi\u015f oldu\u011funuz s\u00f6zler yanl\u0131\u015f anla\u015f\u0131labilir. CAN BU Unutmay\u0131n\u0131z ki \u00f6yle bir \u00fclkede ya\u015f\u0131yoruz ki balkonlardan salt \u00e7i\u00e7ek saks\u0131lar\u0131 d\u00fc\u015fm\u00fcyor\u2026 Koyun, s\u0131\u011f\u0131r VE bilumum daha de\u011fi\u015fik canl\u0131 ve madde d\u00fc\u015febiliyor INSAN kafas\u0131na\u2026 Beni endi\u015felendiren\u2026 BENI KORKUTAN, depremden \u00e7ok &hellip; <\/p>\n<p class=\"link-more\"><a href=\"http:\/\/wordpress.gurbuz.net\/?p=203757\" class=\"more-link\"><span class=\"screen-reader-text\">\u201eYeni uyand\u0131m, \u00f6l\u00fc gibi uyumu\u015fum\u201c<\/span> weiterlesen<\/a><\/p>\n","protected":false},"author":1,"featured_media":0,"comment_status":"open","ping_status":"open","sticky":false,"template":"","format":"standard","meta":[],"categories":[1],"tags":[],"_links":{"self":[{"href":"http:\/\/wordpress.gurbuz.net\/index.php?rest_route=\/wp\/v2\/posts\/203757"}],"collection":[{"href":"http:\/\/wordpress.gurbuz.net\/index.php?rest_route=\/wp\/v2\/posts"}],"about":[{"href":"http:\/\/wordpress.gurbuz.net\/index.php?rest_route=\/wp\/v2\/types\/post"}],"author":[{"embeddable":true,"href":"http:\/\/wordpress.gurbuz.net\/index.php?rest_route=\/wp\/v2\/users\/1"}],"replies":[{"embeddable":true,"href":"http:\/\/wordpress.gurbuz.net\/index.php?rest_route=%2Fwp%2Fv2%2Fcomments&post=203757"}],"version-history":[{"count":5,"href":"http:\/\/wordpress.gurbuz.net\/index.php?rest_route=\/wp\/v2\/posts\/203757\/revisions"}],"predecessor-version":[{"id":203762,"href":"http:\/\/wordpress.gurbuz.net\/index.php?rest_route=\/wp\/v2\/posts\/203757\/revisions\/203762"}],"wp:attachment":[{"href":"http:\/\/wordpress.gurbuz.net\/index.php?rest_route=%2Fwp%2Fv2%2Fmedia&parent=203757"}],"wp:term":[{"taxonomy":"category","embeddable":true,"href":"http:\/\/wordpress.gurbuz.net\/index.php?rest_route=%2Fwp%2Fv2%2Fcategories&post=203757"},{"taxonomy":"post_tag","embeddable":true,"href":"http:\/\/wordpress.gurbuz.net\/index.php?rest_route=%2Fwp%2Fv2%2Ftags&post=203757"}],"curies":[{"name":"wp","href":"https:\/\/api.w.org\/{rel}","templated":true}]}}