{"id":203738,"date":"2025-04-23T18:07:58","date_gmt":"2025-04-23T18:07:58","guid":{"rendered":"http:\/\/wordpress.gurbuz.net\/?p=203738"},"modified":"2025-04-23T18:20:55","modified_gmt":"2025-04-23T18:20:55","slug":"wer-den-glauben-des-anderen-nicht-respektiert-des-vertreter-tja-was-soll-ich-sagen","status":"publish","type":"post","link":"http:\/\/wordpress.gurbuz.net\/?p=203738","title":{"rendered":"WER den Glauben des anderen NICHT respektiert, des Vertreters \u2026 Tja was soll ich sagen?"},"content":{"rendered":"<p>&#8222;glomex<br \/>\n<strong>2 Std.<\/strong><br \/>\n<strong>Israel l\u00f6scht Beileidsbekundung f\u00fcr Papst Franziskus<\/strong><br \/>\nEs gab viele Beileidsbekundungen und Reuebekundungen f\u00fcr Papst Franziskus, der am Montag, den 21. April um 7:35 Uhr verstorben ist. Mehr als 200.000 Menschen werden zur Beerdigung erwartet, die am Samstag, den 26. April um 10 Uhr im Petersdom in Rom stattfinden wird. Staatsoberh\u00e4upter und f\u00fchrende Politiker der Welt haben ihre Teilnahme an der Beerdigung zugesagt, darunter Donald Trump, Volodymyr Zelensky und Emmanuel Macron. In den letzten Stunden hat das Schweigen Israels jedoch f\u00fcr Kontroversen gesorgt. Weder Premierminister Netanjahu noch Au\u00dfenminister Gideon Sa&#8217;ar haben sich \u00f6ffentlich ge\u00e4u\u00dfert oder Botschaften ver\u00f6ffentlicht. Das Au\u00dfenministerium hatte einen Beitrag auf X, Instagram und Facebook geteilt, der jedoch umgehend gel\u00f6scht wurde. &#8222;Ruhe in Frieden, Papst Franziskus. M\u00f6ge sein Andenken ein Segen sein&#8220;, lautete die Botschaft. Aus dem Ministerium hie\u00df es lediglich, die Nachrichten seien \u201eaus Versehen\u201c gepostet worden. Die Jerusalem Post erkl\u00e4rte das Schweigen mit den j\u00fcngsten Stellungnahmen des Papstes zum Gazastreifen. Der Papst hatte Israel beschuldigt, Kinder zu bombardieren und zu erschie\u00dfen. Papst Franziskus hatte auch das Wort \u201eV\u00f6lkermord\u201c benutzt, um die Ereignisse in Gaza zu beschreiben, was Israel w\u00fctend gemacht hatte. \u201eEinigen Experten zufolge hat das, was in Gaza geschieht, die Merkmale eines V\u00f6lkermordes\u201c, hatte Papst Franziskus gesagt. Die einzige Beileidsbekundung kam von Pr\u00e4sident Isaac Herzog, aber es scheint, dass Israel nicht die Absicht hat, eine Delegation zur Beerdigung des Heiligen Vaters nach Rom zu schicken.&#8220;<\/p>\n<p>https:\/\/www.msn.com\/de-de\/video\/other\/israel-l%C3%B6scht-beileidsbekundung-f%C3%BCr-papst-franziskus\/vi-AA1DtmaH?ocid=msedgntp&#038;pc=U531&#038;cvid=6dc80aae23ad48afb8b75eb6885280e4&#038;ei=33<\/p>\n<p>&#8222;Handelsstreit: USA fordern offenbar von Gro\u00dfbritannien Senkung ihrer Autoz\u00f6lle<br \/>\n7 Std&#8220;<\/p>\n<p>https:\/\/www.msn.com\/de-de\/finanzen\/top-stories\/handelsstreit-usa-fordern-offenbar-von-gro%C3%9Fbritannien-senkung-ihrer-autoz%C3%B6lle\/ar-AA1DrXpi?ocid=msedgntp&#038;pc=U531&#038;cvid=cd1f40eed73b4dee9e3855fcd422ea72&#038;ei=8<\/p>\n<p>##########<br \/>\n##########<\/p>\n<p><img src=\"https:\/\/img-s-msn-com.akamaized.net\/tenant\/amp\/entityid\/AA1DtbVc.img?w=768&#038;h=432&#038;m=6&#038;x=388&#038;y=86&#038;s=1434&#038;d=640\" alt=\"\" \/><\/p>\n<p>&#8222;Jordanien verbietet islamistische <strong>Muslimbruderschaft<\/strong><br \/>\n2 Std. &#8220;<\/p>\n<p>https:\/\/www.msn.com\/de-de\/nachrichten\/politik\/jordanien-verbietet-islamistische-muslimbruderschaft\/ar-AA1DtfSs?ocid=msedgntp&#038;pc=U531&#038;cvid=edaf0f086ebb4f3c88a19a599c07cc61&#038;ei=4<\/p>\n<p>&#8222;Erdogan-Nachfolger? Sohn dementiert \u2013 \u201eHabe keine politischen Ambitionen\u201c<br \/>\nArtikel von Erkan Pehlivan \u2022 1Tage&#8220;<\/p>\n<p>https:\/\/www.msn.com\/de-de\/nachrichten\/politik\/erdogan-nachfolger-sohn-dementiert-habe-keine-politischen-ambitionen\/ar-AA1Dpe3x?ocid=msedgntp&#038;pc=U531&#038;cvid=7e2b9b0d5bc343cc9694f52ba9322c10&#038;ei=31<\/p>\n<p><strong>mein RESPEKT<\/strong><\/p>\n<p>&#8222;Lieferungen an die T\u00fcrkei: <strong>Erdogan-Gegner Imamoglu fordert Eurofighter-Ja von Deutschland<\/strong><br \/>\nArtikel von Erkan Pehlivan \u2022 13 Std&#8220;<\/p>\n<p>https:\/\/www.msn.com\/de-de\/nachrichten\/politik\/lieferungen-an-die-t%C3%BCrkei-erdogan-gegner-imamoglu-fordert-eurofighter-ja-von-deutschland\/ar-AA1DqIph?ocid=msedgntp&#038;pc=U531&#038;cvid=ce85f4734a764e1390b995f284a081c3&#038;ei=10<\/p>\n<p><strong>\u00d6NCE VATAN<\/strong><\/p>\n","protected":false},"excerpt":{"rendered":"<p>&#8222;glomex 2 Std. Israel l\u00f6scht Beileidsbekundung f\u00fcr Papst Franziskus Es gab viele Beileidsbekundungen und Reuebekundungen f\u00fcr Papst Franziskus, der am Montag, den 21. April um 7:35 Uhr verstorben ist. Mehr als 200.000 Menschen werden zur Beerdigung erwartet, die am Samstag, den 26. April um 10 Uhr im Petersdom in Rom stattfinden wird. Staatsoberh\u00e4upter und f\u00fchrende &hellip; <\/p>\n<p class=\"link-more\"><a href=\"http:\/\/wordpress.gurbuz.net\/?p=203738\" class=\"more-link\"><span class=\"screen-reader-text\">\u201eWER den Glauben des anderen NICHT respektiert, des Vertreters \u2026 Tja was soll ich sagen?\u201c<\/span> weiterlesen<\/a><\/p>\n","protected":false},"author":1,"featured_media":0,"comment_status":"open","ping_status":"open","sticky":false,"template":"","format":"standard","meta":[],"categories":[1],"tags":[],"_links":{"self":[{"href":"http:\/\/wordpress.gurbuz.net\/index.php?rest_route=\/wp\/v2\/posts\/203738"}],"collection":[{"href":"http:\/\/wordpress.gurbuz.net\/index.php?rest_route=\/wp\/v2\/posts"}],"about":[{"href":"http:\/\/wordpress.gurbuz.net\/index.php?rest_route=\/wp\/v2\/types\/post"}],"author":[{"embeddable":true,"href":"http:\/\/wordpress.gurbuz.net\/index.php?rest_route=\/wp\/v2\/users\/1"}],"replies":[{"embeddable":true,"href":"http:\/\/wordpress.gurbuz.net\/index.php?rest_route=%2Fwp%2Fv2%2Fcomments&post=203738"}],"version-history":[{"count":6,"href":"http:\/\/wordpress.gurbuz.net\/index.php?rest_route=\/wp\/v2\/posts\/203738\/revisions"}],"predecessor-version":[{"id":203744,"href":"http:\/\/wordpress.gurbuz.net\/index.php?rest_route=\/wp\/v2\/posts\/203738\/revisions\/203744"}],"wp:attachment":[{"href":"http:\/\/wordpress.gurbuz.net\/index.php?rest_route=%2Fwp%2Fv2%2Fmedia&parent=203738"}],"wp:term":[{"taxonomy":"category","embeddable":true,"href":"http:\/\/wordpress.gurbuz.net\/index.php?rest_route=%2Fwp%2Fv2%2Fcategories&post=203738"},{"taxonomy":"post_tag","embeddable":true,"href":"http:\/\/wordpress.gurbuz.net\/index.php?rest_route=%2Fwp%2Fv2%2Ftags&post=203738"}],"curies":[{"name":"wp","href":"https:\/\/api.w.org\/{rel}","templated":true}]}}