{"id":203491,"date":"2025-04-21T17:37:19","date_gmt":"2025-04-21T17:37:19","guid":{"rendered":"http:\/\/wordpress.gurbuz.net\/?p=203491"},"modified":"2025-04-21T17:57:33","modified_gmt":"2025-04-21T17:57:33","slug":"sokturmayin","status":"publish","type":"post","link":"http:\/\/wordpress.gurbuz.net\/?p=203491","title":{"rendered":"SOKTURMAYIN"},"content":{"rendered":"<p><iframe loading=\"lazy\" title=\"Ali Aksoy - Altaylardan Tunaya\" width=\"525\" height=\"295\" src=\"https:\/\/www.youtube.com\/embed\/_UIkU0QlNN8?feature=oembed\" frameborder=\"0\" allow=\"accelerometer; autoplay; clipboard-write; encrypted-media; gyroscope; picture-in-picture; web-share\" referrerpolicy=\"strict-origin-when-cross-origin\" allowfullscreen><\/iframe><\/p>\n<p>\u00dclk\u00fcn\u00fcze&#8230;<br \/>\nBIR\u2026<br \/>\nT\u00fcr milliyet\u00e7ilik\u2026<br \/>\nVatanperverlik bilirim\u2026<br \/>\nO da\u2026<br \/>\nGazi Mustafa Kemal ulusalc\u0131l\u0131\u011f\u0131d\u0131r\u2026<br \/>\nAnlatm\u0131\u015f\u0131md\u0131r OK meselesini\u2026<br \/>\nBir OKU KOLAY KIRARSIN\u2026<br \/>\nAma OKLARI asla<\/p>\n<p>G.t KILLI milliyet\u00e7ileri, S\u00d6ZDE dindar\u2026<br \/>\n\u00d6ZDE dinciler sizi<\/p>\n<p><img loading=\"lazy\" class=\"\" src=\"https:\/\/yeditepehastaneleri.com\/sites\/default\/files\/styles\/blog_detay_gorsel_600x500_\/public\/blog\/2023-10\/aort_anevrizmas%C4%B1_nedir.jpg.webp?itok=1XVs2u8A\" alt=\"\" width=\"397\" height=\"266\" \/><\/p>\n<p><ins datetime=\"2025-04-21T17:50:07+00:00\">S\u0131rr\u0131 S\u00fcreyya \u00d6nder*,<br \/>\nGe\u00e7mi\u015f olsun, 12 saat s\u00fcrm\u00fc\u015f ameliyat\u0131\u2026<br \/>\nDo\u011fru olan\u0131 g\u00f6r\u00fcp, do\u011fru olan i\u00e7in m\u00fccadele etmek\u2026<br \/>\nNe kul ne Allah kat\u0131nda yanl\u0131\u015f OLAMAZ.<\/ins><\/p>\n<p><ins datetime=\"2025-04-21T17:50:07+00:00\">Aort Anevrizmas\u0131<br \/>\n\u2026<br \/>\nOnda \u201cpatlam\u0131\u015f\u201d<br \/>\nDostum bu t\u00fcr ameliyat \u201cnormalinde\u201d \u00f6nden, yani g\u00f6\u011f\u00fcsten yap\u0131l\u0131r\u2026<br \/>\nYan\u0131l\u0131yorsam d\u00fczelt l\u00fctfen, bende patlamam\u0131\u015ft\u0131 ama \u00e7ap\u0131 8,5 santim civar\u0131ndayd\u0131\u2026<br \/>\n\u00d6yle bir yerde ki O zamanlar sadece \u00fcc doktor ameliyat edebiliyordu beni\u2026<br \/>\nS\u0131rt\u0131mdan\u2026<br \/>\nYeni saat \u00fczeri s\u00fcrm\u00fc\u015ft\u00fc, ameliyat izi\u2026<br \/>\nYar\u0131m metre<\/ins><\/p>\n<p><ins datetime=\"2025-04-21T17:50:07+00:00\">* S\u0131rr\u0131 S\u00fcreyya \u00d6nder, 1962 y\u0131l\u0131nda Ad\u0131yaman ilinin merkez il\u00e7esinde, <strong>T\u00fcrkmen k\u00f6kenli bir ailenin \u00e7ocu\u011fu olarak d\u00fcnyaya gelmi\u015ftir.<\/strong><br \/>\n\u00d6zbe\u00f6z t\u00fcrk\u00fcm <\/ins><\/p>\n<p>S\u0131rr\u0131 S\u00fcreyya \u00d6nder\u2019in ge\u00e7irdi\u011fi 12 saatlik zorlu ameliyat ger\u00e7ekten b\u00fcy\u00fck bir m\u00fccadele olmu\u015f. Kendisi aort diseksiyonu ve kalp krizi nedeniyle acil olarak ameliyata al\u0131nm\u0131\u015f ve operasyon s\u0131ras\u0131nda kalbi iki kez durmu\u015f. Doktorlar, aort kapa\u011f\u0131n\u0131 de\u011fi\u015ftirmi\u015f, koroner bypass yapm\u0131\u015f ve t\u00fcm aort boyunca greftleme i\u015flemi ger\u00e7ekle\u015ftirmi\u015fler. \u015eu anda yo\u011fun bak\u0131mda ve durumu kritik3.<\/p>\n<p>Senin ya\u015fad\u0131\u011f\u0131n s\u00fcre\u00e7 de olduk\u00e7a zorluymu\u015f. 8,5 santimlik bir anevrizma ciddi bir risk ta\u015f\u0131yor. Normalde bu t\u00fcr ameliyatlar g\u00f6\u011f\u00fcsten yap\u0131l\u0131rken, senin durumunda s\u0131rttan yap\u0131lmas\u0131 \u00f6zel bir cerrahi gerektirmi\u015f olmal\u0131. Ameliyat izinin yar\u0131m metre olmas\u0131 da operasyonun b\u00fcy\u00fckl\u00fc\u011f\u00fcn\u00fc g\u00f6steriyor.<\/p>\n<p>B\u00f6yle b\u00fcy\u00fck sa\u011fl\u0131k m\u00fccadeleleri insan\u0131n hayata bak\u0131\u015f\u0131n\u0131 de\u011fi\u015ftiriyor. Senin bu s\u00fcreci nas\u0131l atlatt\u0131\u011f\u0131n\u0131 ve sonras\u0131nda nas\u0131l hissetti\u011fini merak ediyorum. Payla\u015fmak istersen buraday\u0131m.<\/p>\n<p>&#8222;<strong>Atat\u00fcrk&#8217;\u00fcn amac\u0131 ulusal ve savunulabilir s\u0131n\u0131rlar dahilinde, bir T\u00fcrk ulus-devletini kurmak i\u00e7in T\u00fcrk milliyet\u00e7ili\u011fini \u00f6ne \u00e7\u0131karmakt\u0131. Atat\u00fcrk milliyet\u00e7ili\u011fi din ve \u0131rk ayr\u0131m\u0131ndan uzak, ortak yurtta\u015fl\u0131k temelindedir. Ortak mazi, lisan, ahlak, k\u00fclt\u00fcr ve hukuk T\u00fcrk Milletini olu\u015fturan temellerdir.<\/strong>&#8222;<\/p>\n","protected":false},"excerpt":{"rendered":"<p>\u00dclk\u00fcn\u00fcze&#8230; BIR\u2026 T\u00fcr milliyet\u00e7ilik\u2026 Vatanperverlik bilirim\u2026 O da\u2026 Gazi Mustafa Kemal ulusalc\u0131l\u0131\u011f\u0131d\u0131r\u2026 Anlatm\u0131\u015f\u0131md\u0131r OK meselesini\u2026 Bir OKU KOLAY KIRARSIN\u2026 Ama OKLARI asla G.t KILLI milliyet\u00e7ileri, S\u00d6ZDE dindar\u2026 \u00d6ZDE dinciler sizi S\u0131rr\u0131 S\u00fcreyya \u00d6nder*, Ge\u00e7mi\u015f olsun, 12 saat s\u00fcrm\u00fc\u015f ameliyat\u0131\u2026 Do\u011fru olan\u0131 g\u00f6r\u00fcp, do\u011fru olan i\u00e7in m\u00fccadele etmek\u2026 Ne kul ne Allah kat\u0131nda yanl\u0131\u015f OLAMAZ. Aort &hellip; <\/p>\n<p class=\"link-more\"><a href=\"http:\/\/wordpress.gurbuz.net\/?p=203491\" class=\"more-link\"><span class=\"screen-reader-text\">\u201eSOKTURMAYIN\u201c<\/span> weiterlesen<\/a><\/p>\n","protected":false},"author":1,"featured_media":0,"comment_status":"open","ping_status":"open","sticky":false,"template":"","format":"standard","meta":[],"categories":[1],"tags":[],"_links":{"self":[{"href":"http:\/\/wordpress.gurbuz.net\/index.php?rest_route=\/wp\/v2\/posts\/203491"}],"collection":[{"href":"http:\/\/wordpress.gurbuz.net\/index.php?rest_route=\/wp\/v2\/posts"}],"about":[{"href":"http:\/\/wordpress.gurbuz.net\/index.php?rest_route=\/wp\/v2\/types\/post"}],"author":[{"embeddable":true,"href":"http:\/\/wordpress.gurbuz.net\/index.php?rest_route=\/wp\/v2\/users\/1"}],"replies":[{"embeddable":true,"href":"http:\/\/wordpress.gurbuz.net\/index.php?rest_route=%2Fwp%2Fv2%2Fcomments&post=203491"}],"version-history":[{"count":6,"href":"http:\/\/wordpress.gurbuz.net\/index.php?rest_route=\/wp\/v2\/posts\/203491\/revisions"}],"predecessor-version":[{"id":203497,"href":"http:\/\/wordpress.gurbuz.net\/index.php?rest_route=\/wp\/v2\/posts\/203491\/revisions\/203497"}],"wp:attachment":[{"href":"http:\/\/wordpress.gurbuz.net\/index.php?rest_route=%2Fwp%2Fv2%2Fmedia&parent=203491"}],"wp:term":[{"taxonomy":"category","embeddable":true,"href":"http:\/\/wordpress.gurbuz.net\/index.php?rest_route=%2Fwp%2Fv2%2Fcategories&post=203491"},{"taxonomy":"post_tag","embeddable":true,"href":"http:\/\/wordpress.gurbuz.net\/index.php?rest_route=%2Fwp%2Fv2%2Ftags&post=203491"}],"curies":[{"name":"wp","href":"https:\/\/api.w.org\/{rel}","templated":true}]}}