{"id":203091,"date":"2025-04-18T05:55:54","date_gmt":"2025-04-18T05:55:54","guid":{"rendered":"http:\/\/wordpress.gurbuz.net\/?p=203091"},"modified":"2025-04-18T06:39:23","modified_gmt":"2025-04-18T06:39:23","slug":"203091","status":"publish","type":"post","link":"http:\/\/wordpress.gurbuz.net\/?p=203091","title":{"rendered":"ein kind IST &#8211; ein &#8211; KIND, egal wo auf der Welt"},"content":{"rendered":"<p><img src=\"https:\/\/img-s-msn-com.akamaized.net\/tenant\/amp\/entityid\/AA1D5YhA.img?w=600&amp;h=400&amp;m=6&amp;x=285&amp;y=95&amp;s=176&amp;d=176\" alt=\"\" \/><br \/>\n1485871514_BLD_Online.jpg<br \/>\n\u00a9 APA\/World Press Photo\/S.A. Elouf<\/p>\n<p>&#8222;&#8220;World Press Photo&#8220; des Jahres zeigt Grauen des Gazakrieges<br \/>\n20 Std.<\/p>\n<p>Das &#8222;World Press Photo&#8220; des Jahres 2025 zeigt einen im Gazakrieg verst\u00fcmmelten pal\u00e4stinensischen Buben. Die Jury des renommierten Wettbewerbs w\u00e4hlte das Bild der Fotografin Samar Abu Elouf aus. Es entstand f\u00fcr die &#8222;New York Times&#8220;. Rund 60.000 Aufnahmen von fast 4.000 Fotografen aus aller Welt hatten am Wettbewerb teilgenommen, wie die Jury in Amsterdam mitteilte. Hauptthemen waren Konflikte, Migration und Klimawandel.<\/p>\n<p>Die Pal\u00e4stinenserin Elouf fotografierte den neunj\u00e4hrigen Mahmoud Ajjour, der im M\u00e4rz 2024 auf der Flucht vor einem israelischen Angriff so schwer verletzt wurde, dass beide Arme amputiert werden mussten. Der Bub steht an einem Fenster im Halbschatten, das warme Licht f\u00e4llt auf sein Gesicht und betont seinen melancholischen Gesichtsausdruck. Mahmoud lebt heute in Katar.<\/p>\n<p>&#8222;Krieg, der Auswirkungen f\u00fcr Generationen haben wird&#8220;<\/p>\n<p>&#8222;Es ist ein stilles Foto mit einer lauten Botschaft&#8220;, sagte die Generaldirektorin des Wettbewerbs World Press Photo, Joumana El Zein Khoury. &#8222;Es erz\u00e4hlt die Geschichte eines Jungen, aber auch die eines gr\u00f6\u00dferen Krieges, der Auswirkungen f\u00fcr Generationen haben wird.&#8220; Die Fotografin hatte im Dezember 2023 Gaza verlassen m\u00fcssen und lebt nun in Doha in Katar &#8211; in demselben Wohnkomplex wie Mahmoud. Sie dokumentierte die schweren Verletzungen von Menschen aus dem Gazastreifen.<\/p>\n<p>Mahmoud lerne jetzt mit seinen F\u00fc\u00dfen zu schreiben, zu gamen und T\u00fcren zu \u00f6ffnen, teilte die Jury mit. Er habe einen Traum: &#8222;Er w\u00fcnscht sich Prothesen und will leben, wie jedes andere Kind auch.&#8220; Zu den drei Aufnahmen im Finale geh\u00f6rt ein Foto des US-Fotografen John Moore. Es zeigt chinesische Migranten, die sich an der Grenze der USA zu Mexiko an einem Feuer w\u00e4rmen.<\/p>\n<p>Wie D\u00fcrre das Amazonasgebiet ver\u00e4ndert<\/p>\n<p>Ausgezeichnet wurde auch ein Werk von Musuk Nolte (Peru\/Mexiko) zum Thema D\u00fcrre in der Amazonasregion. Ein junger Mann steht mit Sackerln voller Nahrungsmittel vor einem ausgetrockneten Fluss. Sein Dorf Manacapuru in Brasilien ist nicht l\u00e4nger per Boot erreichbar.<\/p>\n<p>Die Jury zeichnete insgesamt 42 Fotografen in verschiedenen Kategorien aus. Die Siegerfotos sind in Ausstellungen in mehr als 60 St\u00e4dten zu sehen. In Wien gastiert die Schau \u00fcblicherweise im Herbst in der Galerie WestLicht.<\/p>\n<p>(S E R V I C E &#8211; )<\/p>\n<p>(APA\/dpa)&#8220;<\/p>\n<p>https:\/\/www.msn.com\/de-de\/nachrichten\/panorama\/world-press-photo-des-jahres-zeigt-grauen-des-gazakrieges\/ar-AA1D5T7n?ocid=msedgntp&#038;pc=U531&#038;cvid=e2df4292ee924b3eb084772c6e9b5e7d&#038;ei=55<\/p>\n<p><img src=\"https:\/\/img-s-msn-com.akamaized.net\/tenant\/amp\/entityid\/AA1D76xp.img?w=768&amp;h=432&amp;m=6\" alt=\"\" \/><\/p>\n<p>Ganz erhrlich HABE die Schnauze voll von euch,<br \/>\nsooo&#8230;<br \/>\nKANN das NICHT weitergehen<\/p>\n<p>WENN&#8230;<br \/>\nMenschenRECHTE&#8230;<br \/>\nWENN&#8230;<br \/>\nDAS Recht wennn&#8230;<br \/>\nDANN&#8230;<br \/>\n\u00dcberall UND NICHT NUR f\u00fcr DIE ukrainischen Verr\u00e4ter<\/p>\n<p>&#8222;<strong>Frankfurter Allgemeine Zeitung<\/strong><\/p>\n<p>Gazakrieg: Deutschland darf nicht l\u00e4nger schweigen<br \/>\nArtikel von Birgitta Siefker \u2022 15 Std.&#8220;<\/p>\n<p>https:\/\/www.msn.com\/de-de\/nachrichten\/politik\/gazakrieg-deutschland-darf-nicht-l%C3%A4nger-schweigen\/ar-AA1D725j?ocid=msedgntp&#038;pc=U531&#038;cvid=51354c3644454d79b2da36953ddea79a&#038;ei=19<\/p>\n<p>DAS Rind&#8230;<br \/>\nSein KALB&#8230;<br \/>\nFiiiiiiiiiiiiiiiiiiiiiii<br \/>\nSiiiiiiiiiiiiiiiiii<br \/>\nFuuuuu<\/p>\n<p>WUSSTEN\u2026<br \/>\nsie DAS???<br \/>\nwie sollten sie sowas WISSEN K\u00d6NNEN?<\/p>\n<p>Nicht mal ntv\u2026<br \/>\nGestern\u2026<br \/>\nSIND\u2026<br \/>\n10 Menschen <strong>VERBRANT<\/strong> weil\u2026<br \/>\nNetanjahu UND SEINE Hunde eine\u2026<br \/>\nAls \u201eSICHER\u201c deklarierte Zeltstadt angegriffen\u2026<br \/>\nHAT<\/p>\n<p><strong>NEIN, es betriff NICHT NUR \u201edie h\u00e4lfte der Gesellschaft\u201c eigentlich betrifft es UNS ALLE<\/strong><\/p>\n<p>WERDE&#8230;<br \/>\nwann???<\/p>\n<p>sage DOCH&#8230;<br \/>\nDAS Rind&#8230;<br \/>\nSein KALB&#8230;<br \/>\nFiiiiiiiiiiiiiiiiiiiiiii<br \/>\nSiiiiiiiiiiiiiiiiii<br \/>\nFuuuuu<\/p>\n<p><img src=\"https:\/\/img-s-msn-com.akamaized.net\/tenant\/amp\/entityid\/AA1D7rjF.img?w=768&amp;h=367&amp;m=6\" alt=\"\" \/><\/p>\n<p>EINEN Millimeter,<br \/>\nauch NUR&#8230;<br \/>\nEIN HAAR, nur EIN EINZIGES<\/p>\n<p><a href=\"https:\/\/www.dw.com\/de\/was-israels-sicherheitszone-den-menschen-in-gaza-aufb%C3%BCrdet\/a-72260017\" target=\"_blank\" rel=\"noopener\">deutschsprachig NUR das zu finden AUF DIE Schnelle<\/a><\/p>\n<p>und ICH WEI\u00df es gibt SIE&#8230;<br \/>\nDIE Menschen<\/p>\n<p><img src=\"https:\/\/quadro.burda-forward.de\/ctf\/b7bdfe87-325d-43b8-aefe-c0f7a25ac256.a401686d-45a2-420f-8eec-265a9010d816.png?im=RegionOfInterestCrop%3D%28992%2C558%29%2CregionOfInterest%3D%28647%2C476%29&amp;hash=94e4ffaa462c61bdf602566b2870899709d977ab383894eef862f310843dd191\" alt=\"\" \/><\/p>\n<p>&#8222;Dienstag, 15.04.2025, 14:28<\/p>\n<p>350 israelische Autoren fordern ein Ende des Gaza-Kriegs. Israel plant fast im gesamten Gazastreifen gegen die Terrororganisation Hamas vorzugehen. Ein weiteres Gebiet wurde bereits eingenommen. Alle Informationen im Newsticker.&#8220;<\/p>\n<p>https:\/\/www.focus.de\/politik\/ausland\/350-israelische-autoren-stellen-sich-gegen-gaza-krieg_2c98a9a2-4ee0-4c81-bcd5-250ac01c4758.html<\/p>\n<p><img loading=\"lazy\" class=\"\" src=\"http:\/\/www.gurbuz.net\/Yeni\/Screenshot 2025-04-18 083751.jpg\" alt=\"\" width=\"441\" height=\"407\" \/><\/p>\n<p>auch SIE wissen DAS ich ganzzz&#8230;<br \/>\nTIEF KANN<\/p>\n","protected":false},"excerpt":{"rendered":"<p>1485871514_BLD_Online.jpg \u00a9 APA\/World Press Photo\/S.A. Elouf &#8222;&#8220;World Press Photo&#8220; des Jahres zeigt Grauen des Gazakrieges 20 Std. Das &#8222;World Press Photo&#8220; des Jahres 2025 zeigt einen im Gazakrieg verst\u00fcmmelten pal\u00e4stinensischen Buben. Die Jury des renommierten Wettbewerbs w\u00e4hlte das Bild der Fotografin Samar Abu Elouf aus. Es entstand f\u00fcr die &#8222;New York Times&#8220;. Rund 60.000 Aufnahmen &hellip; <\/p>\n<p class=\"link-more\"><a href=\"http:\/\/wordpress.gurbuz.net\/?p=203091\" class=\"more-link\"><span class=\"screen-reader-text\">\u201eein kind IST &#8211; ein &#8211; KIND, egal wo auf der Welt\u201c<\/span> weiterlesen<\/a><\/p>\n","protected":false},"author":1,"featured_media":0,"comment_status":"open","ping_status":"open","sticky":false,"template":"","format":"standard","meta":[],"categories":[1],"tags":[],"_links":{"self":[{"href":"http:\/\/wordpress.gurbuz.net\/index.php?rest_route=\/wp\/v2\/posts\/203091"}],"collection":[{"href":"http:\/\/wordpress.gurbuz.net\/index.php?rest_route=\/wp\/v2\/posts"}],"about":[{"href":"http:\/\/wordpress.gurbuz.net\/index.php?rest_route=\/wp\/v2\/types\/post"}],"author":[{"embeddable":true,"href":"http:\/\/wordpress.gurbuz.net\/index.php?rest_route=\/wp\/v2\/users\/1"}],"replies":[{"embeddable":true,"href":"http:\/\/wordpress.gurbuz.net\/index.php?rest_route=%2Fwp%2Fv2%2Fcomments&post=203091"}],"version-history":[{"count":11,"href":"http:\/\/wordpress.gurbuz.net\/index.php?rest_route=\/wp\/v2\/posts\/203091\/revisions"}],"predecessor-version":[{"id":203102,"href":"http:\/\/wordpress.gurbuz.net\/index.php?rest_route=\/wp\/v2\/posts\/203091\/revisions\/203102"}],"wp:attachment":[{"href":"http:\/\/wordpress.gurbuz.net\/index.php?rest_route=%2Fwp%2Fv2%2Fmedia&parent=203091"}],"wp:term":[{"taxonomy":"category","embeddable":true,"href":"http:\/\/wordpress.gurbuz.net\/index.php?rest_route=%2Fwp%2Fv2%2Fcategories&post=203091"},{"taxonomy":"post_tag","embeddable":true,"href":"http:\/\/wordpress.gurbuz.net\/index.php?rest_route=%2Fwp%2Fv2%2Ftags&post=203091"}],"curies":[{"name":"wp","href":"https:\/\/api.w.org\/{rel}","templated":true}]}}