{"id":202789,"date":"2025-04-13T09:08:09","date_gmt":"2025-04-13T09:08:09","guid":{"rendered":"http:\/\/wordpress.gurbuz.net\/?p=202789"},"modified":"2025-04-13T09:43:32","modified_gmt":"2025-04-13T09:43:32","slug":"202789","status":"publish","type":"post","link":"http:\/\/wordpress.gurbuz.net\/?p=202789","title":{"rendered":"yeni nesil(!) s\u0131\u00e7ar\u0131m B\u00d6YLE yeni neslin baca\u011f\u0131na"},"content":{"rendered":"<p><iframe loading=\"lazy\" title=\"Funda Arar-\u00e7ar\u015fambay\u0131 sel ald\u0131\" width=\"525\" height=\"295\" src=\"https:\/\/www.youtube.com\/embed\/CmuxUR4XO6g?feature=oembed\" frameborder=\"0\" allow=\"accelerometer; autoplay; clipboard-write; encrypted-media; gyroscope; picture-in-picture; web-share\" referrerpolicy=\"strict-origin-when-cross-origin\" allowfullscreen><\/iframe><\/p>\n<p>\u201cBilmiyor musun yeni yeti\u015fenlerin HEPSI b\u00f6yle\u201d<br \/>\nAnnem<\/p>\n<p>Han\u0131m \u00e7ok hasta, ger\u00e7ekten \u00e7ok k\u00f6t\u00fc\u2026<br \/>\nDay\u0131m\u0131n deyimi ile \u201cosuruk hastas\u0131&#8220; de\u011fil&#8230;<br \/>\n\u201c\u00d6nder beni hastaneye g\u00f6t\u00fcr belki bir i\u011fne falan yaparlar\u201d<br \/>\nO\u2026<br \/>\nBilmez mi beni, iki elim kanda olsa. \u00c7\u0131kt\u0131k evden akl\u0131ma geldi\u2026<br \/>\n\u00c7\u00fcnk\u00fc kendim arabaya gidene kadar\u2026<br \/>\nMINNET ETMEM KIMSEYE, hi\u00e7 kimseye minnet bilmem\u2026<br \/>\n&#8230;<br \/>\n\u00c7ocu\u011fu ara O g\u00f6t\u00fcrs\u00fcn seni. <\/p>\n<p><iframe loading=\"lazy\" title=\"Funda Arar - \u0130ki Keklik\" width=\"525\" height=\"394\" src=\"https:\/\/www.youtube.com\/embed\/K8G0bV98iaU?feature=oembed\" frameborder=\"0\" allow=\"accelerometer; autoplay; clipboard-write; encrypted-media; gyroscope; picture-in-picture; web-share\" referrerpolicy=\"strict-origin-when-cross-origin\" allowfullscreen><\/iframe><\/p>\n<p>Geldik kap\u0131n\u0131n \u00f6n\u00fcne\u2026<br \/>\nD\u0131\u015far\u0131da bekliyor, sokakta\u2026<br \/>\nBana do\u011fru y\u00fcr\u00fcmeye ba\u015flad\u0131, sand\u0131m korktu, merakland\u0131\u2026<br \/>\nO\u011flum anneni sen g\u00f6t\u00fcr hastaneye\u2026<br \/>\n\u201cNeden daha \u00f6nce haber vermediniz? Evde misafirim var\u201d<br \/>\nEhhhhhhhhhhhhhhh beynimden a\u015fa\u011f\u0131ya kaynar sular d\u00f6k\u00fcld\u00fc\u2026<br \/>\nOluyor haftalar yeni bir VIR\u00dcS grip t\u00fcr\u00fc\u2026<br \/>\nILK akl\u0131ma O geldi, \u00e7\u00fcnk\u00fc tarif edilen B\u00dcT\u00dcN belirtiler var\u2026<br \/>\nMesuliyetsiz!!!???<br \/>\n\u00d6yle derler kimilerine, ulan evde \u00e2l\u00e2s\u0131 yeti\u015fiyormu\u015f\u2026<br \/>\nTepem att\u0131 tabii b\u0131rakt\u0131m kad\u0131n\u0131 gittim\u2026<br \/>\n\u2026<br \/>\nTelefon etti \u201cBaba annemi Josefe b\u0131rakt\u0131m\u201d<br \/>\nTamam\u2026<br \/>\nHan\u0131m telefon etti biraz \u00f6nce\u2026<br \/>\n\u201cEvden kad\u0131n sesi geliyordu\u201d<br \/>\nYaaaaaaaaaaaa BEN NEREDEN BILEYIM?<br \/>\n\u2026<br \/>\nBin pi\u015fman oldum tabii, beni ara bitti\u011fin zaman\u2026<br \/>\nBen gelip alaca\u011f\u0131m seni<\/p>\n<p>\u00c7\u0131rp\u0131 bacakl\u0131lar s\u00fcr\u00fcs\u00fc\u2026<br \/>\n\u201cAdam\u0131n\u201d ba\u015f\u0131na dertten ba\u015fka bir \u015fey de\u011filler<\/p>\n<p>* Arkada\u015f gurubu sand\u0131m. Kahvalt\u0131ya, yeme\u011fe\u2026<br \/>\n\u00d6ylesine yap\u0131yorlar. Nerden bileyim?<br \/>\nPezevenk i\u015fte<br \/>\n\ud83d\ude42<br \/>\n<strong>G\u00f6n\u00fcl i\u015fleri\u2026<br \/>\nTANRI VERGISI<\/strong><\/p>\n","protected":false},"excerpt":{"rendered":"<p>\u201cBilmiyor musun yeni yeti\u015fenlerin HEPSI b\u00f6yle\u201d Annem Han\u0131m \u00e7ok hasta, ger\u00e7ekten \u00e7ok k\u00f6t\u00fc\u2026 Day\u0131m\u0131n deyimi ile \u201cosuruk hastas\u0131&#8220; de\u011fil&#8230; \u201c\u00d6nder beni hastaneye g\u00f6t\u00fcr belki bir i\u011fne falan yaparlar\u201d O\u2026 Bilmez mi beni, iki elim kanda olsa. \u00c7\u0131kt\u0131k evden akl\u0131ma geldi\u2026 \u00c7\u00fcnk\u00fc kendim arabaya gidene kadar\u2026 MINNET ETMEM KIMSEYE, hi\u00e7 kimseye minnet bilmem\u2026 &#8230; \u00c7ocu\u011fu ara &hellip; <\/p>\n<p class=\"link-more\"><a href=\"http:\/\/wordpress.gurbuz.net\/?p=202789\" class=\"more-link\"><span class=\"screen-reader-text\">\u201eyeni nesil(!) s\u0131\u00e7ar\u0131m B\u00d6YLE yeni neslin baca\u011f\u0131na\u201c<\/span> weiterlesen<\/a><\/p>\n","protected":false},"author":1,"featured_media":0,"comment_status":"open","ping_status":"open","sticky":false,"template":"","format":"standard","meta":[],"categories":[1],"tags":[],"_links":{"self":[{"href":"http:\/\/wordpress.gurbuz.net\/index.php?rest_route=\/wp\/v2\/posts\/202789"}],"collection":[{"href":"http:\/\/wordpress.gurbuz.net\/index.php?rest_route=\/wp\/v2\/posts"}],"about":[{"href":"http:\/\/wordpress.gurbuz.net\/index.php?rest_route=\/wp\/v2\/types\/post"}],"author":[{"embeddable":true,"href":"http:\/\/wordpress.gurbuz.net\/index.php?rest_route=\/wp\/v2\/users\/1"}],"replies":[{"embeddable":true,"href":"http:\/\/wordpress.gurbuz.net\/index.php?rest_route=%2Fwp%2Fv2%2Fcomments&post=202789"}],"version-history":[{"count":9,"href":"http:\/\/wordpress.gurbuz.net\/index.php?rest_route=\/wp\/v2\/posts\/202789\/revisions"}],"predecessor-version":[{"id":202800,"href":"http:\/\/wordpress.gurbuz.net\/index.php?rest_route=\/wp\/v2\/posts\/202789\/revisions\/202800"}],"wp:attachment":[{"href":"http:\/\/wordpress.gurbuz.net\/index.php?rest_route=%2Fwp%2Fv2%2Fmedia&parent=202789"}],"wp:term":[{"taxonomy":"category","embeddable":true,"href":"http:\/\/wordpress.gurbuz.net\/index.php?rest_route=%2Fwp%2Fv2%2Fcategories&post=202789"},{"taxonomy":"post_tag","embeddable":true,"href":"http:\/\/wordpress.gurbuz.net\/index.php?rest_route=%2Fwp%2Fv2%2Ftags&post=202789"}],"curies":[{"name":"wp","href":"https:\/\/api.w.org\/{rel}","templated":true}]}}