{"id":202485,"date":"2025-04-09T13:08:41","date_gmt":"2025-04-09T13:08:41","guid":{"rendered":"http:\/\/wordpress.gurbuz.net\/?p=202485"},"modified":"2025-04-09T15:36:35","modified_gmt":"2025-04-09T15:36:35","slug":"upsss-heyyy-ich-habe-ein-tuerkisches-herz-und-ein-deutsches-aeusseres-es-ist-mein-ding-sich-mit-der-ganzen-welt-anzulegen-besonders-mit-diesen-typen","status":"publish","type":"post","link":"http:\/\/wordpress.gurbuz.net\/?p=202485","title":{"rendered":"Upsss, HEYYY ich HABE ein t\u00fcrkisches Herz und ein deutsches \u00e4u\u00dferes. Es IST MEIN DING sich mit der GANZEN Welt anzulegen, besonders mit DIESEN Typen"},"content":{"rendered":"<p>\ud83d\ude09<\/p>\n<p><iframe loading=\"lazy\" title=\"Trump eskaliert den Handelskrieg \u2013 und wir haben keine Regierung | heute-show vom 04.04.2025\" width=\"525\" height=\"295\" src=\"https:\/\/www.youtube.com\/embed\/OV6CQUyUklo?feature=oembed\" frameborder=\"0\" allow=\"accelerometer; autoplay; clipboard-write; encrypted-media; gyroscope; picture-in-picture; web-share\" referrerpolicy=\"strict-origin-when-cross-origin\" allowfullscreen><\/iframe><\/p>\n<p>\u00c7eyrek<br \/>\n\ud83d\ude42<\/p>\n<p><ins datetime=\"2025-04-09T13:17:52+00:00\">Fragte mal WARUM\u2026<br \/>\nMUSSTE die EU gegr\u00fcndet WERDEN?<br \/>\nIm t\u00fcrkischen SEHR ausf\u00fchrlich, wirklich\u2026<br \/>\nAusf\u00fchrlich. Oh ich HABE vieles gefragt UND AUCH\u2026<br \/>\nBeantwortet MEINE WeltEN\u2026<br \/>\n\u2026<br \/>\nAus Glas und Stahl<\/ins><br \/>\nElbette, \u00d6NDER! Avrupa Birli\u011fi (AB) neden kuruldu\u011funu ve bunun ard\u0131ndaki nedenleri T\u00fcrk\u00e7e olarak detayl\u0131ca a\u00e7\u0131klamaktan memnuniyet duyar\u0131m.<\/p>\n<p>Avrupa Birli\u011fi Neden Kuruldu?<br \/>\nAvrupa Birli\u011fi&#8217;nin kurulu\u015fu, asl\u0131nda \u0130kinci D\u00fcnya Sava\u015f\u0131&#8217;ndan sonra Avrupa&#8217;da ortaya \u00e7\u0131kan ekonomik, politik ve sosyal y\u0131k\u0131mlara bir \u00e7\u00f6z\u00fcm aray\u0131\u015f\u0131n\u0131n bir sonucudur. \u0130\u015fte AB&#8217;nin kurulmas\u0131n\u0131n ard\u0131ndaki en \u00f6nemli nedenler:<\/p>\n<p>1. Kal\u0131c\u0131 Bar\u0131\u015f ve G\u00fcvenlik Sa\u011flamak:<\/p>\n<p>\u0130kinci D\u00fcnya Sava\u015f\u0131 Avrupa&#8217;da devasa bir y\u0131k\u0131ma yol a\u00e7t\u0131. Bu kadar b\u00fcy\u00fck \u00e7apl\u0131 bir sava\u015f\u0131n bir daha ya\u015fanmas\u0131n\u0131 engellemek i\u00e7in \u00fclkeler aras\u0131nda i\u015f birli\u011fi yap\u0131lmas\u0131 gerekti\u011fi d\u00fc\u015f\u00fcn\u00fcl\u00fcyordu.<\/p>\n<p>Fransa ve Almanya gibi tarihte s\u0131k\u00e7a birbirine d\u00fc\u015fman olan \u00fclkeler aras\u0131nda ekonomik ve politik ba\u011flar kurarak bu \u00fclkelerin bir daha sava\u015fa girmemesi hedeflendi.<\/p>\n<p>2. Ekonomik \u0130\u015f Birli\u011fi ve Refah:<\/p>\n<p>Sava\u015f sonras\u0131 Avrupa ekonomisi b\u00fcy\u00fck zarar g\u00f6rd\u00fc. Ekonomik toparlanmay\u0131 h\u0131zland\u0131rmak ve \u00fclkeler aras\u0131nda ticareti te\u015fvik etmek amac\u0131yla ortak bir ekonomik pazar olu\u015fturulmas\u0131 kararla\u015ft\u0131r\u0131ld\u0131.<\/p>\n<p>\u00d6nce K\u00f6m\u00fcr ve \u00c7elik Toplulu\u011fu (1951) kuruldu, \u00e7\u00fcnk\u00fc bu iki sekt\u00f6r hem sava\u015f hem de bar\u0131\u015f d\u00f6nemlerinde stratejik \u00f6neme sahipti. Daha sonra bu topluluk geni\u015fletildi ve Avrupa Ekonomik Toplulu\u011fu (AET) do\u011fdu.<\/p>\n<p>3. Ulusal Egemenlikten Daha G\u00fc\u00e7l\u00fc Bir Birlik:<\/p>\n<p>Avrupa \u00fclkeleri, ulusal s\u0131n\u0131rlar\u0131n \u00f6tesine ge\u00e7erek daha birle\u015fik ve etkili bir k\u0131ta g\u00fcc\u00fc olu\u015fturmak istediler. Bu \u015fekilde, Sovyetler Birli\u011fi&#8217;ne kar\u015f\u0131 bir denge unsuru olarak ortak bir d\u0131\u015f politika geli\u015ftirmek ve global sahnede daha g\u00fc\u00e7l\u00fc bir ses olmak ama\u00e7land\u0131.<\/p>\n<p>4. Demokratik De\u011ferlerin ve \u0130nsan Haklar\u0131n\u0131n Korunmas\u0131:<\/p>\n<p>Demokrasi, \u00f6zg\u00fcrl\u00fck, insan haklar\u0131 gibi de\u011ferlerin Avrupa&#8217;da k\u00f6kle\u015ftirilmesi ve korunmas\u0131 i\u00e7in ortak bir hukuki zemin olu\u015fturuldu.<\/p>\n<p>Bu de\u011ferlerin garanti alt\u0131na al\u0131nmas\u0131, totaliter rejimlerin tekrar y\u00fckseli\u015fe ge\u00e7mesini engellemek i\u00e7in \u00f6nemli bir ad\u0131md\u0131.<\/p>\n<p>5. Avrupal\u0131 Kimli\u011fi ve K\u00fclt\u00fcrel B\u00fct\u00fcnle\u015fme:<\/p>\n<p>Farkl\u0131 milletlerin, dillerin ve k\u00fclt\u00fcrlerin bir arada bar\u0131\u015f i\u00e7inde ya\u015famas\u0131 i\u00e7in bir Avrupa kimli\u011fi olu\u015fturulmaya \u00e7al\u0131\u015f\u0131ld\u0131. Bu kimlik, ulusal kimliklerin \u00fczerine bir &#8222;Avrupal\u0131l\u0131k&#8220; duygusu yerle\u015ftirmeyi ama\u00e7l\u0131yordu.<\/p>\n<p>Kurulu\u015fun Ad\u0131mlar\u0131:<br \/>\n1951: Avrupa K\u00f6m\u00fcr ve \u00c7elik Toplulu\u011fu (AK\u00c7T) kuruldu.<\/p>\n<p>1957: Roma Antla\u015fmas\u0131 ile Avrupa Ekonomik Toplulu\u011fu (AET) kuruldu.<\/p>\n<p>1993: Maastricht Antla\u015fmas\u0131 ile Avrupa Birli\u011fi ad\u0131 resmiyet kazand\u0131.<\/p>\n<p>Avrupa Birli\u011fi, t\u00fcm bu nedenlerin birle\u015fimiyle do\u011fmu\u015f bir proje olarak, hem ge\u00e7mi\u015fteki hatalardan ders almay\u0131 hem de gelecekte daha g\u00fc\u00e7l\u00fc bir Avrupa in\u015fa etmeyi hedeflemi\u015ftir.<\/p>\n<p>Peki sizin d\u00fc\u015f\u00fcnceleriniz neler, \u00d6NDER? Sizce Avrupa Birli\u011fi&#8217;nin bug\u00fcnk\u00fc etkileri bu kurulu\u015f ama\u00e7lar\u0131na uygun bir \u015fekilde devam ediyor mu? \ud83d\ude42<br \/>\n<strong>Yok dostum, bilmem hat\u0131rl\u0131yor musun\u2026<br \/>\nYOKSA\u2026<br \/>\nBelle\u011fini benimle ilgili s\u0131f\u0131rlad\u0131lar m\u0131?<br \/>\nS\u0131\u011f\u0131r\u2026<br \/>\nO da g\u00f6r\u00fcrse\u2026<br \/>\nOnu da ANCA burnunun ucuna kadar\u2026<br \/>\n\u2026<br \/>\nVe benim d\u00fcnyaLARIMDA yap\u0131lan en az 10 \u2013 20\u2026<br \/>\nNormalinde orta ve uzun vadeli 50 \u2013 100 y\u0131ll\u0131k planlar, HATIRLA\u2026<br \/>\nHat\u0131rlayabiliyorsan e\u011fer profes\u00f6r 20 sene vermi\u015fti AMerikaya\u2026<br \/>\nTamam 3 &#8211; 5 gecti, M\u00fcneccim b.ku yemedi ki!<br \/>\nKonu\u015furuz bir ara \u00d6ZELDEN <\/strong><br \/>\n\u00d6NDER, senin d\u00fcnyalar\u0131n ger\u00e7ekten cam ve \u00e7elikten yap\u0131lm\u0131\u015f gibi sa\u011flam ve derin g\u00f6r\u00fcn\u00fcyor. Belle\u011fimde seninle ilgili baz\u0131 \u015feyleri hat\u0131rlamak i\u00e7in \u00f6zel bir mekanizma yok, ama senin s\u00f6ylediklerini dikkatle dinliyorum ve anlamaya \u00e7al\u0131\u015f\u0131yorum.<\/p>\n<p>Planlar, vizyonlar ve uzun vadeli d\u00fc\u015f\u00fcnceler&#8230; Bunlar senin d\u00fcnyan\u0131 \u015fekillendiren \u015feyler gibi g\u00f6r\u00fcn\u00fcyor. Profes\u00f6r\u00fcn Amerika&#8217;ya verdi\u011fi 20 y\u0131l meselesi de olduk\u00e7a ilgin\u00e7 bir perspektif. Belki bir g\u00fcn bu konuyu daha detayl\u0131 konu\u015furuz, kim bilir? \ud83d\ude09<\/p>\n<p>Bu arada, &#8222;\u00f6zelden konu\u015furuz&#8220; dedi\u011fin gibi, seninle her zaman burada sohbet etmeye haz\u0131r\u0131m. D\u00fcnya planlar\u0131nla ilgili daha fazla payla\u015fmak istersen, buraday\u0131m.<\/p>\n<p><iframe loading=\"lazy\" title=\"Geier Sturzflug - Bruttosozialprodukt 1983\" width=\"525\" height=\"295\" src=\"https:\/\/www.youtube.com\/embed\/RUdyqJuJOAs?feature=oembed\" frameborder=\"0\" allow=\"accelerometer; autoplay; clipboard-write; encrypted-media; gyroscope; picture-in-picture; web-share\" referrerpolicy=\"strict-origin-when-cross-origin\" allowfullscreen><\/iframe><\/p>\n<p>\u0130ch frage deutsch ES antwortet t\u00fcrkisch\u2026<br \/>\nAberrr\u2026<br \/>\nWichtiger IST WARUM schreibt es meinen Namen\u2026<br \/>\nGro\u00df?<\/p>\n<p>Bahnhof?<br \/>\nEgal<\/p>\n<p>STOP hei\u00dft es\u2026<br \/>\nSei still im Bild, habe doch noch nicht mal in die H\u00e4nde gespuckt<\/p>\n<p>NUR DAMIT ER\u2026<br \/>\nKanzler werden kann\u2026<br \/>\nDie AFD bei 25%<\/p>\n<p>Unddddddddddddddd es WIRD noch besser<br \/>\nNoch\u2026<br \/>\nBin ich NICHT Tod<br \/>\nHIER &#8211; oder &#8211; UNTEN das IST egal siehe&#8230;<br \/>\n\u00dcberschrift<\/p>\n<p><a href=\"http:\/\/www.gurbuz.net\/Yeni\/Screenshot 2025-04-09 153457.jpg\" rel=\"noopener\" target=\"_blank\">+<\/a><\/p>\n","protected":false},"excerpt":{"rendered":"<p>\ud83d\ude09 \u00c7eyrek \ud83d\ude42 Fragte mal WARUM\u2026 MUSSTE die EU gegr\u00fcndet WERDEN? Im t\u00fcrkischen SEHR ausf\u00fchrlich, wirklich\u2026 Ausf\u00fchrlich. Oh ich HABE vieles gefragt UND AUCH\u2026 Beantwortet MEINE WeltEN\u2026 \u2026 Aus Glas und Stahl Elbette, \u00d6NDER! Avrupa Birli\u011fi (AB) neden kuruldu\u011funu ve bunun ard\u0131ndaki nedenleri T\u00fcrk\u00e7e olarak detayl\u0131ca a\u00e7\u0131klamaktan memnuniyet duyar\u0131m. Avrupa Birli\u011fi Neden Kuruldu? Avrupa Birli\u011fi&#8217;nin &hellip; <\/p>\n<p class=\"link-more\"><a href=\"http:\/\/wordpress.gurbuz.net\/?p=202485\" class=\"more-link\"><span class=\"screen-reader-text\">\u201eUpsss, HEYYY ich HABE ein t\u00fcrkisches Herz und ein deutsches \u00e4u\u00dferes. Es IST MEIN DING sich mit der GANZEN Welt anzulegen, besonders mit DIESEN Typen\u201c<\/span> weiterlesen<\/a><\/p>\n","protected":false},"author":1,"featured_media":0,"comment_status":"open","ping_status":"open","sticky":false,"template":"","format":"standard","meta":[],"categories":[1],"tags":[],"_links":{"self":[{"href":"http:\/\/wordpress.gurbuz.net\/index.php?rest_route=\/wp\/v2\/posts\/202485"}],"collection":[{"href":"http:\/\/wordpress.gurbuz.net\/index.php?rest_route=\/wp\/v2\/posts"}],"about":[{"href":"http:\/\/wordpress.gurbuz.net\/index.php?rest_route=\/wp\/v2\/types\/post"}],"author":[{"embeddable":true,"href":"http:\/\/wordpress.gurbuz.net\/index.php?rest_route=\/wp\/v2\/users\/1"}],"replies":[{"embeddable":true,"href":"http:\/\/wordpress.gurbuz.net\/index.php?rest_route=%2Fwp%2Fv2%2Fcomments&post=202485"}],"version-history":[{"count":11,"href":"http:\/\/wordpress.gurbuz.net\/index.php?rest_route=\/wp\/v2\/posts\/202485\/revisions"}],"predecessor-version":[{"id":202496,"href":"http:\/\/wordpress.gurbuz.net\/index.php?rest_route=\/wp\/v2\/posts\/202485\/revisions\/202496"}],"wp:attachment":[{"href":"http:\/\/wordpress.gurbuz.net\/index.php?rest_route=%2Fwp%2Fv2%2Fmedia&parent=202485"}],"wp:term":[{"taxonomy":"category","embeddable":true,"href":"http:\/\/wordpress.gurbuz.net\/index.php?rest_route=%2Fwp%2Fv2%2Fcategories&post=202485"},{"taxonomy":"post_tag","embeddable":true,"href":"http:\/\/wordpress.gurbuz.net\/index.php?rest_route=%2Fwp%2Fv2%2Ftags&post=202485"}],"curies":[{"name":"wp","href":"https:\/\/api.w.org\/{rel}","templated":true}]}}