{"id":202433,"date":"2025-04-08T12:30:20","date_gmt":"2025-04-08T12:30:20","guid":{"rendered":"http:\/\/wordpress.gurbuz.net\/?p=202433"},"modified":"2025-04-08T12:59:39","modified_gmt":"2025-04-08T12:59:39","slug":"warum-englisch-und-nicht-tuerkisch","status":"publish","type":"post","link":"http:\/\/wordpress.gurbuz.net\/?p=202433","title":{"rendered":"WARUM englisch UND NICHT t\u00fcrkisch?"},"content":{"rendered":"<p><img loading=\"lazy\" class=\"\" src=\"http:\/\/www.gurbuz.net\/Yeni\/Screenshot 2025-04-08 142902.jpg\" alt=\"\" width=\"293\" height=\"620\" \/><\/p>\n<p><ins datetime=\"2025-04-08T12:30:22+00:00\">Erinnere UNS doch bitte dran, WIE zu AMPEL Zeiten diesER FDP Bindungs\u201cminister\u201c damals DRUCK auf die Lehrk\u00f6rper aufbauen wollte wegen den Pal\u00e4stinenserdemos\u2026<br \/>\nKEIN LAND keine Gesellschaft IST vor sowas gefeilt<br \/>\n14:41 DIE \u201eNachrichten\u201c Antisemitismus(!)<br \/>\n\u201eJ\u00fcdische Studenten haben Angst\u201c<br \/>\nNurrr SIE?<br \/>\nDie Wahrheit MUSS auch Wahrheit DAS RECHT sollte auch Recht bleiben<\/ins><br \/>\nEs gibt viele Facetten in dem, was du ansprichst\u2014von politischem Druck \u00fcber gesellschaftliche Spannungen bis hin zu den \u00c4ngsten j\u00fcdischer Studierender. W\u00e4hrend der Ampel-Koalition gab es Berichte \u00fcber die Bundesbildungsministerin Bettina Stark-Watzinger (FDP), die sich kritisch zu pro-pal\u00e4stinensischen Protesten \u00e4u\u00dferte und dabei auch Druck auf Lehrkr\u00e4fte aus\u00fcbte, sich klar gegen Antisemitismus zu positionieren. Solche Situationen zeigen, wie komplex und sensibel der Umgang mit politischen und gesellschaftlichen Themen ist.<\/p>\n<p>Die \u00c4ngste j\u00fcdischer Studierender sind ebenfalls ein ernstes Thema. Viele berichten von einem Klima der Unsicherheit an deutschen Universit\u00e4ten, insbesondere nach dem Terrorangriff der Hamas auf Israel3. Es ist wichtig, dass die Wahrheit und das Recht in solchen Diskussionen gewahrt bleiben, um eine faire und respektvolle Gesellschaft zu f\u00f6rdern.<\/p>\n<p>Wenn du m\u00f6chtest, kann ich dir helfen, deine Gedanken weiter zu strukturieren oder dir zus\u00e4tzliche Informationen zu liefern. Sag Bescheid! \ud83d\ude42<\/p>\n<p><img loading=\"lazy\" class=\"\" src=\"https:\/\/images.bursadabugun.com\/haber\/2025\/04\/07\/1802426-bursalilar-mujde-bugune-kadarki-en-buyuk-organizasyon-basliyor-67f3b70b0ecc8.jpg\" alt=\"\" width=\"414\" height=\"276\" \/><\/p>\n<p>WER&#8230;<br \/>\nHat DAS gesagt?<\/p>\n<p><img loading=\"lazy\" class=\"\" src=\"https:\/\/images.bursadabugun.com\/haber\/2025\/04\/08\/1802616-martta-olup-temmuzda-dirilen-adam-konustu-67f4d1cce9d28.png\" alt=\"\" width=\"414\" height=\"276\" \/><\/p>\n<p>was MUSS&#8230;<br \/>\nDAS muss<\/p>\n<p><img loading=\"lazy\" class=\"\" src=\"https:\/\/images.bursadabugun.com\/haber\/2025\/04\/05\/1802091-bursa-da-cikan-yanginda-hayatini-kaybeden-iki-kardes-topraga-verildi-67f15a0c2fcfc.jpg\" alt=\"\" width=\"414\" height=\"276\" \/><\/p>\n<p>eine Fotocollage aus dem&#8230;<br \/>\nfotoROMAN<\/p>\n","protected":false},"excerpt":{"rendered":"<p>Erinnere UNS doch bitte dran, WIE zu AMPEL Zeiten diesER FDP Bindungs\u201cminister\u201c damals DRUCK auf die Lehrk\u00f6rper aufbauen wollte wegen den Pal\u00e4stinenserdemos\u2026 KEIN LAND keine Gesellschaft IST vor sowas gefeilt 14:41 DIE \u201eNachrichten\u201c Antisemitismus(!) \u201eJ\u00fcdische Studenten haben Angst\u201c Nurrr SIE? Die Wahrheit MUSS auch Wahrheit DAS RECHT sollte auch Recht bleiben Es gibt viele Facetten &hellip; <\/p>\n<p class=\"link-more\"><a href=\"http:\/\/wordpress.gurbuz.net\/?p=202433\" class=\"more-link\"><span class=\"screen-reader-text\">\u201eWARUM englisch UND NICHT t\u00fcrkisch?\u201c<\/span> weiterlesen<\/a><\/p>\n","protected":false},"author":1,"featured_media":0,"comment_status":"open","ping_status":"open","sticky":false,"template":"","format":"standard","meta":[],"categories":[1],"tags":[],"_links":{"self":[{"href":"http:\/\/wordpress.gurbuz.net\/index.php?rest_route=\/wp\/v2\/posts\/202433"}],"collection":[{"href":"http:\/\/wordpress.gurbuz.net\/index.php?rest_route=\/wp\/v2\/posts"}],"about":[{"href":"http:\/\/wordpress.gurbuz.net\/index.php?rest_route=\/wp\/v2\/types\/post"}],"author":[{"embeddable":true,"href":"http:\/\/wordpress.gurbuz.net\/index.php?rest_route=\/wp\/v2\/users\/1"}],"replies":[{"embeddable":true,"href":"http:\/\/wordpress.gurbuz.net\/index.php?rest_route=%2Fwp%2Fv2%2Fcomments&post=202433"}],"version-history":[{"count":5,"href":"http:\/\/wordpress.gurbuz.net\/index.php?rest_route=\/wp\/v2\/posts\/202433\/revisions"}],"predecessor-version":[{"id":202438,"href":"http:\/\/wordpress.gurbuz.net\/index.php?rest_route=\/wp\/v2\/posts\/202433\/revisions\/202438"}],"wp:attachment":[{"href":"http:\/\/wordpress.gurbuz.net\/index.php?rest_route=%2Fwp%2Fv2%2Fmedia&parent=202433"}],"wp:term":[{"taxonomy":"category","embeddable":true,"href":"http:\/\/wordpress.gurbuz.net\/index.php?rest_route=%2Fwp%2Fv2%2Fcategories&post=202433"},{"taxonomy":"post_tag","embeddable":true,"href":"http:\/\/wordpress.gurbuz.net\/index.php?rest_route=%2Fwp%2Fv2%2Ftags&post=202433"}],"curies":[{"name":"wp","href":"https:\/\/api.w.org\/{rel}","templated":true}]}}