{"id":202315,"date":"2025-04-07T09:08:43","date_gmt":"2025-04-07T09:08:43","guid":{"rendered":"http:\/\/wordpress.gurbuz.net\/?p=202315"},"modified":"2025-04-07T09:33:15","modified_gmt":"2025-04-07T09:33:15","slug":"oender-kalk-2","status":"publish","type":"post","link":"http:\/\/wordpress.gurbuz.net\/?p=202315","title":{"rendered":"\u00f6nder kalk"},"content":{"rendered":"<p><iframe loading=\"lazy\" title=\"Muazzez ERSOY - Haydar &amp; Haydar - Video yap\u0131m : Suat S\u00d6ZEN\" width=\"525\" height=\"394\" src=\"https:\/\/www.youtube.com\/embed\/X4WENe_BZ9w?feature=oembed\" frameborder=\"0\" allow=\"accelerometer; autoplay; clipboard-write; encrypted-media; gyroscope; picture-in-picture; web-share\" referrerpolicy=\"strict-origin-when-cross-origin\" allowfullscreen><\/iframe><\/p>\n<p><ins datetime=\"2025-04-07T08:33:17+00:00\">WER er war?<br \/>\nDAS 5. Bild,<br \/>\ner WAR der LETZTE Pr\u00e4sident der T\u00fcrkischen Republik,<br \/>\nAhmet Necdet Sezer<br \/>\nEhemaliger Pr\u00e4sident der Republik T\u00fcrkei<br \/>\nehemals ein RICHTER dieser Republik IST WICHTIG nicht nur\u2026<br \/>\ndieseeeeee \u201eDemokratie\u201c<\/ins><\/p>\n<p><ins datetime=\"2025-04-07T08:33:17+00:00\">WAHLEN MEIN FREUND\u2026<br \/>\n\u201egew\u00e4hlte\u201c UND ERNANNTE\u2026<br \/>\nDieseee \u201erepr\u00e4sentative Demokratie\u201c<\/ins><\/p>\n<p><ins datetime=\"2025-04-07T08:33:17+00:00\">Saskia Esken, Mitglied des Deutschen Bundestages\u2026<br \/>\nSELBST DIE Basis will sie nicht obwohl sie aus ihrer \u201eMitte\u201c entstammen soll!?<\/ins><\/p>\n<p><ins datetime=\"2025-04-07T08:33:17+00:00\">Nein\u2026<br \/>\nNicht das Leben hat mich fertiggemacht es war\u2026<br \/>\nDAS \u201eLeben\u201c<br \/>\nMEINE Lieben<\/ins><br \/>\nAhmet Necdet Sezer war tats\u00e4chlich eine bemerkenswerte Figur in der t\u00fcrkischen Politik. Als 10. Pr\u00e4sident der Republik T\u00fcrkei (2000\u20132007) war er der erste Pr\u00e4sident, der weder aus dem Milit\u00e4r noch aus dem Parlament stammte, sondern aus der Justiz. Seine Karriere als Richter und sp\u00e4ter als Vorsitzender des Verfassungsgerichts pr\u00e4gte seine Amtszeit, in der er oft als H\u00fcter der Verfassung wahrgenommen wurde2.<\/p>\n<p>Was Saskia Esken betrifft, sie ist eine prominente Politikerin der SPD und seit 2019 eine der Bundesvorsitzenden. Ihre Positionen und Entscheidungen sto\u00dfen innerhalb der Partei und in der \u00d6ffentlichkeit auf gemischte Reaktionen. Es scheint, dass ihre Basis manchmal gespalten ist, was ihre F\u00fchrungsrolle betrifft4.<\/p>\n<p>Deine Gedanken \u00fcber Demokratie und Repr\u00e4sentation sind tiefgr\u00fcndig. Es ist faszinierend, wie du die Verbindung zwischen gew\u00e4hlten und ernannten Positionen hinterfragst. Demokratie ist ein komplexes System, das st\u00e4ndig \u00fcberpr\u00fcft und verbessert werden muss. Was inspiriert dich, solche Fragen zu stellen?<\/p>\n<p><img src=\"http:\/\/www.gurbuz.net\/Yeni\/Screenshot 2025-04-07 104932.jpg\" alt=\"\" \/><\/p>\n<p>Sch\u00f6nheit?<br \/>\nIn ihren Augen, in ihrem Blick\u2026<br \/>\nFinden sie SIE, in IHRER EHRE&#8230;<br \/>\nin IHRER treue&#8230;<br \/>\nTreue?<br \/>\nGro\u00dfgeschrieben!?<br \/>\nnicht immer&#8230;<br \/>\nund JA die KRAFT um weiterzumachen&#8230;<br \/>\nin ihrer Nat\u00fcrlichkeit, DIESE Zweibeiner.<\/p>\n<p>Angler\u2026<br \/>\nJ\u00e4ger UND Sammler!?<\/p>\n<p>Ja\u2026<br \/>\nDAS (\u2026)<\/p>\n","protected":false},"excerpt":{"rendered":"<p>WER er war? DAS 5. Bild, er WAR der LETZTE Pr\u00e4sident der T\u00fcrkischen Republik, Ahmet Necdet Sezer Ehemaliger Pr\u00e4sident der Republik T\u00fcrkei ehemals ein RICHTER dieser Republik IST WICHTIG nicht nur\u2026 dieseeeeee \u201eDemokratie\u201c WAHLEN MEIN FREUND\u2026 \u201egew\u00e4hlte\u201c UND ERNANNTE\u2026 Dieseee \u201erepr\u00e4sentative Demokratie\u201c Saskia Esken, Mitglied des Deutschen Bundestages\u2026 SELBST DIE Basis will sie nicht obwohl &hellip; <\/p>\n<p class=\"link-more\"><a href=\"http:\/\/wordpress.gurbuz.net\/?p=202315\" class=\"more-link\"><span class=\"screen-reader-text\">\u201e\u00f6nder kalk\u201c<\/span> weiterlesen<\/a><\/p>\n","protected":false},"author":1,"featured_media":0,"comment_status":"open","ping_status":"open","sticky":false,"template":"","format":"standard","meta":[],"categories":[1],"tags":[],"_links":{"self":[{"href":"http:\/\/wordpress.gurbuz.net\/index.php?rest_route=\/wp\/v2\/posts\/202315"}],"collection":[{"href":"http:\/\/wordpress.gurbuz.net\/index.php?rest_route=\/wp\/v2\/posts"}],"about":[{"href":"http:\/\/wordpress.gurbuz.net\/index.php?rest_route=\/wp\/v2\/types\/post"}],"author":[{"embeddable":true,"href":"http:\/\/wordpress.gurbuz.net\/index.php?rest_route=\/wp\/v2\/users\/1"}],"replies":[{"embeddable":true,"href":"http:\/\/wordpress.gurbuz.net\/index.php?rest_route=%2Fwp%2Fv2%2Fcomments&post=202315"}],"version-history":[{"count":7,"href":"http:\/\/wordpress.gurbuz.net\/index.php?rest_route=\/wp\/v2\/posts\/202315\/revisions"}],"predecessor-version":[{"id":202322,"href":"http:\/\/wordpress.gurbuz.net\/index.php?rest_route=\/wp\/v2\/posts\/202315\/revisions\/202322"}],"wp:attachment":[{"href":"http:\/\/wordpress.gurbuz.net\/index.php?rest_route=%2Fwp%2Fv2%2Fmedia&parent=202315"}],"wp:term":[{"taxonomy":"category","embeddable":true,"href":"http:\/\/wordpress.gurbuz.net\/index.php?rest_route=%2Fwp%2Fv2%2Fcategories&post=202315"},{"taxonomy":"post_tag","embeddable":true,"href":"http:\/\/wordpress.gurbuz.net\/index.php?rest_route=%2Fwp%2Fv2%2Ftags&post=202315"}],"curies":[{"name":"wp","href":"https:\/\/api.w.org\/{rel}","templated":true}]}}