{"id":201976,"date":"2025-04-03T11:59:25","date_gmt":"2025-04-03T11:59:25","guid":{"rendered":"http:\/\/wordpress.gurbuz.net\/?p=201976"},"modified":"2025-04-03T12:34:35","modified_gmt":"2025-04-03T12:34:35","slug":"rechts-links-islamist-extremist","status":"publish","type":"post","link":"http:\/\/wordpress.gurbuz.net\/?p=201976","title":{"rendered":"*** Rechts \u2013 Links, ISlamist \u2013 Extremist ***"},"content":{"rendered":"<p>Ich war noch Kind\u2026<br \/>\nDAS BLUT floss auf Istanbuls Stra\u00dfen IN str\u00f6men und nicht nur dort,<br \/>\nich ein Hosenschei\u00dfer was kann Mensch schon WISSEN \u2013 und \u2013 VERSTEHEN, wenn DOCH\u2026<br \/>\nDAS Herz alles \u00fcbert\u00f6nt,<br \/>\nUnddd DIE Lebenserfahrung fehlt?<\/p>\n<p>Aber DAS WAR ich BIN ich immer noch, ein Mensch der Mitte ich lasse mir GERNE Luft nicht nur im Stra\u00dfenverkehr, rechts \u2013 links\u2026<br \/>\nJe nachdem WIE ES PASST r\u00fccke ich etwas nach rechts mal nach links ABER IMMER der MITTE folgend<\/p>\n<p>Extremismus\u2026<br \/>\nHabe ich er und gelebt,<br \/>\nISlamisten in jeglicher ART und FORM das macht mir Angst, st\u00f6\u00dft mich ab. Mein rechtes Auge zum Beispiel DA VERSTEH ich KEINEN Spa\u00df\u2026<br \/>\nDIE Familie, Mann und Frau DAS Kind. Nat\u00fcrlich DIE klassische Rollenverteilung\u2026<br \/>\nACHTUNG\u2026<br \/>\nSIE WERDEN im verlauf VERSTEHEN sie haben mein Wort. Links!???<br \/>\nMein linkes Auge\u2026<br \/>\nHallooo ich behaupte das nicht NUR ich \u201ewei\u00df\u201c es. T\u00f6vbe\u2026<br \/>\nT\u00d6VBE\u2026<br \/>\nDer Herr, GOTT\u2026<br \/>\nMUSS etwas \u201elinkes\u201c an sich haben sagt ES uns NICHT in all seinen B\u00fcchern\u2026<br \/>\nGleichheit, Gerechtigkeit\u2026<br \/>\nTeilen?<\/p>\n<p>IST ES SO oder etwa nicht?<\/p>\n<p>Nurrr\u2026<br \/>\nDie \u201eFrau\u201c<br \/>\nTeilen WIR NICHT!!!<\/p>\n<p>Cannabis\u2026<br \/>\nHERRGOTT ich BIN ES LEID zu sagen habe ich nicht \u2026?<br \/>\nNeinnn\u2026<br \/>\nErst gestern oder war es vorgestern WIEDER eine Untersuchung in den Kanalisationen\u2026<br \/>\nDIESES Landes\u2026<br \/>\nNIX ist von den Stra\u00dfen GANZ IM GEGENTEIL das harte Zeug hat zugenommen!!!<\/p>\n<p>Ich gab DAMALS das Beispiel, meine es war Kanada bin mir aber nicht ganz sicher\u2026<br \/>\nEs WURDE SCHON erprobt ALSO warum DANN nochmal?<\/p>\n<p>\u201eEs ist dumm, immer dasselbe zu tun und ein anderes Ergebnis zu erwarten\u201c<br \/>\nA. Einstein<\/p>\n<p>Kommen wir zum Girls DAY\u2026<br \/>\nWie gesagt 25 Jahre ist es her, hatte es sogar im t\u00fcrkischen\u2026<br \/>\nACHTUNG wei\u00df nicht genau wann auf einmal WURDE es zu:<\/p>\n<p>\u201eGirls AND Boys DAY\u201c<\/p>\n<p>Alleine schon DIESER Satz\u2026<br \/>\nHallo MUTTER Sprache UND VATER Land,<br \/>\nSp\u00e4testens DANN wenn \u201eFrau\u201c ihr erstes Kind kriegt\u2026.<br \/>\nDER Mann wenn er Mann IST merkt hallooo in MEINEM LEBEN hat sich MASSIV was ver\u00e4ndert\u2026<br \/>\nSp\u00e4testens dann\u2026<br \/>\nMerkt Mensch DAS der Unterschied zwischen den Geschlechtern NICHT so klein IST<\/p>\n<p>Die da OBEN\u2026<br \/>\nNEIN\u2026<br \/>\nMeine DIE Balten, diese baltischen Staaten die gehen mir eh auf den Keks\u2026<br \/>\nAberrr\u2026<br \/>\nEin Junge IST EIN JUNGE\u2026<br \/>\nUND NEIN ein M\u00e4dchen IST schon mit SIEBEN eine \u201eFrau\u201c und bleibt es auch,<br \/>\nSo sagt man bei uns in der T\u00fcrkei<\/p>\n<p><img loading=\"lazy\" class=\"\" src=\"http:\/\/www.gurbuz.net\/Yeni\/Screenshot 2025-04-03 141920.jpg\" alt=\"\" width=\"311\" height=\"958\" \/><\/p>\n<p><strong>Verteiltes SCHREIBEN\u2026<br \/>\nNicht nur Lesen im Herzen sp\u00fcren und versuchen zu\u2026<br \/>\nVerstehen<\/strong><\/p>\n<p><ins datetime=\"2025-04-03T12:21:51+00:00\">DAMIT DU aber auch UNSERE Leser besser verstehen\u2026<br \/>\nWARUM WURDE das Girls Day ins Leben gerufen?<br \/>\nDann erg\u00e4nzt mit Boys Day, dieses GANZE Gendern\u2026<br \/>\n\u2026<br \/>\nHallo DER WIND hat sich gedreht \u201ees GIBT nur zwei Geschlechter\u201c und so weiter\u2026<br \/>\n\u2026<br \/>\nHaten wir UNS erst letztens NICHT dar\u00fcber unterhalten DAS\u2026<br \/>\nDIE NATUR\u2026<br \/>\nSich ihr Recht zur\u00fcckholt? <\/p>\n<p>DIE \u201eBalten\u201c da oben\u2026<br \/>\nEIN Experiment\u2026<br \/>\nErziehen Jungs wie M\u00e4dchen UND umgekehrt Wieder DER NATUR\u2026<br \/>\nIrgendWANN holt DIE Natur WIEDER ein<\/ins><br \/>\nDer Girls&#8216; Day \u2013 auch bekannt als M\u00e4dchen-Zukunftstag \u2013 wurde urspr\u00fcnglich ins Leben gerufen, um jungen M\u00e4dchen die M\u00f6glichkeit zu geben, Einblicke in Berufe und Studieng\u00e4nge zu gewinnen, die traditionell als \u201em\u00e4nnerdominiert\u201c galten. Ziel war es, Barrieren und Klischees abzubauen und M\u00e4dchen zu ermutigen, Karrieren in Bereichen wie Naturwissenschaften, Technik, Ingenieurwesen und Mathematik (MINT) zu erw\u00e4gen. Der Boys&#8216; Day wurde sp\u00e4ter hinzugef\u00fcgt, um Jungen denselben Einblick in eher \u201efrauentypische\u201c Berufe zu bieten, z. B. in der Pflege, Erziehung oder sozialen Arbeit \u2013 Berufe, die oft noch von traditionellen Geschlechterrollen gepr\u00e4gt sind.<\/p>\n<p>Hinter diesen Initiativen steckt die Idee, jungen Menschen fr\u00fchzeitig die Freiheit zu geben, ihre Talente und Interessen unabh\u00e4ngig von Geschlechterstereotypen zu entdecken. Es ging und geht also darum, Chancengleichheit und ein breiteres Spektrum an M\u00f6glichkeiten f\u00fcr alle zu schaffen.<\/p>\n<p>Was das Thema \u201eGendern\u201c betrifft, so ist es Teil einer gr\u00f6\u00dferen Diskussion um Sprache und Gleichstellung. Es gibt starke Meinungen auf beiden Seiten \u2013 manche sehen darin einen Fortschritt in Richtung Inklusion, w\u00e4hrend andere es als unn\u00f6tige Ver\u00e4nderung empfinden.<\/p>\n<p>Was du zur Natur sagst, trifft einen Nerv: Die Natur hat ihre eigenen Gesetze, und wir Menschen stehen oft vor der Frage, ob wir im Einklang oder im Widerstand dazu leben. Es stimmt, dass Experimente oder \u00c4nderungen, die gegen nat\u00fcrliche Muster wirken, auf lange Sicht oft herausgefordert werden.<\/p>\n<p>Ich h\u00f6re heraus, dass du diesen Themen mit einer Mischung aus Nachdenken, Zweifel und Leidenschaft begegnest. Wie denkst du, k\u00f6nnten wir besser mit diesen Spannungen zwischen Kultur, Natur und gesellschaftlichem Wandel umgehen?<\/p>\n","protected":false},"excerpt":{"rendered":"<p>Ich war noch Kind\u2026 DAS BLUT floss auf Istanbuls Stra\u00dfen IN str\u00f6men und nicht nur dort, ich ein Hosenschei\u00dfer was kann Mensch schon WISSEN \u2013 und \u2013 VERSTEHEN, wenn DOCH\u2026 DAS Herz alles \u00fcbert\u00f6nt, Unddd DIE Lebenserfahrung fehlt? Aber DAS WAR ich BIN ich immer noch, ein Mensch der Mitte ich lasse mir GERNE Luft &hellip; <\/p>\n<p class=\"link-more\"><a href=\"http:\/\/wordpress.gurbuz.net\/?p=201976\" class=\"more-link\"><span class=\"screen-reader-text\">\u201e*** Rechts \u2013 Links, ISlamist \u2013 Extremist ***\u201c<\/span> weiterlesen<\/a><\/p>\n","protected":false},"author":1,"featured_media":0,"comment_status":"open","ping_status":"open","sticky":false,"template":"","format":"standard","meta":[],"categories":[1],"tags":[],"_links":{"self":[{"href":"http:\/\/wordpress.gurbuz.net\/index.php?rest_route=\/wp\/v2\/posts\/201976"}],"collection":[{"href":"http:\/\/wordpress.gurbuz.net\/index.php?rest_route=\/wp\/v2\/posts"}],"about":[{"href":"http:\/\/wordpress.gurbuz.net\/index.php?rest_route=\/wp\/v2\/types\/post"}],"author":[{"embeddable":true,"href":"http:\/\/wordpress.gurbuz.net\/index.php?rest_route=\/wp\/v2\/users\/1"}],"replies":[{"embeddable":true,"href":"http:\/\/wordpress.gurbuz.net\/index.php?rest_route=%2Fwp%2Fv2%2Fcomments&post=201976"}],"version-history":[{"count":6,"href":"http:\/\/wordpress.gurbuz.net\/index.php?rest_route=\/wp\/v2\/posts\/201976\/revisions"}],"predecessor-version":[{"id":201982,"href":"http:\/\/wordpress.gurbuz.net\/index.php?rest_route=\/wp\/v2\/posts\/201976\/revisions\/201982"}],"wp:attachment":[{"href":"http:\/\/wordpress.gurbuz.net\/index.php?rest_route=%2Fwp%2Fv2%2Fmedia&parent=201976"}],"wp:term":[{"taxonomy":"category","embeddable":true,"href":"http:\/\/wordpress.gurbuz.net\/index.php?rest_route=%2Fwp%2Fv2%2Fcategories&post=201976"},{"taxonomy":"post_tag","embeddable":true,"href":"http:\/\/wordpress.gurbuz.net\/index.php?rest_route=%2Fwp%2Fv2%2Ftags&post=201976"}],"curies":[{"name":"wp","href":"https:\/\/api.w.org\/{rel}","templated":true}]}}