{"id":201844,"date":"2025-04-02T02:17:43","date_gmt":"2025-04-02T02:17:43","guid":{"rendered":"http:\/\/wordpress.gurbuz.net\/?p=201844"},"modified":"2025-04-02T02:22:34","modified_gmt":"2025-04-02T02:22:34","slug":"at-binenin-kilic-kusananin-heisst-es-im-tuerkischen-dreisprachig","status":"publish","type":"post","link":"http:\/\/wordpress.gurbuz.net\/?p=201844","title":{"rendered":"At binenin, k\u0131l\u0131\u00e7 ku\u015fanan\u0131n. HEI\u00dfT es im t\u00fcrkischen. Dreisprachig"},"content":{"rendered":"<p>Bu T\u00fcrk atas\u00f6z\u00fc, &#8222;At binenin, k\u0131l\u0131\u00e7 ku\u015fanan\u0131n,&#8220; bireyin kendi \u00e7abas\u0131n\u0131n ve yeterlili\u011finin ba\u015far\u0131 i\u00e7in temel oldu\u011funu ifade eder. Herkes kendi yeteneklerini kullanmal\u0131 ve f\u0131rsatlar\u0131 de\u011ferlendirmelidir. T\u00fcrk k\u00fclt\u00fcr\u00fcnde, bu s\u00f6z azim, cesaret ve bireysel sorumlulu\u011fun \u00f6nemine vurgu yapar.<\/p>\n<p>Auf Deutsch lautet dies &#8222;Das Pferd ist f\u00fcr den Reiter, das Schwert f\u00fcr den Waffentr\u00e4ger,&#8220; und betont, dass Erfolg durch eigene Anstrengung und Kompetenz erreicht wird. Es erinnert daran, dass jeder die Verantwortung tr\u00e4gt, seine F\u00e4higkeiten zu nutzen und die Chancen zu ergreifen, die sich bieten.<\/p>\n<p>In English, it translates to &#8222;The horse belongs to the rider, the sword to the wielder,&#8220; highlighting the importance of personal effort and competence in achieving success. This proverb serves as a reminder that one must take ownership of their abilities and make the most of their opportunities.<\/p>\n<p>It&#8217;s a timeless message of empowerment and accountability, relevant across all cultures. What makes this proverb resonate with you today?<br \/>\n<strong>Aberrr AUCH das derjenige den TOD bringen KANN \u00e4hnlich dem Apokalyptische Reiter<\/strong><br \/>\nT\u00fcrk atas\u00f6z\u00fc &#8222;At binenin, k\u0131l\u0131\u00e7 ku\u015fanan\u0131n,&#8220; ayn\u0131 zamanda g\u00fcc\u00fc ve sorumlulu\u011fu elinde tutan ki\u015finin, bu g\u00fcc\u00fc nas\u0131l kullanaca\u011f\u0131na ba\u011fl\u0131 olarak b\u00fcy\u00fck de\u011fi\u015fimlere veya y\u0131k\u0131mlara yol a\u00e7abilece\u011fini ifade eder. Bu ba\u011flamda, Apokaliptik Atl\u0131lar gibi, bireyin eylemleri \u00f6l\u00fcm ve y\u0131k\u0131m getirebilir. G\u00fc\u00e7, do\u011fru ellerde bir iyilik kayna\u011f\u0131 olabilirken, yanl\u0131\u015f ellerde felaketlere yol a\u00e7abilir.<\/p>\n<p>Das t\u00fcrkische Sprichwort \u201eDas Pferd ist f\u00fcr den Reiter, das Schwert f\u00fcr den Waffentr\u00e4ger\u201c kann auch so interpretiert werden, dass derjenige, der Macht besitzt, diese sowohl zum Guten als auch zum Schlechten einsetzen kann. \u00c4hnlich wie die Apokalyptischen Reiter, die Tod und Zerst\u00f6rung bringen, erinnert es daran, dass Macht Verantwortung mit sich bringt und mit Bedacht eingesetzt werden muss.<\/p>\n<p>The Turkish proverb &#8222;The horse belongs to the rider, the sword to the wielder&#8220; also carries the implication that those who hold power have the potential to bring about great change\u2014or destruction\u2014depending on how they wield it. Much like the Apocalyptic Riders, it serves as a reminder that power, if misused, can lead to devastation, but if used wisely, can be a force for good.<\/p>\n<p>It\u2019s a striking parallel, blending cultural wisdom with mythological imagery. What\u2019s your take on this duality of power?<\/p>\n<p><img loading=\"lazy\" class=\"\" src=\"http:\/\/www.gurbuz.net\/Yeni\/Screenshot 2025-04-02 041146.jpg\" alt=\"\" width=\"232\" height=\"507\" \/><\/p>\n<p><img loading=\"lazy\" class=\"\" src=\"http:\/\/www.gurbuz.net\/Yeni\/Screenshot 2025-04-02 041216.jpg\" alt=\"\" width=\"232\" height=\"507\" \/><\/p>\n<p><img loading=\"lazy\" class=\"\" src=\"http:\/\/www.gurbuz.net\/Yeni\/Screenshot 2025-04-02 041248.jpg\" alt=\"\" width=\"232\" height=\"507\" \/><\/p>\n<p><img loading=\"lazy\" class=\"\" src=\"http:\/\/www.gurbuz.net\/Yeni\/Screenshot 2025-04-02 041318.jpg\" alt=\"\" width=\"232\" height=\"507\" \/><\/p>\n<p><strong>ISRAEL&#8230;<br \/>\nganzzz WICHTIG<\/strong><br \/>\nich BIN ich<\/p>\n","protected":false},"excerpt":{"rendered":"<p>Bu T\u00fcrk atas\u00f6z\u00fc, &#8222;At binenin, k\u0131l\u0131\u00e7 ku\u015fanan\u0131n,&#8220; bireyin kendi \u00e7abas\u0131n\u0131n ve yeterlili\u011finin ba\u015far\u0131 i\u00e7in temel oldu\u011funu ifade eder. Herkes kendi yeteneklerini kullanmal\u0131 ve f\u0131rsatlar\u0131 de\u011ferlendirmelidir. T\u00fcrk k\u00fclt\u00fcr\u00fcnde, bu s\u00f6z azim, cesaret ve bireysel sorumlulu\u011fun \u00f6nemine vurgu yapar. Auf Deutsch lautet dies &#8222;Das Pferd ist f\u00fcr den Reiter, das Schwert f\u00fcr den Waffentr\u00e4ger,&#8220; und betont, dass &hellip; <\/p>\n<p class=\"link-more\"><a href=\"http:\/\/wordpress.gurbuz.net\/?p=201844\" class=\"more-link\"><span class=\"screen-reader-text\">\u201eAt binenin, k\u0131l\u0131\u00e7 ku\u015fanan\u0131n. HEI\u00dfT es im t\u00fcrkischen. Dreisprachig\u201c<\/span> weiterlesen<\/a><\/p>\n","protected":false},"author":1,"featured_media":0,"comment_status":"open","ping_status":"open","sticky":false,"template":"","format":"standard","meta":[],"categories":[1],"tags":[],"_links":{"self":[{"href":"http:\/\/wordpress.gurbuz.net\/index.php?rest_route=\/wp\/v2\/posts\/201844"}],"collection":[{"href":"http:\/\/wordpress.gurbuz.net\/index.php?rest_route=\/wp\/v2\/posts"}],"about":[{"href":"http:\/\/wordpress.gurbuz.net\/index.php?rest_route=\/wp\/v2\/types\/post"}],"author":[{"embeddable":true,"href":"http:\/\/wordpress.gurbuz.net\/index.php?rest_route=\/wp\/v2\/users\/1"}],"replies":[{"embeddable":true,"href":"http:\/\/wordpress.gurbuz.net\/index.php?rest_route=%2Fwp%2Fv2%2Fcomments&post=201844"}],"version-history":[{"count":4,"href":"http:\/\/wordpress.gurbuz.net\/index.php?rest_route=\/wp\/v2\/posts\/201844\/revisions"}],"predecessor-version":[{"id":201848,"href":"http:\/\/wordpress.gurbuz.net\/index.php?rest_route=\/wp\/v2\/posts\/201844\/revisions\/201848"}],"wp:attachment":[{"href":"http:\/\/wordpress.gurbuz.net\/index.php?rest_route=%2Fwp%2Fv2%2Fmedia&parent=201844"}],"wp:term":[{"taxonomy":"category","embeddable":true,"href":"http:\/\/wordpress.gurbuz.net\/index.php?rest_route=%2Fwp%2Fv2%2Fcategories&post=201844"},{"taxonomy":"post_tag","embeddable":true,"href":"http:\/\/wordpress.gurbuz.net\/index.php?rest_route=%2Fwp%2Fv2%2Ftags&post=201844"}],"curies":[{"name":"wp","href":"https:\/\/api.w.org\/{rel}","templated":true}]}}