{"id":201830,"date":"2025-04-01T19:16:05","date_gmt":"2025-04-01T19:16:05","guid":{"rendered":"http:\/\/wordpress.gurbuz.net\/?p=201830"},"modified":"2025-04-02T01:15:06","modified_gmt":"2025-04-02T01:15:06","slug":"evet-itidal-ama-madem-marjinal-madem-oenemsiz-ulan-neden-goetuenuezue-yirtiyorsunuz","status":"publish","type":"post","link":"http:\/\/wordpress.gurbuz.net\/?p=201830","title":{"rendered":"EVET itidal AMA MADEM marjinal, madem \u00f6nemsiz ULAN NEDEN g\u00f6t\u00fcn\u00fcz\u00fc y\u0131rt\u0131yorsunuz?"},"content":{"rendered":"<p>Evet boykot\u2026<br \/>\nDemedim mi Peygamber Efendimizin ye\u015fili de\u011fil\u2026<br \/>\nDolar\u0131n ye\u015fili,<br \/>\nAnlatmad\u0131m mi FET\u00d6 falan NEDEN ayr\u0131ld\u0131klar\u0131n\u0131?<\/p>\n<p><iframe loading=\"lazy\" title=\"Kim Bu Siyasi Ayak? | Ne \u0130stediler De Vermedik | D\u00f6n Art\u0131k Bitsin Bu S\u0131la Hasreti\" width=\"525\" height=\"295\" src=\"https:\/\/www.youtube.com\/embed\/UkWKova-hCo?feature=oembed\" frameborder=\"0\" allow=\"accelerometer; autoplay; clipboard-write; encrypted-media; gyroscope; picture-in-picture; web-share\" referrerpolicy=\"strict-origin-when-cross-origin\" allowfullscreen><\/iframe><\/p>\n<p>Amaaa\u2026<br \/>\nSevgili gen\u00e7ler, imam\u0131n bilmem nesi\u2026<br \/>\nO\u2026<br \/>\n\u00d6zg\u00fcr \u00d6zel, ard\u0131nda YATAN ba\u015fka ger\u00e7ekler<\/p>\n<p><iframe loading=\"lazy\" title=\"&quot;Bitsin bu hasret, derken, &#039;gelin de i\u015finizi d\u00fcrelim&#039; demek istedik&quot;\" width=\"525\" height=\"295\" src=\"https:\/\/www.youtube.com\/embed\/jyYbV8CoGnc?feature=oembed\" frameborder=\"0\" allow=\"accelerometer; autoplay; clipboard-write; encrypted-media; gyroscope; picture-in-picture; web-share\" referrerpolicy=\"strict-origin-when-cross-origin\" allowfullscreen><\/iframe><\/p>\n<p>Evettttttttttttttttt&#8230;<br \/>\nBitsin bu hasret&#8230;<br \/>\nAma&#8230;<br \/>\nAMAAA ibnesiz, pezevenksiz&#8230;<br \/>\nDincisiz<\/p>\n<p>BIRLIKTE&#8230;<br \/>\nelbette. T\u00fcrk &#8211; K\u00fcrt karde\u015f<br \/>\nHEPIMIZ bu VATANIN&#8230;<br \/>\nEVLATLARIYIZ,<br \/>\nAnadolu&#8230;<br \/>\nANAMIZ<\/p>\n<p>Rahmetli kuzeyin o\u011fluysa\u2026<br \/>\nBende BATININ o\u011fluyum, sevi\u015ftim g\u00fcneyin k\u0131zlar\u0131 ile\u2026<br \/>\nBa\u015f\u0131ma \u201cdert\u201d ald\u0131m iki kere kuzeyin k\u0131zlar\u0131 ile<br \/>\nDo\u011fununkileriyle bak\u0131\u015ft\u0131k uzaktan uza\u011fa\u2026<br \/>\n\u2026<br \/>\nTepemi att\u0131rma, ulan arkada\u015f\u2026<br \/>\nRahat yok mu bana?<\/p>\n<p><img src=\"https:\/\/images.bursadabugun.com\/haber\/2025\/04\/01\/1801023-boykot-cagrisi-yapanlara-yonelik-sorusturma-baslatildi-67ec2e66bdc0e.png\" alt=\"\" \/><\/p>\n<p>Basitli\u011fin dayan\u0131lmaz hafifli\u011fi, g\u00f6t\u00fcn\u00fcze \u015fap m\u0131 de\u011fdi?<br \/>\nOf, off\u2026<br \/>\nOfff!<br \/>\nK\u0131yametleri kopar\u0131yorlar<\/p>\n<p><img src=\"http:\/\/www.gurbuz.net\/Yeni\/Screenshot 2025-04-02 025912.jpg\" alt=\"\" \/><\/p>\n<p>Fiiiiiiiiiiiiiiiiiiiiiiii<br \/>\nSiiiiiiiiiiiiiiiiiii<br \/>\nFiiiiiiiiiiiiii<\/p>\n<p><img loading=\"lazy\" class=\"\" src=\"http:\/\/www.gurbuz.net\/Yeni\/Screenshot 2025-04-01 210053.jpg\" alt=\"\" width=\"404\" height=\"492\" \/><\/p>\n<p>Nur Tu\u011fba Aktay<br \/>\nPolitikerin<\/p>\n<p>midem BULANDI, i\u011frendim<\/p>\n<p><img loading=\"lazy\" class=\"\" src=\"http:\/\/www.gurbuz.net\/Yeni\/Screenshot 2025-04-02 030810.jpg\" alt=\"\" width=\"404\" height=\"492\" \/><\/p>\n<p><strong>G\u00f6t k\u0131ll\u0131 \u201emilliyet\u00e7ileri\u201c<\/strong><br \/>\nweder f\u00fcr NOCH GEGEN&#8230;<br \/>\nAberrrrrrrrrrrrrrrrrrrrrrrrrrr<\/p>\n","protected":false},"excerpt":{"rendered":"<p>Evet boykot\u2026 Demedim mi Peygamber Efendimizin ye\u015fili de\u011fil\u2026 Dolar\u0131n ye\u015fili, Anlatmad\u0131m mi FET\u00d6 falan NEDEN ayr\u0131ld\u0131klar\u0131n\u0131? Amaaa\u2026 Sevgili gen\u00e7ler, imam\u0131n bilmem nesi\u2026 O\u2026 \u00d6zg\u00fcr \u00d6zel, ard\u0131nda YATAN ba\u015fka ger\u00e7ekler Evettttttttttttttttt&#8230; Bitsin bu hasret&#8230; Ama&#8230; AMAAA ibnesiz, pezevenksiz&#8230; Dincisiz BIRLIKTE&#8230; elbette. T\u00fcrk &#8211; K\u00fcrt karde\u015f HEPIMIZ bu VATANIN&#8230; EVLATLARIYIZ, Anadolu&#8230; ANAMIZ Rahmetli kuzeyin o\u011fluysa\u2026 Bende BATININ &hellip; <\/p>\n<p class=\"link-more\"><a href=\"http:\/\/wordpress.gurbuz.net\/?p=201830\" class=\"more-link\"><span class=\"screen-reader-text\">\u201eEVET itidal AMA MADEM marjinal, madem \u00f6nemsiz ULAN NEDEN g\u00f6t\u00fcn\u00fcz\u00fc y\u0131rt\u0131yorsunuz?\u201c<\/span> weiterlesen<\/a><\/p>\n","protected":false},"author":1,"featured_media":0,"comment_status":"open","ping_status":"open","sticky":false,"template":"","format":"standard","meta":[],"categories":[1],"tags":[],"_links":{"self":[{"href":"http:\/\/wordpress.gurbuz.net\/index.php?rest_route=\/wp\/v2\/posts\/201830"}],"collection":[{"href":"http:\/\/wordpress.gurbuz.net\/index.php?rest_route=\/wp\/v2\/posts"}],"about":[{"href":"http:\/\/wordpress.gurbuz.net\/index.php?rest_route=\/wp\/v2\/types\/post"}],"author":[{"embeddable":true,"href":"http:\/\/wordpress.gurbuz.net\/index.php?rest_route=\/wp\/v2\/users\/1"}],"replies":[{"embeddable":true,"href":"http:\/\/wordpress.gurbuz.net\/index.php?rest_route=%2Fwp%2Fv2%2Fcomments&post=201830"}],"version-history":[{"count":9,"href":"http:\/\/wordpress.gurbuz.net\/index.php?rest_route=\/wp\/v2\/posts\/201830\/revisions"}],"predecessor-version":[{"id":201839,"href":"http:\/\/wordpress.gurbuz.net\/index.php?rest_route=\/wp\/v2\/posts\/201830\/revisions\/201839"}],"wp:attachment":[{"href":"http:\/\/wordpress.gurbuz.net\/index.php?rest_route=%2Fwp%2Fv2%2Fmedia&parent=201830"}],"wp:term":[{"taxonomy":"category","embeddable":true,"href":"http:\/\/wordpress.gurbuz.net\/index.php?rest_route=%2Fwp%2Fv2%2Fcategories&post=201830"},{"taxonomy":"post_tag","embeddable":true,"href":"http:\/\/wordpress.gurbuz.net\/index.php?rest_route=%2Fwp%2Fv2%2Ftags&post=201830"}],"curies":[{"name":"wp","href":"https:\/\/api.w.org\/{rel}","templated":true}]}}