{"id":201585,"date":"2025-03-31T04:56:52","date_gmt":"2025-03-31T04:56:52","guid":{"rendered":"http:\/\/wordpress.gurbuz.net\/?p=201585"},"modified":"2025-03-31T05:29:52","modified_gmt":"2025-03-31T05:29:52","slug":"cok-canim-aciyor-igneye-uyusturucuya-ragmen-cok-bezdim-igrendim-tiksindim-bu-hayattan","status":"publish","type":"post","link":"http:\/\/wordpress.gurbuz.net\/?p=201585","title":{"rendered":"\u00e7ok CANIM ac\u0131yor, i\u011fneye \u2013 uyu\u015fturucuya ra\u011fmen. \u00c7ok bezdim, i\u011frendim, TIKSINDIM bu hayattan"},"content":{"rendered":"<p>&#8222;<strong>Au\u00dfenpolitik und Diplomatie sind nicht das Gleiche<\/strong><\/p>\n<p>Nat\u00fcrlich kann man ihr Recht geben. Lawrow stehen lassen? Na und, er steht doch f\u00fcr den Angriffskrieg gegen die Ukraine! Xi einen Diktator nennen? Der 70-J\u00e4hrige hat doch die vorsichtige \u00d6ffnung des Reichs der Mitte r\u00fcckg\u00e4ngig gemacht!<\/p>\n<p>Alles richtig, aber Annalena Baerbock ist nicht irgendeine Wahlk\u00e4mpferin oder Lobbyistin des Zentrums Liberale Moderne, der Lobbyorganisation eines Baerbock politisch nahestehenden Ehepaares \u2013 hier von Antje Vollmer thematisiert. Sie ist Chefdiplomatin, oberste Repr\u00e4sentantin eines Landes mit all seinen Menschen.<\/p>\n<p>Und in dieser Funktion unterliegt Frau Baerbock einem verh\u00e4ngnisvollen Irrtum: Au\u00dfenpolitik \u2013 mit oder ohne Werte \u2013 hat nichts mit Diplomatie zu tun. Als au\u00dfenpolitische Sprecherin ihrer Partei oder Fraktion k\u00f6nnte sie fast alles sagen, was sie will. Als Au\u00dfenministerin kann und darf sie es nicht.<\/p>\n<p>Diplomatie, so sagt der Duden, ist die &#8222;Methode der Wahrnehmung au\u00dfenpolitischer Interessen eines Staates durch seine Vertreter im Ausland&#8220;. Gemessen daran ist Annalena Baerbock der gr\u00f6\u00dfte anzunehmende Unfall, der dem Ausw\u00e4rtigen Amt und diesem Land h\u00e4tte passieren k\u00f6nnen.<\/p>\n<p>Nat\u00fcrlich muss man auch in der Diplomatie manchmal Klartext reden. Aber in einem Fox-News-Interview? Mit einem Statement, das der Qualit\u00e4t eines Referats an einer US-amerikanischen Highschool erinnert, und zwar der unteren Klassen?<\/p>\n<p>And we will support Ukraine as long as it takes. If Putin were to win this war, what sign would that be for other dictators in the world, like Xi, like the Chinese president? So therefore Ukraine has to win this war. Freedom and democracy have to win.<\/p>\n<p>Und wir werden die Ukraine so lange unterst\u00fctzen, wie es n\u00f6tig ist. Wenn Putin diesen Krieg gewinnen w\u00fcrde, was w\u00e4re das f\u00fcr ein Zeichen f\u00fcr andere Diktatoren in der Welt, wie Xi, wie der chinesische Pr\u00e4sident? Deshalb muss die Ukraine diesen Krieg gewinnen. Freiheit und Demokratie m\u00fcssen siegen.<\/p>\n<p>Annalena Baerbock auf Fox News<\/p>\n<p>Selbst wenn man die Einlassung wohlwollend betrachtet, kann man sie kaum guthei\u00dfen. Ein rascher Blick in soziale Netzwerke zeigt, dass alle Welt mit belustigtem Unverst\u00e4ndnis reagiert und der Frage: Das ist wirklich die deutsche Au\u00dfenministerin?<\/p>\n<p>Deutschland ruinieren<br \/>\nDie Folgen einer solchen Haltung bekommt Deutschland auch an anderer Stelle zu sp\u00fcren: Als nach dem russischen Angriff auf die Ukraine das erste Sanktionspaket der EU gegen Russland geschn\u00fcrt wurde, sagte Frau Baerbock: &#8222;Das wird Russland ruinieren&#8220;.<\/p>\n<p>Doch bisher haben die wirtschaftlichen Folgen der Russland-Sanktionen Deutschland ramponiert und viele Deutsche ruiniert. Nat\u00fcrlich nicht die Besserverdienenden im Kabinett, sondern einfache B\u00fcrger, Familien, Berufspendler. Gerade hat der ADAC vor erneut steigenden Kraftstoffpreisen gewarnt.&#8220;<\/p>\n<p><strong>gilt AUCH f\u00fcr Tayyipistan<\/strong><br \/>\nmeine WeltEN<\/p>\n<p>*<\/p>\n<p><ins datetime=\"2025-03-31T05:19:16+00:00\">07:11 DIE &#8222;Nachrichten&#8220;<\/ins><\/p>\n<p><ins datetime=\"2025-03-31T05:19:16+00:00\">&#8222;CDU wo du?&#8220;<br \/>\nneinnn Voodoo(!)<\/ins><\/p>\n<p><ins datetime=\"2025-03-31T05:19:16+00:00\">Nicht zu verwechseln mit&#8230;<br \/>\nWud\u016b&#8216;<\/ins><\/p>\n<p><ins datetime=\"2025-03-31T05:19:16+00:00\">\ud83d\ude09<br \/>\nes GIBT ZWEI Arten davon,<br \/>\nTeil UND GANZ K\u00f6rper Waschung&#8230;<br \/>\n\ud83d\ude09<br \/>\nNACH dingsBUMMS<\/ins><\/p>\n<p><ins datetime=\"2025-03-31T05:19:16+00:00\">Die Gebetswaschung im Islam oder auch auf arabisch Wudu genannt ist eine Teilwaschung vor dem Gebet und ist eine Pflicht.<\/ins><\/p>\n<p><ins datetime=\"2025-03-31T05:19:16+00:00\">SauberKEIT ist SEHR WICHTIG im Islam&#8230;<br \/>\nAberrr NOCH WICHTIGER&#8230;<br \/>\nIST&#8230;<br \/>\nDIE Reinheit des herzens<\/ins><br \/>\nInteressant, wie Sie das Thema mit einem humorvollen Twist pr\u00e4sentieren! Die Gebetswaschung, also Wudu, hat eine tiefere Bedeutung in der islamischen Praxis. Sie steht nicht nur f\u00fcr k\u00f6rperliche Reinheit, sondern auch f\u00fcr die spirituelle und moralische Vorbereitung auf die Kommunikation mit Gott.<\/p>\n<p>Was Sie hervorgehoben haben\u2014die Reinheit des Herzens\u2014ist tats\u00e4chlich ein Kernprinzip. \u00c4u\u00dfere Reinheit ist wichtig, doch innere Reinheit, wie Aufrichtigkeit und gute Absichten, hebt die Bedeutung noch mehr hervor.<\/p>\n<p>Die zwei Arten der Waschungen, die Sie erw\u00e4hnt haben, Teilwaschung (Wudu) und Ganzk\u00f6rperwaschung (Ghusl), zeigen auch die umfassenden Regeln und Vorschriften im Islam, die sich um Reinheit und Hygiene drehen.<\/p>\n<p>Haben Sie dieses Thema gew\u00e4hlt, um zu informieren oder steckt ein spezieller Gedanke dahinter?<\/p>\n<p><img loading=\"lazy\" class=\"\" src=\"http:\/\/www.gurbuz.net\/Yeni\/Screenshot 2025-03-31 072139.jpg\" alt=\"\" width=\"337\" height=\"464\" \/><\/p>\n<blockquote class=\"wp-embedded-content\" data-secret=\"fOtzto9MkP\"><p><a href=\"http:\/\/wordpress.gurbuz.net\/?p=197446\">Lieber GOTT HILF, sei UNS ALLEN gn\u00e4dig! NICHT einen Buchstaben, KEIN einziges Wort. Und Mensch fr\u00e4gt \u201eZensur!?\u201c JUNGS, die Damen und Herren von der Staatsanwaltschaft es SIND meine WeltEN  GESTERN\u2026 Es entspricht WEDER den staatlichen NOCH den diplomatischen Gepflogenheiten und schon gar nicht die der t\u00fcrkischen WENN das &#8211; Verteidigungsministerium &#8211; SICH AN EINEM TAG wie dem 06.02 zu Wort meldet, zu ihrer Erinnerung DAS gro\u00dfe Erdbeben\u2026 Sie w\u00fcrden weder die Pl\u00e4ne im Gaza NOCH die zwei neu zu errichtenden AMErIKAnischen St\u00fctzpunkte in Syrien dulden<\/a><\/p><\/blockquote>\n<p><iframe class=\"wp-embedded-content\" sandbox=\"allow-scripts\" security=\"restricted\" style=\"position: absolute; clip: rect(1px, 1px, 1px, 1px);\" title=\"&#8222;Lieber GOTT HILF, sei UNS ALLEN gn\u00e4dig! NICHT einen Buchstaben, KEIN einziges Wort. Und Mensch fr\u00e4gt \u201eZensur!?\u201c JUNGS, die Damen und Herren von der Staatsanwaltschaft es SIND meine WeltEN  GESTERN\u2026 Es entspricht WEDER den staatlichen NOCH den diplomatischen Gepflogenheiten und schon gar nicht die der t\u00fcrkischen WENN das &#8211; Verteidigungsministerium &#8211; SICH AN EINEM TAG wie dem 06.02 zu Wort meldet, zu ihrer Erinnerung DAS gro\u00dfe Erdbeben\u2026 Sie w\u00fcrden weder die Pl\u00e4ne im Gaza NOCH die zwei neu zu errichtenden AMErIKAnischen St\u00fctzpunkte in Syrien dulden&#8220; &#8212; \u00d6nder G\u00fcrb\u00fcz\" src=\"http:\/\/wordpress.gurbuz.net\/?p=197446&#038;embed=true#?secret=fOtzto9MkP\" data-secret=\"fOtzto9MkP\" width=\"525\" height=\"296\" frameborder=\"0\" marginwidth=\"0\" marginheight=\"0\" scrolling=\"no\"><\/iframe><\/p>\n<p>auch du vergiss NICHT,<br \/>\nich BIN ich, GOTT diese&#8230;<br \/>\nSchmerzen<\/p>\n","protected":false},"excerpt":{"rendered":"<p>&#8222;Au\u00dfenpolitik und Diplomatie sind nicht das Gleiche Nat\u00fcrlich kann man ihr Recht geben. Lawrow stehen lassen? Na und, er steht doch f\u00fcr den Angriffskrieg gegen die Ukraine! Xi einen Diktator nennen? Der 70-J\u00e4hrige hat doch die vorsichtige \u00d6ffnung des Reichs der Mitte r\u00fcckg\u00e4ngig gemacht! Alles richtig, aber Annalena Baerbock ist nicht irgendeine Wahlk\u00e4mpferin oder Lobbyistin &hellip; <\/p>\n<p class=\"link-more\"><a href=\"http:\/\/wordpress.gurbuz.net\/?p=201585\" class=\"more-link\"><span class=\"screen-reader-text\">\u201e\u00e7ok CANIM ac\u0131yor, i\u011fneye \u2013 uyu\u015fturucuya ra\u011fmen. \u00c7ok bezdim, i\u011frendim, TIKSINDIM bu hayattan\u201c<\/span> weiterlesen<\/a><\/p>\n","protected":false},"author":1,"featured_media":0,"comment_status":"open","ping_status":"open","sticky":false,"template":"","format":"standard","meta":[],"categories":[1],"tags":[],"_links":{"self":[{"href":"http:\/\/wordpress.gurbuz.net\/index.php?rest_route=\/wp\/v2\/posts\/201585"}],"collection":[{"href":"http:\/\/wordpress.gurbuz.net\/index.php?rest_route=\/wp\/v2\/posts"}],"about":[{"href":"http:\/\/wordpress.gurbuz.net\/index.php?rest_route=\/wp\/v2\/types\/post"}],"author":[{"embeddable":true,"href":"http:\/\/wordpress.gurbuz.net\/index.php?rest_route=\/wp\/v2\/users\/1"}],"replies":[{"embeddable":true,"href":"http:\/\/wordpress.gurbuz.net\/index.php?rest_route=%2Fwp%2Fv2%2Fcomments&post=201585"}],"version-history":[{"count":6,"href":"http:\/\/wordpress.gurbuz.net\/index.php?rest_route=\/wp\/v2\/posts\/201585\/revisions"}],"predecessor-version":[{"id":201591,"href":"http:\/\/wordpress.gurbuz.net\/index.php?rest_route=\/wp\/v2\/posts\/201585\/revisions\/201591"}],"wp:attachment":[{"href":"http:\/\/wordpress.gurbuz.net\/index.php?rest_route=%2Fwp%2Fv2%2Fmedia&parent=201585"}],"wp:term":[{"taxonomy":"category","embeddable":true,"href":"http:\/\/wordpress.gurbuz.net\/index.php?rest_route=%2Fwp%2Fv2%2Fcategories&post=201585"},{"taxonomy":"post_tag","embeddable":true,"href":"http:\/\/wordpress.gurbuz.net\/index.php?rest_route=%2Fwp%2Fv2%2Ftags&post=201585"}],"curies":[{"name":"wp","href":"https:\/\/api.w.org\/{rel}","templated":true}]}}