{"id":201572,"date":"2025-03-31T02:38:58","date_gmt":"2025-03-31T02:38:58","guid":{"rendered":"http:\/\/wordpress.gurbuz.net\/?p=201572"},"modified":"2025-03-31T02:53:53","modified_gmt":"2025-03-31T02:53:53","slug":"mueslueman-kallesler-4","status":"publish","type":"post","link":"http:\/\/wordpress.gurbuz.net\/?p=201572","title":{"rendered":"### !!! >>> \u201cM\u00fcsl\u00fcman\u201d kalLE\u015eler <<< !!! ###"},"content":{"rendered":"<p>Peygamber Efendimizin ye\u015fili de\u011fildir dertleri\u2026<br \/>\nDOLLARIN ye\u015filidir emelleri<\/p>\n<p><strong>BIRLIKTE\u2026<br \/>\nG\u00fczel g\u00fcnlere<\/strong> AMA i\u00e7imizdeki le\u015fleri temizlememiz laz\u0131m,<br \/>\nNe demi\u015ftin \u201cgard\u0131rop Atat\u00fcrk\u00e7\u00fcs\u00fc\u201d<br \/>\nNe G\u00d6T KILLI milliyet\u00e7ileri\u2026<br \/>\nNe ADI dincisi GEREKMIYOR BIZE<br \/>\nIbneLER<\/p>\n<p><img src=\"https:\/\/haber.sol.org.tr\/sites\/default\/files\/styles\/820x460\/public\/images\/content\/article\/2024\/05\/16\/espressolab.jpg.gif?itok=tukcrWiQ\" alt=\"\" \/><\/p>\n<p>&#8222;Topba\u015f&#8217;la akrabal\u0131ktan, Fas Ba\u015fbakan\u0131yla ortakl\u0131\u011fa: Espressolab nas\u0131l bu kadar b\u00fcy\u00fcd\u00fc?&#8220;<\/p>\n<p>https:\/\/haber.sol.org.tr\/haber\/topbasla-akrabaliktan-fas-basbakaniyla-ortakliga-espressolab-nasil-bu-kadar-buyudu-393385<\/p>\n<p>\u00d6zg\u00fcr \u00d6zel\u2026<br \/>\nSende DIKKAT ET sokmayay\u0131m seni bir taraflara,<br \/>\nMansur Yava\u015f<br \/>\nOberb\u00fcrgermeister von Ankara<\/p>\n","protected":false},"excerpt":{"rendered":"<p>Peygamber Efendimizin ye\u015fili de\u011fildir dertleri\u2026 DOLLARIN ye\u015filidir emelleri BIRLIKTE\u2026 G\u00fczel g\u00fcnlere AMA i\u00e7imizdeki le\u015fleri temizlememiz laz\u0131m, Ne demi\u015ftin \u201cgard\u0131rop Atat\u00fcrk\u00e7\u00fcs\u00fc\u201d Ne G\u00d6T KILLI milliyet\u00e7ileri\u2026 Ne ADI dincisi GEREKMIYOR BIZE IbneLER &#8222;Topba\u015f&#8217;la akrabal\u0131ktan, Fas Ba\u015fbakan\u0131yla ortakl\u0131\u011fa: Espressolab nas\u0131l bu kadar b\u00fcy\u00fcd\u00fc?&#8220; https:\/\/haber.sol.org.tr\/haber\/topbasla-akrabaliktan-fas-basbakaniyla-ortakliga-espressolab-nasil-bu-kadar-buyudu-393385 \u00d6zg\u00fcr \u00d6zel\u2026 Sende DIKKAT ET sokmayay\u0131m seni bir taraflara, Mansur Yava\u015f Oberb\u00fcrgermeister von Ankara<\/p>\n","protected":false},"author":1,"featured_media":0,"comment_status":"open","ping_status":"open","sticky":false,"template":"","format":"standard","meta":[],"categories":[1],"tags":[],"_links":{"self":[{"href":"http:\/\/wordpress.gurbuz.net\/index.php?rest_route=\/wp\/v2\/posts\/201572"}],"collection":[{"href":"http:\/\/wordpress.gurbuz.net\/index.php?rest_route=\/wp\/v2\/posts"}],"about":[{"href":"http:\/\/wordpress.gurbuz.net\/index.php?rest_route=\/wp\/v2\/types\/post"}],"author":[{"embeddable":true,"href":"http:\/\/wordpress.gurbuz.net\/index.php?rest_route=\/wp\/v2\/users\/1"}],"replies":[{"embeddable":true,"href":"http:\/\/wordpress.gurbuz.net\/index.php?rest_route=%2Fwp%2Fv2%2Fcomments&post=201572"}],"version-history":[{"count":7,"href":"http:\/\/wordpress.gurbuz.net\/index.php?rest_route=\/wp\/v2\/posts\/201572\/revisions"}],"predecessor-version":[{"id":201581,"href":"http:\/\/wordpress.gurbuz.net\/index.php?rest_route=\/wp\/v2\/posts\/201572\/revisions\/201581"}],"wp:attachment":[{"href":"http:\/\/wordpress.gurbuz.net\/index.php?rest_route=%2Fwp%2Fv2%2Fmedia&parent=201572"}],"wp:term":[{"taxonomy":"category","embeddable":true,"href":"http:\/\/wordpress.gurbuz.net\/index.php?rest_route=%2Fwp%2Fv2%2Fcategories&post=201572"},{"taxonomy":"post_tag","embeddable":true,"href":"http:\/\/wordpress.gurbuz.net\/index.php?rest_route=%2Fwp%2Fv2%2Ftags&post=201572"}],"curies":[{"name":"wp","href":"https:\/\/api.w.org\/{rel}","templated":true}]}}