{"id":201513,"date":"2025-03-30T08:03:05","date_gmt":"2025-03-30T08:03:05","guid":{"rendered":"http:\/\/wordpress.gurbuz.net\/?p=201513"},"modified":"2025-03-30T16:17:39","modified_gmt":"2025-03-30T16:17:39","slug":"cuemlemizin-bayrami-muebarek-olsun-allah-tutugunuz-oruclari-kabul-etsin-edilen-ibadetleri","status":"publish","type":"post","link":"http:\/\/wordpress.gurbuz.net\/?p=201513","title":{"rendered":"C\u00fcmlemizin bayram\u0131 m\u00fcbarek olsun, Allah tutu\u011funuz oru\u00e7lar\u0131 kabul etsin. Edilen ibadetleri"},"content":{"rendered":"<p><strong>BIRLIKTE<\/strong>\u2026<br \/>\nG\u00fczel g\u00fcnlere<\/p>\n<p>*<\/p>\n<p>\u201c\u00d6nder sakallar\u0131n dahada beyazlam\u0131\u015f\u201d<br \/>\nB\u0131y\u0131klar\u0131m\u0131, sa\u00e7lar\u0131m\u0131 i\u015faret ettim\u2026<br \/>\n\u201cDaha da portakalla\u015ft\u0131 b\u0131y\u0131klar\u0131n. NE KADAR abuk zubuk adams\u0131n ya\u201d<br \/>\nValide ile bu sabah<\/p>\n<p>Hi\u00e7bir zaman aksini iddia etmedim<br \/>\nC\u0131mb\u0131zl\u0131k!<\/p>\n<p>\ud83d\ude42<br \/>\n\ud83d\ude09<\/p>\n<p>Adam???<\/p>\n<p>bir \u00c7eyrek<\/p>\n<p>*<\/p>\n<p>\u201cNereye gidiyorsun ya, \u00fc\u00e7 ayd\u0131r y\u00fcz\u00fcn\u00fc g\u00f6rmedim\u201d<br \/>\n\u00c7ok s\u0131cak<br \/>\n\u201c\u0130nanma F\u2026 s\u0131ca\u011f\u0131 bahane ediyor\u201d<\/p>\n<p>Y\u00fcz\u00fcm\u00fc g\u00f6ren,<br \/>\nNe derler?<br \/>\nCennetlik<\/p>\n","protected":false},"excerpt":{"rendered":"<p>BIRLIKTE\u2026 G\u00fczel g\u00fcnlere * \u201c\u00d6nder sakallar\u0131n dahada beyazlam\u0131\u015f\u201d B\u0131y\u0131klar\u0131m\u0131, sa\u00e7lar\u0131m\u0131 i\u015faret ettim\u2026 \u201cDaha da portakalla\u015ft\u0131 b\u0131y\u0131klar\u0131n. NE KADAR abuk zubuk adams\u0131n ya\u201d Valide ile bu sabah Hi\u00e7bir zaman aksini iddia etmedim C\u0131mb\u0131zl\u0131k! \ud83d\ude42 \ud83d\ude09 Adam??? bir \u00c7eyrek * \u201cNereye gidiyorsun ya, \u00fc\u00e7 ayd\u0131r y\u00fcz\u00fcn\u00fc g\u00f6rmedim\u201d \u00c7ok s\u0131cak \u201c\u0130nanma F\u2026 s\u0131ca\u011f\u0131 bahane ediyor\u201d Y\u00fcz\u00fcm\u00fc g\u00f6ren, Ne &hellip; <\/p>\n<p class=\"link-more\"><a href=\"http:\/\/wordpress.gurbuz.net\/?p=201513\" class=\"more-link\"><span class=\"screen-reader-text\">\u201eC\u00fcmlemizin bayram\u0131 m\u00fcbarek olsun, Allah tutu\u011funuz oru\u00e7lar\u0131 kabul etsin. Edilen ibadetleri\u201c<\/span> weiterlesen<\/a><\/p>\n","protected":false},"author":1,"featured_media":0,"comment_status":"open","ping_status":"open","sticky":false,"template":"","format":"standard","meta":[],"categories":[1],"tags":[],"_links":{"self":[{"href":"http:\/\/wordpress.gurbuz.net\/index.php?rest_route=\/wp\/v2\/posts\/201513"}],"collection":[{"href":"http:\/\/wordpress.gurbuz.net\/index.php?rest_route=\/wp\/v2\/posts"}],"about":[{"href":"http:\/\/wordpress.gurbuz.net\/index.php?rest_route=\/wp\/v2\/types\/post"}],"author":[{"embeddable":true,"href":"http:\/\/wordpress.gurbuz.net\/index.php?rest_route=\/wp\/v2\/users\/1"}],"replies":[{"embeddable":true,"href":"http:\/\/wordpress.gurbuz.net\/index.php?rest_route=%2Fwp%2Fv2%2Fcomments&post=201513"}],"version-history":[{"count":5,"href":"http:\/\/wordpress.gurbuz.net\/index.php?rest_route=\/wp\/v2\/posts\/201513\/revisions"}],"predecessor-version":[{"id":201527,"href":"http:\/\/wordpress.gurbuz.net\/index.php?rest_route=\/wp\/v2\/posts\/201513\/revisions\/201527"}],"wp:attachment":[{"href":"http:\/\/wordpress.gurbuz.net\/index.php?rest_route=%2Fwp%2Fv2%2Fmedia&parent=201513"}],"wp:term":[{"taxonomy":"category","embeddable":true,"href":"http:\/\/wordpress.gurbuz.net\/index.php?rest_route=%2Fwp%2Fv2%2Fcategories&post=201513"},{"taxonomy":"post_tag","embeddable":true,"href":"http:\/\/wordpress.gurbuz.net\/index.php?rest_route=%2Fwp%2Fv2%2Ftags&post=201513"}],"curies":[{"name":"wp","href":"https:\/\/api.w.org\/{rel}","templated":true}]}}