{"id":201433,"date":"2025-03-29T07:28:26","date_gmt":"2025-03-29T07:28:26","guid":{"rendered":"http:\/\/wordpress.gurbuz.net\/?p=201433"},"modified":"2025-03-29T07:50:07","modified_gmt":"2025-03-29T07:50:07","slug":"und-ja-ich-hatte-erzaehlt-von-meinem-traum-seit-kindertagen-ich-und-die-schulbank-bilder-mein-freund-die-sie-mir-zukommen-lassen-erzaehl-uns-was-zur-neu-gegruendeten-terrororganisation-an-stelle-der","status":"publish","type":"post","link":"http:\/\/wordpress.gurbuz.net\/?p=201433","title":{"rendered":"und JA ich hatte erz\u00e4hlt von meinem Traum SEIT Kindertagen, ich UND DIE Schulbank bilder MEIN FREUND die sie mir zukommen lassen, ERZ\u00c4HL uns was zur NEU gegr\u00fcndeten Terrororganisation an stelle der PKK G\u00fcney K\u0131br\u0131s&#8217;ta &#8222;Devrimci \u00d6zg\u00fcrl\u00fck Sava\u015f\u00e7\u0131lar\u0131 Hareketi&#8220;"},"content":{"rendered":"<p>Die &#8222;Devrimci \u00d6zg\u00fcrl\u00fck Sava\u015f\u00e7\u0131lar\u0131 Hareketi&#8220; ist eine neu gegr\u00fcndete Organisation in S\u00fcdzypern, die sich gegen die t\u00fcrkische Pr\u00e4senz auf der Insel richtet2. Sie bezeichnet diese Pr\u00e4senz als &#8222;Besatzung&#8220; und hat ihre Ziele in einer Reihe von \u00f6ffentlichen Mitteilungen und Aktionen bekannt gemacht2. Die Gruppe verwendet Symbole wie Feuer und Axt, die historisch mit dem Widerstand gegen das Osmanische Reich verbunden sind3.<\/p>\n<p>Die Organisation hat Flugbl\u00e4tter verteilt und \u00f6ffentliche Pl\u00e4tze mit Plakaten versehen, um ihre Botschaft zu verbreiten3. Es wird berichtet, dass sie ideologisch von anti-t\u00fcrkischen Narrativen in Bildung und Religion beeinflusst wird4. Historiker wie Dr. Yasin Cemal Galata haben darauf hingewiesen, dass solche Gruppen oft durch tief verwurzelte Vorurteile und Hassrede entstehen.<\/p>\n<p>Die Situation ist komplex und spiegelt die Spannungen wider, die seit Jahrzehnten in der Region bestehen. Was denkst du \u00fcber die Dynamik solcher Bewegungen?<\/p>\n<p><img loading=\"lazy\" class=\"\" src=\"http:\/\/www.gurbuz.net\/Yeni\/Screenshot 2025-03-29 082332.jpg\" alt=\"\" width=\"251\" height=\"552\" \/><br \/>\n<img loading=\"lazy\" class=\"\" src=\"http:\/\/www.gurbuz.net\/Yeni\/Screenshot 2025-03-29 082404.jpg\" alt=\"\" width=\"251\" height=\"552\" \/><\/p>\n<p>Ich wei\u00df das IHR K\u00d6NNT\u2026<br \/>\nDie Spritze UND das kleine Fl\u00e4schchen<br \/>\nAberrrrrrrrrrrr<br \/>\nich BIN ich<\/p>\n<p>### 08:30 DER Herr Wanner ###<\/p>\n<p>Das Schicksal eines JEDEN VERR\u00c4TERS ist&#8230;<br \/>\nGleich,<br \/>\nMEINE WeltEN<\/p>\n<p>Der Herr Wanner<br \/>\nGerade EBEN<br \/>\n\u201e<strong>die Realit\u00e4t IST bitter<\/strong>\u201c<\/p>\n<p>\u00d6nderrr kalk<\/p>\n","protected":false},"excerpt":{"rendered":"<p>Die &#8222;Devrimci \u00d6zg\u00fcrl\u00fck Sava\u015f\u00e7\u0131lar\u0131 Hareketi&#8220; ist eine neu gegr\u00fcndete Organisation in S\u00fcdzypern, die sich gegen die t\u00fcrkische Pr\u00e4senz auf der Insel richtet2. Sie bezeichnet diese Pr\u00e4senz als &#8222;Besatzung&#8220; und hat ihre Ziele in einer Reihe von \u00f6ffentlichen Mitteilungen und Aktionen bekannt gemacht2. Die Gruppe verwendet Symbole wie Feuer und Axt, die historisch mit dem Widerstand &hellip; <\/p>\n<p class=\"link-more\"><a href=\"http:\/\/wordpress.gurbuz.net\/?p=201433\" class=\"more-link\"><span class=\"screen-reader-text\">\u201eund JA ich hatte erz\u00e4hlt von meinem Traum SEIT Kindertagen, ich UND DIE Schulbank bilder MEIN FREUND die sie mir zukommen lassen, ERZ\u00c4HL uns was zur NEU gegr\u00fcndeten Terrororganisation an stelle der PKK G\u00fcney K\u0131br\u0131s&#8217;ta &#8222;Devrimci \u00d6zg\u00fcrl\u00fck Sava\u015f\u00e7\u0131lar\u0131 Hareketi&#8220;\u201c<\/span> weiterlesen<\/a><\/p>\n","protected":false},"author":1,"featured_media":0,"comment_status":"open","ping_status":"open","sticky":false,"template":"","format":"standard","meta":[],"categories":[1],"tags":[],"_links":{"self":[{"href":"http:\/\/wordpress.gurbuz.net\/index.php?rest_route=\/wp\/v2\/posts\/201433"}],"collection":[{"href":"http:\/\/wordpress.gurbuz.net\/index.php?rest_route=\/wp\/v2\/posts"}],"about":[{"href":"http:\/\/wordpress.gurbuz.net\/index.php?rest_route=\/wp\/v2\/types\/post"}],"author":[{"embeddable":true,"href":"http:\/\/wordpress.gurbuz.net\/index.php?rest_route=\/wp\/v2\/users\/1"}],"replies":[{"embeddable":true,"href":"http:\/\/wordpress.gurbuz.net\/index.php?rest_route=%2Fwp%2Fv2%2Fcomments&post=201433"}],"version-history":[{"count":7,"href":"http:\/\/wordpress.gurbuz.net\/index.php?rest_route=\/wp\/v2\/posts\/201433\/revisions"}],"predecessor-version":[{"id":201443,"href":"http:\/\/wordpress.gurbuz.net\/index.php?rest_route=\/wp\/v2\/posts\/201433\/revisions\/201443"}],"wp:attachment":[{"href":"http:\/\/wordpress.gurbuz.net\/index.php?rest_route=%2Fwp%2Fv2%2Fmedia&parent=201433"}],"wp:term":[{"taxonomy":"category","embeddable":true,"href":"http:\/\/wordpress.gurbuz.net\/index.php?rest_route=%2Fwp%2Fv2%2Fcategories&post=201433"},{"taxonomy":"post_tag","embeddable":true,"href":"http:\/\/wordpress.gurbuz.net\/index.php?rest_route=%2Fwp%2Fv2%2Ftags&post=201433"}],"curies":[{"name":"wp","href":"https:\/\/api.w.org\/{rel}","templated":true}]}}