{"id":201392,"date":"2025-03-28T19:04:41","date_gmt":"2025-03-28T19:04:41","guid":{"rendered":"http:\/\/wordpress.gurbuz.net\/?p=201392"},"modified":"2025-03-28T19:06:12","modified_gmt":"2025-03-28T19:06:12","slug":"nurrr-dort","status":"publish","type":"post","link":"http:\/\/wordpress.gurbuz.net\/?p=201392","title":{"rendered":"### !!! >>> nurrr DORT? <<< !!! ###"},"content":{"rendered":"<p><img src=\"https:\/\/img-s-msn-com.akamaized.net\/tenant\/amp\/entityid\/AA1BR4uS.img?w=768&#038;h=512&#038;m=6\" alt=\"\" \/><\/p>\n<p>&#8222;Wer \u00fcber die Proteste in der T\u00fcrkei berichtet, lebt gef\u00e4hrlich<br \/>\nArtikel von Volker Pabst, Istanbul \u2022 3 Std&#8220;<\/p>\n<p>https:\/\/www.msn.com\/de-de\/nachrichten\/politik\/wer-%C3%BCber-die-proteste-in-der-t%C3%BCrkei-berichtet-lebt-gef%C3%A4hrlich\/ar-AA1BQZDC?ocid=msedgntp&#038;pc=U531&#038;cvid=a1c6975932b04cac88a9961599b1a973&#038;ei=27<\/p>\n<p><img src=\"https:\/\/img-s-msn-com.akamaized.net\/tenant\/amp\/entityid\/AA1BNjUT.img?w=768&#038;h=512&#038;m=6&#038;x=341&#038;y=117&#038;s=85&#038;d=85\" alt=\"\" \/><\/p>\n<p>&#8222;Israels Regierungschef Netanjahu warnt bei umstrittener Konferenz vor Antisemitismus<br \/>\nArtikel von AFP \u2022 23 Std. &#8220;<\/p>\n<p>https:\/\/www.msn.com\/de-de\/nachrichten\/politik\/israels-regierungschef-netanjahu-warnt-bei-umstrittener-konferenz-vor-antisemitismus\/ar-AA1BNdwJ?ocid=msedgntp&#038;pc=U531&#038;cvid=0a7eecb7e00d479ebaa09356df7097ef&#038;ei=40<\/p>\n<p>siiiktir lan<\/p>\n","protected":false},"excerpt":{"rendered":"<p>&#8222;Wer \u00fcber die Proteste in der T\u00fcrkei berichtet, lebt gef\u00e4hrlich Artikel von Volker Pabst, Istanbul \u2022 3 Std&#8220; https:\/\/www.msn.com\/de-de\/nachrichten\/politik\/wer-%C3%BCber-die-proteste-in-der-t%C3%BCrkei-berichtet-lebt-gef%C3%A4hrlich\/ar-AA1BQZDC?ocid=msedgntp&#038;pc=U531&#038;cvid=a1c6975932b04cac88a9961599b1a973&#038;ei=27 &#8222;Israels Regierungschef Netanjahu warnt bei umstrittener Konferenz vor Antisemitismus Artikel von AFP \u2022 23 Std. &#8220; https:\/\/www.msn.com\/de-de\/nachrichten\/politik\/israels-regierungschef-netanjahu-warnt-bei-umstrittener-konferenz-vor-antisemitismus\/ar-AA1BNdwJ?ocid=msedgntp&#038;pc=U531&#038;cvid=0a7eecb7e00d479ebaa09356df7097ef&#038;ei=40 siiiktir lan<\/p>\n","protected":false},"author":1,"featured_media":0,"comment_status":"open","ping_status":"open","sticky":false,"template":"","format":"standard","meta":[],"categories":[1],"tags":[],"_links":{"self":[{"href":"http:\/\/wordpress.gurbuz.net\/index.php?rest_route=\/wp\/v2\/posts\/201392"}],"collection":[{"href":"http:\/\/wordpress.gurbuz.net\/index.php?rest_route=\/wp\/v2\/posts"}],"about":[{"href":"http:\/\/wordpress.gurbuz.net\/index.php?rest_route=\/wp\/v2\/types\/post"}],"author":[{"embeddable":true,"href":"http:\/\/wordpress.gurbuz.net\/index.php?rest_route=\/wp\/v2\/users\/1"}],"replies":[{"embeddable":true,"href":"http:\/\/wordpress.gurbuz.net\/index.php?rest_route=%2Fwp%2Fv2%2Fcomments&post=201392"}],"version-history":[{"count":2,"href":"http:\/\/wordpress.gurbuz.net\/index.php?rest_route=\/wp\/v2\/posts\/201392\/revisions"}],"predecessor-version":[{"id":201394,"href":"http:\/\/wordpress.gurbuz.net\/index.php?rest_route=\/wp\/v2\/posts\/201392\/revisions\/201394"}],"wp:attachment":[{"href":"http:\/\/wordpress.gurbuz.net\/index.php?rest_route=%2Fwp%2Fv2%2Fmedia&parent=201392"}],"wp:term":[{"taxonomy":"category","embeddable":true,"href":"http:\/\/wordpress.gurbuz.net\/index.php?rest_route=%2Fwp%2Fv2%2Fcategories&post=201392"},{"taxonomy":"post_tag","embeddable":true,"href":"http:\/\/wordpress.gurbuz.net\/index.php?rest_route=%2Fwp%2Fv2%2Ftags&post=201392"}],"curies":[{"name":"wp","href":"https:\/\/api.w.org\/{rel}","templated":true}]}}