{"id":201384,"date":"2025-03-28T18:42:33","date_gmt":"2025-03-28T18:42:33","guid":{"rendered":"http:\/\/wordpress.gurbuz.net\/?p=201384"},"modified":"2025-03-28T18:49:54","modified_gmt":"2025-03-28T18:49:54","slug":"ne-ben-ne-benim-gibiler-oeldue","status":"publish","type":"post","link":"http:\/\/wordpress.gurbuz.net\/?p=201384","title":{"rendered":"ne ben NE BENIM GIBILER \u00d6LD\u00dc"},"content":{"rendered":"<p><img src=\"https:\/\/img-s-msn-com.akamaized.net\/tenant\/amp\/entityid\/AA1BQPVj.img?w=630&amp;h=472&amp;m=6\" alt=\"\" \/><br \/>\nPfefferspray gegen einen Derwisch. In der T\u00fcrkei geht es um alles.<br \/>\n\u00a9 Francisco Seco\/dpa<\/p>\n<p>&#8222;\u015fikayet&#8220;mi\u015f!?<\/p>\n<p>siktirin LAN g\u00f6t KILLARI<\/p>\n<p>############<br \/>\n############<br \/>\n############<\/p>\n<p>ist wie OBEN ich w\u00fcnschte ich k\u00f6nnte<\/p>\n<p><img src=\"https:\/\/img-s-msn-com.akamaized.net\/tenant\/amp\/entityid\/AA1BQmMa.img?w=768&amp;h=543&amp;m=6&amp;x=393&amp;y=112&amp;s=294&amp;d=115\" alt=\"\" \/><\/p>\n<p><strong>SIE&#8230;<br \/>\nauch IHR Jungs habt KEINE AHNUNG wie gro\u00df DER SCHADEN IST<\/strong><\/p>\n<p>&#8222;UN-Mitglieder stemmen sich gegen Baerbock: \u201eSargnagel f\u00fcr die Vereinten Nationen\u201c<br \/>\nArtikel von Henrik Jonathan Zinn \u2022 6 Std. <\/p>\n<p>&#8230;<br \/>\nNominierung von Baerbock: \u201eDeutschland hat unsere Zeit verschwendet\u201c<br \/>\nViele internationale Partner hatten daher vorab bereits mit Schmid zusammengearbeitet und f\u00fchlen sich von der Baerbock-Nominierung vor den Kopf gesto\u00dfen. Dem \u201eTagesspiegel\u201c liegen mehrere interne Chats vor, die belegen, wie gro\u00df der Unmut unter den UN-Mitarbeitern ist.&#8220;<\/p>\n<p>https:\/\/www.msn.com\/de-de\/nachrichten\/politik\/un-mitglieder-stemmen-sich-gegen-baerbock-sargnagel-f%C3%BCr-die-vereinten-nationen\/ar-AA1BQyqA?ocid=msedgntp&#038;pc=U531&#038;cvid=b8f78b907f1848ef82e8272560860351&#038;ei=34<\/p>\n","protected":false},"excerpt":{"rendered":"<p>Pfefferspray gegen einen Derwisch. In der T\u00fcrkei geht es um alles. \u00a9 Francisco Seco\/dpa &#8222;\u015fikayet&#8220;mi\u015f!? siktirin LAN g\u00f6t KILLARI ############ ############ ############ ist wie OBEN ich w\u00fcnschte ich k\u00f6nnte SIE&#8230; auch IHR Jungs habt KEINE AHNUNG wie gro\u00df DER SCHADEN IST &#8222;UN-Mitglieder stemmen sich gegen Baerbock: \u201eSargnagel f\u00fcr die Vereinten Nationen\u201c Artikel von Henrik Jonathan &hellip; <\/p>\n<p class=\"link-more\"><a href=\"http:\/\/wordpress.gurbuz.net\/?p=201384\" class=\"more-link\"><span class=\"screen-reader-text\">\u201ene ben NE BENIM GIBILER \u00d6LD\u00dc\u201c<\/span> weiterlesen<\/a><\/p>\n","protected":false},"author":1,"featured_media":0,"comment_status":"open","ping_status":"open","sticky":false,"template":"","format":"standard","meta":[],"categories":[1],"tags":[],"_links":{"self":[{"href":"http:\/\/wordpress.gurbuz.net\/index.php?rest_route=\/wp\/v2\/posts\/201384"}],"collection":[{"href":"http:\/\/wordpress.gurbuz.net\/index.php?rest_route=\/wp\/v2\/posts"}],"about":[{"href":"http:\/\/wordpress.gurbuz.net\/index.php?rest_route=\/wp\/v2\/types\/post"}],"author":[{"embeddable":true,"href":"http:\/\/wordpress.gurbuz.net\/index.php?rest_route=\/wp\/v2\/users\/1"}],"replies":[{"embeddable":true,"href":"http:\/\/wordpress.gurbuz.net\/index.php?rest_route=%2Fwp%2Fv2%2Fcomments&post=201384"}],"version-history":[{"count":3,"href":"http:\/\/wordpress.gurbuz.net\/index.php?rest_route=\/wp\/v2\/posts\/201384\/revisions"}],"predecessor-version":[{"id":201387,"href":"http:\/\/wordpress.gurbuz.net\/index.php?rest_route=\/wp\/v2\/posts\/201384\/revisions\/201387"}],"wp:attachment":[{"href":"http:\/\/wordpress.gurbuz.net\/index.php?rest_route=%2Fwp%2Fv2%2Fmedia&parent=201384"}],"wp:term":[{"taxonomy":"category","embeddable":true,"href":"http:\/\/wordpress.gurbuz.net\/index.php?rest_route=%2Fwp%2Fv2%2Fcategories&post=201384"},{"taxonomy":"post_tag","embeddable":true,"href":"http:\/\/wordpress.gurbuz.net\/index.php?rest_route=%2Fwp%2Fv2%2Ftags&post=201384"}],"curies":[{"name":"wp","href":"https:\/\/api.w.org\/{rel}","templated":true}]}}