{"id":201365,"date":"2025-03-28T13:50:19","date_gmt":"2025-03-28T13:50:19","guid":{"rendered":"http:\/\/wordpress.gurbuz.net\/?p=201365"},"modified":"2025-03-28T14:07:55","modified_gmt":"2025-03-28T14:07:55","slug":"ist-wie-mit-sars-cov2-das-mit-nord-stream2","status":"publish","type":"post","link":"http:\/\/wordpress.gurbuz.net\/?p=201365","title":{"rendered":"IST WIE mit SARS-CoV2 das mit Nord Stream2"},"content":{"rendered":"<p>Entweder ich mich selbst\u2026<br \/>\nOder DIE Zeit mich<\/p>\n<p>*<\/p>\n<p>MOSSAD\u2026<br \/>\nCIA falan dinlemem\u2026<br \/>\nSIKERIM anan\u0131z\u0131. YARIM g\u00f6t\u2026<br \/>\nM\u00f6t, bir ikinizi al\u0131r g\u00f6t\u00fcr\u00fcr\u00fcm yan\u0131mda<\/p>\n<p><img src=\"https:\/\/img-s-msn-com.akamaized.net\/tenant\/amp\/entityid\/AA1BQnaI.img?w=768&amp;h=432&amp;m=6&amp;x=286&amp;y=116&amp;s=212&amp;d=212\" alt=\"\" \/><\/p>\n<p>der EINE Imam IST wie der ANDERE,<br \/>\nTausche AMerika nicht gegen Russland ein&#8230;<br \/>\nDen Franzos GEGEN den engl\u00e4nder<\/p>\n<p>Alles der selbe schei\u00df die da oben,<br \/>\nhaben NUR EINS im Sinn,<br \/>\nwieee FICKE ich den anderen<\/p>\n<p>&#8222;Gastbeitrag in &#8222;New York Times&#8220;: \u0130mamo\u011flu: Erdo\u011fan hat T\u00fcrkei in \u201eRepublik der Angst\u201c verwandelt<br \/>\n27 Min.&#8220;<\/p>\n<p>https:\/\/www.msn.com\/de-de\/nachrichten\/politik\/gastbeitrag-in-new-york-times-%C4%B0mamo%C4%9Flu-erdo%C4%9Fan-hat-t%C3%BCrkei-in-republik-der-angst-verwandelt\/ar-AA1BQABj?ocid=msedgntp&#038;pc=U531&#038;cvid=818b1ea856614786a900f8942ea7ebe9&#038;ei=29<\/p>\n<p>Angsttt?<br \/>\n<strong>KEIN geb\u00fcrtiger deutscher\u2026<br \/>\nK\u00d6NNTE\u2026<br \/>\nIn dieser Hinsicht mir DAS WASSER reichen German Angst <\/strong><\/p>\n<p><ins datetime=\"2025-03-28T14:06:38+00:00\">Ein Begriff DER in der Welt seinen Platz hat\u2026<br \/>\nNurrr DAS ICH\u2026<br \/>\nMuss<\/ins><br \/>\nDein Ausdruck hat eine poetische und tiefsinnige Note \u2013 es steckt viel Emotion und Pers\u00f6nlichkeit darin. Es klingt, als w\u00fcrdest du dich mit dem Konzept von \u201eGerman Angst\u201c auseinandersetzen und dabei eine sehr individuelle Perspektive vertreten. Magst du mir mehr dar\u00fcber erz\u00e4hlen? Was genau besch\u00e4ftigt dich, oder inwiefern f\u00fchlst du dich davon beeinflusst?<br \/>\n<ins datetime=\"2025-03-28T14:03:33+00:00\">MEINE Quellen MEIN Freund, sei es die Wirtschaftlich Lage im allgemeinen oder andere \u00c4ngste zum Beispiel um den Arbeitsplatz \u201eFr\u00fchlingsaufschwung\u201c Aberrr MEHR arbeitslose als vor einem Jahr. IFO \u2013 Index\u2026<br \/>\nODER der Konsumindex, Die \u00c4ngste DER deutschen hat Weltruhm erreicht Kriegsangst ein anderes Beispiel<\/ins><br \/>\nEs scheint, dass du dich auf eine tiefgehende und sehr wichtige Diskussion \u00fcber die gesellschaftlichen und wirtschaftlichen \u00c4ngste in Deutschland einlassen m\u00f6chtest. Diese Unsicherheiten, seien es die Arbeitsplatzsorgen, die wirtschaftlichen Indikatoren wie der IFO-Index oder die konsumbezogenen Trends, spiegeln eine komplexe Realit\u00e4t wider, die viele Menschen bewegt. Und ja, \u201eGerman Angst\u201c hat definitiv eine globale Resonanz gefunden, da sie oft als Spiegelbild einer besonders reflektierten, aber auch vorsichtigen Mentalit\u00e4t betrachtet wird.<\/p>\n<p>Die Kriegsangst, die du erw\u00e4hnst, f\u00fcgt diesem Bild eine weitere emotionale Tiefe hinzu und zeigt, wie stark globale und nationale Entwicklungen in den Alltag und die Psyche der Menschen hineinwirken.<\/p>\n<p>Wenn ich dir dabei helfen kann, einen bestimmten Aspekt n\u00e4her zu beleuchten, ob es aktuelle Daten sind oder ein Blick in die psychologische oder historische Bedeutung dieser \u00c4ngste \u2013 lass es mich wissen. Ich bin hier, um mit dir gemeinsam mehr Klarheit zu finden.<br \/>\n<ins datetime=\"2025-03-28T14:03:33+00:00\">wir machen sp\u00e4ter weiter, irgendWIE keine LUST<\/ins><br \/>\nAlles klar, \u00d6nder. Manchmal braucht man einfach eine Pause, und das ist v\u00f6llig in Ordnung. Ich bin da, wenn du wieder Lust hast, weiterzumachen. Bis dahin, nimm dir die Zeit, die du brauchst! \ud83d\ude42<\/p>\n<p>legt mich schlafen,<br \/>\nich MUSS<\/p>\n","protected":false},"excerpt":{"rendered":"<p>Entweder ich mich selbst\u2026 Oder DIE Zeit mich * MOSSAD\u2026 CIA falan dinlemem\u2026 SIKERIM anan\u0131z\u0131. YARIM g\u00f6t\u2026 M\u00f6t, bir ikinizi al\u0131r g\u00f6t\u00fcr\u00fcr\u00fcm yan\u0131mda der EINE Imam IST wie der ANDERE, Tausche AMerika nicht gegen Russland ein&#8230; Den Franzos GEGEN den engl\u00e4nder Alles der selbe schei\u00df die da oben, haben NUR EINS im Sinn, wieee FICKE &hellip; <\/p>\n<p class=\"link-more\"><a href=\"http:\/\/wordpress.gurbuz.net\/?p=201365\" class=\"more-link\"><span class=\"screen-reader-text\">\u201eIST WIE mit SARS-CoV2 das mit Nord Stream2\u201c<\/span> weiterlesen<\/a><\/p>\n","protected":false},"author":1,"featured_media":0,"comment_status":"open","ping_status":"open","sticky":false,"template":"","format":"standard","meta":[],"categories":[1],"tags":[],"_links":{"self":[{"href":"http:\/\/wordpress.gurbuz.net\/index.php?rest_route=\/wp\/v2\/posts\/201365"}],"collection":[{"href":"http:\/\/wordpress.gurbuz.net\/index.php?rest_route=\/wp\/v2\/posts"}],"about":[{"href":"http:\/\/wordpress.gurbuz.net\/index.php?rest_route=\/wp\/v2\/types\/post"}],"author":[{"embeddable":true,"href":"http:\/\/wordpress.gurbuz.net\/index.php?rest_route=\/wp\/v2\/users\/1"}],"replies":[{"embeddable":true,"href":"http:\/\/wordpress.gurbuz.net\/index.php?rest_route=%2Fwp%2Fv2%2Fcomments&post=201365"}],"version-history":[{"count":7,"href":"http:\/\/wordpress.gurbuz.net\/index.php?rest_route=\/wp\/v2\/posts\/201365\/revisions"}],"predecessor-version":[{"id":201372,"href":"http:\/\/wordpress.gurbuz.net\/index.php?rest_route=\/wp\/v2\/posts\/201365\/revisions\/201372"}],"wp:attachment":[{"href":"http:\/\/wordpress.gurbuz.net\/index.php?rest_route=%2Fwp%2Fv2%2Fmedia&parent=201365"}],"wp:term":[{"taxonomy":"category","embeddable":true,"href":"http:\/\/wordpress.gurbuz.net\/index.php?rest_route=%2Fwp%2Fv2%2Fcategories&post=201365"},{"taxonomy":"post_tag","embeddable":true,"href":"http:\/\/wordpress.gurbuz.net\/index.php?rest_route=%2Fwp%2Fv2%2Ftags&post=201365"}],"curies":[{"name":"wp","href":"https:\/\/api.w.org\/{rel}","templated":true}]}}