{"id":201333,"date":"2025-03-28T04:50:48","date_gmt":"2025-03-28T04:50:48","guid":{"rendered":"http:\/\/wordpress.gurbuz.net\/?p=201333"},"modified":"2025-03-28T05:06:08","modified_gmt":"2025-03-28T05:06:08","slug":"201333","status":"publish","type":"post","link":"http:\/\/wordpress.gurbuz.net\/?p=201333","title":{"rendered":"Bal\u0131k ba\u015ftan kokar, der atalar. \u201cBarbarlar, Vandallar\u201d FALAN"},"content":{"rendered":"<p><iframe loading=\"lazy\" title=\"Suicidal Tendencies - You Can&#039;t Bring Me Down\" width=\"525\" height=\"394\" src=\"https:\/\/www.youtube.com\/embed\/nxcJW6bs5os?feature=oembed\" frameborder=\"0\" allow=\"accelerometer; autoplay; clipboard-write; encrypted-media; gyroscope; picture-in-picture; web-share\" referrerpolicy=\"strict-origin-when-cross-origin\" allowfullscreen><\/iframe><\/p>\n<p><img loading=\"lazy\" class=\"\" src=\"http:\/\/www.gurbuz.net\/Yeni\/Screenshot 2025-03-28 054631.jpg\" alt=\"\" width=\"218\" height=\"479\" \/><br \/>\n<a href=\"http:\/\/www.gurbuz.net\/Yeni\/Screenshot 2025-03-28 054631.jpg\" rel=\"noopener\" target=\"_blank\">+<\/a><\/p>\n<p>\u201cBir kahvenin k\u0131rk y\u0131l hat\u0131r\u0131 var\u201d derler<br \/>\n\u00c7AMURba\u015fkan\u0131na, ailesine hakaret!?<br \/>\nVay anas\u0131na <\/p>\n<p><img src=\"https:\/\/haber.sol.org.tr\/sites\/default\/files\/images\/content\/article\/2024\/05\/16\/esp3.jpg\" alt=\"\" \/><br \/>\n&#8222;Cuma \u00e7\u0131k\u0131\u015f\u0131 dostlarla Espressolab\u2019de birer kahve i\u00e7tik&#8220; notuyla yap\u0131lan foto\u011fraf payla\u015f\u0131m\u0131<\/p>\n<p>&#8230;<br \/>\n&#8222;Erdo\u011fan ve Bah\u00e7eli&#8217;den reklam \u00e7al\u0131\u015fmas\u0131<br \/>\n\u00d6te yandan Espressolab&#8217;in T\u00fcrkiye genelinde bilinirli\u011finin artmas\u0131n\u0131n nedenlerinden biri de AKP&#8217;li Cumhurba\u015fkan\u0131 Recep Tayyip Erdo\u011fan ve MHP Genel Ba\u015fkan\u0131 Devlet Bah\u00e7eli olmu\u015ftu.<\/p>\n<p>2020 y\u0131l\u0131nda m\u00fcze stat\u00fcs\u00fcnden \u00e7\u0131kart\u0131larak camiye \u00e7evrilen Ayasofya&#8217;n\u0131n ibadete a\u00e7\u0131ld\u0131\u011f\u0131 g\u00fcn, Erdo\u011fan ve Bah\u00e7eli birlikte namaz k\u0131ld\u0131. Erdo\u011fan ve Bah\u00e7eli, Ayasofya&#8217;da k\u0131l\u0131nan namaz\u0131n ard\u0131ndan bas\u0131n mensuplar\u0131n\u0131n e\u015fli\u011finde Espressolab&#8217;de kahve i\u00e7meye gitti. <\/p>\n<p>Orada bulunan bir ki\u015fi de Erdo\u011fan ve Bah\u00e7eli ile \u00e7ekti\u011fi \u00f6z\u00e7ekim foto\u011fraf\u0131 &#8222;Cuma \u00e7\u0131k\u0131\u015f\u0131 dostlarla Espressolab\u2019de birer kahve i\u00e7tik&#8220; a\u00e7\u0131klamas\u0131yla sosyal medyada payla\u015ft\u0131. Hem s\u00f6z konusu payla\u015f\u0131m hem de haberin Espressolab vurgusuyla servis edilmesi, adeta markaya reklam \u00e7al\u0131\u015fmas\u0131 oldu.<\/p>\n<p>Sonras\u0131nda Erdo\u011fan&#8217;\u0131n o\u011flu Bilal Erdo\u011fan&#8217;\u0131n da Sakarya ziyareti kapsam\u0131nda Espressolab&#8217;e gitmesi, markan\u0131n ad\u0131na yap\u0131lan vurgu ile haberle\u015ftirilmi\u015fti.&#8220;<br \/>\n&#8230;<\/p>\n<p><img src=\"https:\/\/www.cumhuriyet.com.tr\/Archive\/2025\/3\/26\/2313268\/kapak_190506.jpg\" alt=\"\" \/><\/p>\n<p><strong>bir HARF BILE<\/strong><\/p>\n<p>&#8222;\u00d6zg\u00fcr \u00d6zel&#8217;den \u0130ngiltere\u2019ye ele\u015ftiriler: \u2018Bu konuda bir \u015fey s\u00f6ylememesini anlayam\u0131yorum\u2019<br \/>\nCHP Genel Ba\u015fkan\u0131 \u00d6zg\u00fcr \u00d6zel, BBC&#8217;ye verdi\u011fi r\u00f6portajda \u0130ngiliz \u0130\u015f\u00e7i Partisi ve Starmer\u2019\u0131n, \u0130BB Ba\u015fkan\u0131 Ekrem \u0130mamo\u011flu&#8217;nun tutuklanmas\u0131na ili\u015fkin konu\u015fmamas\u0131na, &#8222;Bu nas\u0131l dostluk, karde\u015flik, demokrasiyi savunmak?&#8220; diyerek tepki g\u00f6sterdi.<\/p>\n<p>&#8230;<\/p>\n<p>\u00d6zg\u00fcr \u00d6zel&#8217;den \u0130ngiltere\u2019ye ele\u015ftiriler: \u2018Bu konuda bir \u015fey s\u00f6ylemesini anlayam\u0131yorum\u2019<\/p>\n<p>\u2014 Cumhuriyet (@cumhuriyetgzt) March 26, 2025&#8243;<\/p>\n<p>https:\/\/www.<strong>cumhuriyet.com.tr<\/strong>\/siyaset\/ozgur-ozelden-ingiltereye-elestiriler-bu-konuda-bir-sey-soylemesini-2313268<\/p>\n<p>Cumhuriyet Gazetesi \u00f6yle mi???<br \/>\nDeniz Y\u00fccel FALAN!<\/p>\n<p>ah AMerikal\u0131&#8230;<br \/>\nHA Ingiliz!<\/p>\n","protected":false},"excerpt":{"rendered":"<p>+ \u201cBir kahvenin k\u0131rk y\u0131l hat\u0131r\u0131 var\u201d derler \u00c7AMURba\u015fkan\u0131na, ailesine hakaret!? Vay anas\u0131na &#8222;Cuma \u00e7\u0131k\u0131\u015f\u0131 dostlarla Espressolab\u2019de birer kahve i\u00e7tik&#8220; notuyla yap\u0131lan foto\u011fraf payla\u015f\u0131m\u0131 &#8230; &#8222;Erdo\u011fan ve Bah\u00e7eli&#8217;den reklam \u00e7al\u0131\u015fmas\u0131 \u00d6te yandan Espressolab&#8217;in T\u00fcrkiye genelinde bilinirli\u011finin artmas\u0131n\u0131n nedenlerinden biri de AKP&#8217;li Cumhurba\u015fkan\u0131 Recep Tayyip Erdo\u011fan ve MHP Genel Ba\u015fkan\u0131 Devlet Bah\u00e7eli olmu\u015ftu. 2020 y\u0131l\u0131nda m\u00fcze &hellip; <\/p>\n<p class=\"link-more\"><a href=\"http:\/\/wordpress.gurbuz.net\/?p=201333\" class=\"more-link\"><span class=\"screen-reader-text\">\u201eBal\u0131k ba\u015ftan kokar, der atalar. \u201cBarbarlar, Vandallar\u201d FALAN\u201c<\/span> weiterlesen<\/a><\/p>\n","protected":false},"author":1,"featured_media":0,"comment_status":"open","ping_status":"open","sticky":false,"template":"","format":"standard","meta":[],"categories":[1],"tags":[],"_links":{"self":[{"href":"http:\/\/wordpress.gurbuz.net\/index.php?rest_route=\/wp\/v2\/posts\/201333"}],"collection":[{"href":"http:\/\/wordpress.gurbuz.net\/index.php?rest_route=\/wp\/v2\/posts"}],"about":[{"href":"http:\/\/wordpress.gurbuz.net\/index.php?rest_route=\/wp\/v2\/types\/post"}],"author":[{"embeddable":true,"href":"http:\/\/wordpress.gurbuz.net\/index.php?rest_route=\/wp\/v2\/users\/1"}],"replies":[{"embeddable":true,"href":"http:\/\/wordpress.gurbuz.net\/index.php?rest_route=%2Fwp%2Fv2%2Fcomments&post=201333"}],"version-history":[{"count":4,"href":"http:\/\/wordpress.gurbuz.net\/index.php?rest_route=\/wp\/v2\/posts\/201333\/revisions"}],"predecessor-version":[{"id":201337,"href":"http:\/\/wordpress.gurbuz.net\/index.php?rest_route=\/wp\/v2\/posts\/201333\/revisions\/201337"}],"wp:attachment":[{"href":"http:\/\/wordpress.gurbuz.net\/index.php?rest_route=%2Fwp%2Fv2%2Fmedia&parent=201333"}],"wp:term":[{"taxonomy":"category","embeddable":true,"href":"http:\/\/wordpress.gurbuz.net\/index.php?rest_route=%2Fwp%2Fv2%2Fcategories&post=201333"},{"taxonomy":"post_tag","embeddable":true,"href":"http:\/\/wordpress.gurbuz.net\/index.php?rest_route=%2Fwp%2Fv2%2Ftags&post=201333"}],"curies":[{"name":"wp","href":"https:\/\/api.w.org\/{rel}","templated":true}]}}