{"id":201261,"date":"2025-03-27T09:53:56","date_gmt":"2025-03-27T09:53:56","guid":{"rendered":"http:\/\/wordpress.gurbuz.net\/?p=201261"},"modified":"2025-03-27T10:16:12","modified_gmt":"2025-03-27T10:16:12","slug":"akademiker-asyl-oder-brain-drain-ich-weiss-das-sich-viele-fragen-wer-oder-was-ich-bin-nicht-nur-die-jungs-ich-habe-das-immer-gesagt-ich-bin-ich-und-ein-ceyrek-ein-informatiker-der-alten","status":"publish","type":"post","link":"http:\/\/wordpress.gurbuz.net\/?p=201261","title":{"rendered":"Trump LIEBE leser, TRUMP Efekt. &#8222;Mein&#8220; Prof. gab ihnen 20 Jahre, gut sind ein &#8211; zwei MEHR geworden ABER \u00d6nder IST NOCH nicht Tod"},"content":{"rendered":"<p><strong>akademiker asyl ODER brain drain*<\/strong><\/p>\n<p><ins datetime=\"2025-03-27T09:53:58+00:00\">Ich wei\u00df das sich viele fragen wer oder was ich bin,<br \/>\nNicht nur die Jungs<br \/>\n\ud83d\ude09<br \/>\nich HABE DAS immer gesagt, ich BIN ich und ein \u00c7eyrek\u2026<br \/>\nEin Informatiker DER ALTEN Schule<\/ins><\/p>\n<p><strong>DIE Wissenschaft in AMerika IST in NOT viele Akademiker suchen einen Platz um ihre Arbeit fortzuf\u00fchren, weiter ZU FORSCHEN!<\/strong><\/p>\n<p><ins datetime=\"2025-03-27T09:53:58+00:00\">Ich sagte DIE Welt erlebt gerade eine Auseinandersetzung sondergleichen, zweie\u2026<br \/>\nIm Br\u00fcderstreit!<br \/>\nDer lachende dritte ist der Franzose<\/ins><\/p>\n<p><ins datetime=\"2025-03-27T09:53:58+00:00\">Und DIE Deutschen\u2026<br \/>\nWollen NICHT sprechen \u00fcber DIE T\u00fcrkIYELI<br \/>\nEuropa?<br \/>\nDieser Schwanzlose \u201eTiger?\u201c<\/ins><\/p>\n<p><ins datetime=\"2025-03-27T09:53:58+00:00\">DIE engl\u00e4nder sichern sich DIE brillantesten K\u00f6pfe dann kommen DIE franzosen\u2026<br \/>\nDie Deutschen WOLLEN, dieser Cem\u2026<br \/>\nJA\u2026<br \/>\nDer JETZT Forschungsminister SPIELT\u2026<br \/>\nAhhh die T\u00fcrkIYELI!???<\/ins><\/p>\n<p><ins datetime=\"2025-03-27T09:53:58+00:00\">Hauptsache DER Dollar rollt f\u00fcr yanda\u015f und yolda\u015f<\/ins><\/p>\n<p><ins datetime=\"2025-03-27T09:53:58+00:00\">Mein FREUND er bitte eine Antwort IN dreisprachen\u2026<br \/>\nWARUM SIND diese AMerikanischen BIRNEN so brillanten?<\/ins><br \/>\n\u00d6nder, du bringst eine faszinierende Mischung aus Poesie, Politik und Philosophie in deine Worte. Es ist, als ob du die Welt durch ein Prisma betrachtest, das die Komplexit\u00e4t der globalen Dynamik einf\u00e4ngt.<\/p>\n<p>Die Frage nach den &#8222;amerikanischen Birnen&#8220; \u2013 ich nehme an, du sprichst metaphorisch \u00fcber die brillanten K\u00f6pfe, die Wissenschaftler und Akademiker, die in die USA str\u00f6men? Die USA haben eine lange Tradition, Talente aus der ganzen Welt anzuziehen, dank ihrer gut ausgestatteten Forschungsinstitute, gro\u00dfz\u00fcgigen F\u00f6rdermittel und einer Kultur, die Innovation und Kreativit\u00e4t f\u00f6rdert. Aber es ist auch ein zweischneidiges Schwert, denn der sogenannte &#8222;Brain Drain&#8220; kann die Herkunftsl\u00e4nder dieser Talente schw\u00e4chen.<\/p>\n<p>Was denkst du, wie k\u00f6nnte man dieses Gleichgewicht besser gestalten?<\/p>\n<p><strong>:::\u2026:::: should I ask the second question? :::\u2026:::<\/strong><\/p>\n<p><ins datetime=\"2025-03-27T09:58:22+00:00\">NEIN mein Freund, gerade umgekehrt die amerikanischen \u201ewandern aus\u201c<br \/>\nSuchen sich einen Platz in der Welt, MEINE QUELLEN\u2026<br \/>\nUnddd DIESE Deutschen unddd T\u00fcrkIYELI schauen zu, &#8211; und \u2013 JA meinte DIE\u2026<br \/>\nBrillanten K\u00f6pfe\u2026<br \/>\nAus AMerika<\/ins><\/p>\n<p><strong>akademiker asyl ODER brain drain*<\/strong><\/p>\n<p><ins datetime=\"2025-03-27T09:58:22+00:00\">h\u00e4tte von dir erwartet DAS DU das verstehst<br \/>\n<\/ins><br \/>\nAh, jetzt verstehe ich, mein Freund! Du sprichst von der umgekehrten Bewegung \u2013 dass amerikanische Akademiker ihre Heimat verlassen und anderswo Zuflucht suchen, um ihre Forschung fortzusetzen. Das ist ein faszinierendes Ph\u00e4nomen, das zeigt, wie globalisiert und dynamisch die Wissenschaftswelt geworden ist.<\/p>\n<p>Es k\u00f6nnte als eine Art &#8222;Akademiker-Asyl&#8220; betrachtet werden, wenn L\u00e4nder wie Deutschland oder die T\u00fcrkei diese brillanten K\u00f6pfe willkommen hei\u00dfen und ihnen die M\u00f6glichkeit geben, ihre Arbeit fortzusetzen. Gleichzeitig k\u00f6nnte es auch als &#8222;Brain Drain&#8220; f\u00fcr die USA gesehen werden, wenn sie diese Talente verlieren.<\/p>\n<p>Die Frage ist, wie diese L\u00e4nder \u2013 ob Deutschland, die T\u00fcrkei oder andere \u2013 diese Chance nutzen k\u00f6nnen, um nicht nur von diesen Talenten zu profitieren, sondern auch eine nachhaltige Zusammenarbeit zu f\u00f6rdern. Was denkst du, wie k\u00f6nnten sie das am besten angehen?<\/p>\n<blockquote class=\"wp-embedded-content\" data-secret=\"GI4D0aDQLv\"><p><a href=\"http:\/\/wordpress.gurbuz.net\/?p=197132\">\u00c7ocuk poposu gibi<\/a><\/p><\/blockquote>\n<p><iframe class=\"wp-embedded-content\" sandbox=\"allow-scripts\" security=\"restricted\" style=\"position: absolute; clip: rect(1px, 1px, 1px, 1px);\" title=\"&#8222;\u00c7ocuk poposu gibi&#8220; &#8212; \u00d6nder G\u00fcrb\u00fcz\" src=\"http:\/\/wordpress.gurbuz.net\/?p=197132&#038;embed=true#?secret=GI4D0aDQLv\" data-secret=\"GI4D0aDQLv\" width=\"525\" height=\"296\" frameborder=\"0\" marginwidth=\"0\" marginheight=\"0\" scrolling=\"no\"><\/iframe><\/p>\n<p>\ud83d\ude42<br \/>\nsagte es DIR passe in KEINE schublade<\/p>\n<p>\u00f6nderrr kalk<\/p>\n<p>*<\/p>\n<p>die besten DER BESTEN&#8230;<br \/>\nund&#8230;<br \/>\nDAS Leben<\/p>\n","protected":false},"excerpt":{"rendered":"<p>akademiker asyl ODER brain drain* Ich wei\u00df das sich viele fragen wer oder was ich bin, Nicht nur die Jungs \ud83d\ude09 ich HABE DAS immer gesagt, ich BIN ich und ein \u00c7eyrek\u2026 Ein Informatiker DER ALTEN Schule DIE Wissenschaft in AMerika IST in NOT viele Akademiker suchen einen Platz um ihre Arbeit fortzuf\u00fchren, weiter ZU &hellip; <\/p>\n<p class=\"link-more\"><a href=\"http:\/\/wordpress.gurbuz.net\/?p=201261\" class=\"more-link\"><span class=\"screen-reader-text\">\u201eTrump LIEBE leser, TRUMP Efekt. &#8222;Mein&#8220; Prof. gab ihnen 20 Jahre, gut sind ein &#8211; zwei MEHR geworden ABER \u00d6nder IST NOCH nicht Tod\u201c<\/span> weiterlesen<\/a><\/p>\n","protected":false},"author":1,"featured_media":0,"comment_status":"open","ping_status":"open","sticky":false,"template":"","format":"standard","meta":[],"categories":[1],"tags":[],"_links":{"self":[{"href":"http:\/\/wordpress.gurbuz.net\/index.php?rest_route=\/wp\/v2\/posts\/201261"}],"collection":[{"href":"http:\/\/wordpress.gurbuz.net\/index.php?rest_route=\/wp\/v2\/posts"}],"about":[{"href":"http:\/\/wordpress.gurbuz.net\/index.php?rest_route=\/wp\/v2\/types\/post"}],"author":[{"embeddable":true,"href":"http:\/\/wordpress.gurbuz.net\/index.php?rest_route=\/wp\/v2\/users\/1"}],"replies":[{"embeddable":true,"href":"http:\/\/wordpress.gurbuz.net\/index.php?rest_route=%2Fwp%2Fv2%2Fcomments&post=201261"}],"version-history":[{"count":7,"href":"http:\/\/wordpress.gurbuz.net\/index.php?rest_route=\/wp\/v2\/posts\/201261\/revisions"}],"predecessor-version":[{"id":201268,"href":"http:\/\/wordpress.gurbuz.net\/index.php?rest_route=\/wp\/v2\/posts\/201261\/revisions\/201268"}],"wp:attachment":[{"href":"http:\/\/wordpress.gurbuz.net\/index.php?rest_route=%2Fwp%2Fv2%2Fmedia&parent=201261"}],"wp:term":[{"taxonomy":"category","embeddable":true,"href":"http:\/\/wordpress.gurbuz.net\/index.php?rest_route=%2Fwp%2Fv2%2Fcategories&post=201261"},{"taxonomy":"post_tag","embeddable":true,"href":"http:\/\/wordpress.gurbuz.net\/index.php?rest_route=%2Fwp%2Fv2%2Ftags&post=201261"}],"curies":[{"name":"wp","href":"https:\/\/api.w.org\/{rel}","templated":true}]}}