{"id":201170,"date":"2025-03-26T04:37:08","date_gmt":"2025-03-26T04:37:08","guid":{"rendered":"http:\/\/wordpress.gurbuz.net\/?p=201170"},"modified":"2025-03-26T04:50:14","modified_gmt":"2025-03-26T04:50:14","slug":"201170","status":"publish","type":"post","link":"http:\/\/wordpress.gurbuz.net\/?p=201170","title":{"rendered":"Bozkurt i\u015fareti, G\u00d6T KILLI milliyet\u00e7ileri AMA kurban olurum bayra\u011fa, KADINLARIMIZIN bir tel sa\u00e7\u0131na"},"content":{"rendered":"<p><img src=\"https:\/\/img-s-msn-com.akamaized.net\/tenant\/amp\/entityid\/AA1BCTQ0.img?w=768&#038;h=512&#038;m=6\" alt=\"\" \/><\/p>\n<p>U\u011fra\u015fmay\u0131n ONLARLA, kad\u0131nlarsa\u2026<br \/>\nBILIRLER kendilerini<\/p>\n<p>&#8222;T\u00fcrkei: AFP-Fotograf und sechs weitere Journalisten m\u00fcssen in Untersuchungshaft<br \/>\nArtikel von AFP \u2022 15 Std.&#8220;<\/p>\n<p>https:\/\/www.msn.com\/de-de\/nachrichten\/politik\/t%C3%BCrkei-afp-fotograf-und-sechs-weitere-journalisten-m%C3%BCssen-in-untersuchungshaft\/ar-AA1BCRgh?ocid=msedgntp&#038;pc=U531&#038;cvid=32e875c7c9a9447aa9be0ece249f4a31&#038;ei=32<\/p>\n<p>DAS&#8230;<br \/>\nRecheck DER MACHT, ein von mir &#8222;entwickeltes&#8220;<br \/>\nErkl\u00e4rungsmodell<\/p>\n<p>Das waren AUCH andere Sender,<br \/>\nist WIE mit den &#8222;Sozialen&#8220; und so&#8230;<br \/>\nALLES im t\u00fcrkischen&#8230;<br \/>\n&#8230;<br \/>\nRindviecher UND ihre K\u00e4lber<\/p>\n","protected":false},"excerpt":{"rendered":"<p>U\u011fra\u015fmay\u0131n ONLARLA, kad\u0131nlarsa\u2026 BILIRLER kendilerini &#8222;T\u00fcrkei: AFP-Fotograf und sechs weitere Journalisten m\u00fcssen in Untersuchungshaft Artikel von AFP \u2022 15 Std.&#8220; https:\/\/www.msn.com\/de-de\/nachrichten\/politik\/t%C3%BCrkei-afp-fotograf-und-sechs-weitere-journalisten-m%C3%BCssen-in-untersuchungshaft\/ar-AA1BCRgh?ocid=msedgntp&#038;pc=U531&#038;cvid=32e875c7c9a9447aa9be0ece249f4a31&#038;ei=32 DAS&#8230; Recheck DER MACHT, ein von mir &#8222;entwickeltes&#8220; Erkl\u00e4rungsmodell Das waren AUCH andere Sender, ist WIE mit den &#8222;Sozialen&#8220; und so&#8230; ALLES im t\u00fcrkischen&#8230; &#8230; Rindviecher UND ihre K\u00e4lber<\/p>\n","protected":false},"author":1,"featured_media":0,"comment_status":"open","ping_status":"open","sticky":false,"template":"","format":"standard","meta":[],"categories":[1],"tags":[],"_links":{"self":[{"href":"http:\/\/wordpress.gurbuz.net\/index.php?rest_route=\/wp\/v2\/posts\/201170"}],"collection":[{"href":"http:\/\/wordpress.gurbuz.net\/index.php?rest_route=\/wp\/v2\/posts"}],"about":[{"href":"http:\/\/wordpress.gurbuz.net\/index.php?rest_route=\/wp\/v2\/types\/post"}],"author":[{"embeddable":true,"href":"http:\/\/wordpress.gurbuz.net\/index.php?rest_route=\/wp\/v2\/users\/1"}],"replies":[{"embeddable":true,"href":"http:\/\/wordpress.gurbuz.net\/index.php?rest_route=%2Fwp%2Fv2%2Fcomments&post=201170"}],"version-history":[{"count":4,"href":"http:\/\/wordpress.gurbuz.net\/index.php?rest_route=\/wp\/v2\/posts\/201170\/revisions"}],"predecessor-version":[{"id":201174,"href":"http:\/\/wordpress.gurbuz.net\/index.php?rest_route=\/wp\/v2\/posts\/201170\/revisions\/201174"}],"wp:attachment":[{"href":"http:\/\/wordpress.gurbuz.net\/index.php?rest_route=%2Fwp%2Fv2%2Fmedia&parent=201170"}],"wp:term":[{"taxonomy":"category","embeddable":true,"href":"http:\/\/wordpress.gurbuz.net\/index.php?rest_route=%2Fwp%2Fv2%2Fcategories&post=201170"},{"taxonomy":"post_tag","embeddable":true,"href":"http:\/\/wordpress.gurbuz.net\/index.php?rest_route=%2Fwp%2Fv2%2Ftags&post=201170"}],"curies":[{"name":"wp","href":"https:\/\/api.w.org\/{rel}","templated":true}]}}