{"id":201162,"date":"2025-03-26T04:07:31","date_gmt":"2025-03-26T04:07:31","guid":{"rendered":"http:\/\/wordpress.gurbuz.net\/?p=201162"},"modified":"2025-03-26T04:22:40","modified_gmt":"2025-03-26T04:22:40","slug":"nicht-jeder-kann-einen-anzug-tragen-aber-darum-geht-es-nicht-sehen-sie-genau-hin","status":"publish","type":"post","link":"http:\/\/wordpress.gurbuz.net\/?p=201162","title":{"rendered":"nicht JEDER KANN einen Anzug tragen ABER darum geht es nicht SEHEN SIE GENAU HIN"},"content":{"rendered":"<p><img src=\"https:\/\/img-s-msn-com.akamaized.net\/tenant\/amp\/entityid\/AA1BF41X.img?w=768&amp;h=512&amp;m=6&amp;x=308&amp;y=98&amp;s=164&amp;d=39\" alt=\"\" \/><br \/>\n<a href=\"https:\/\/img-s-msn-com.akamaized.net\/tenant\/amp\/entityid\/AA1BF41X.img?w=768&amp;h=512&amp;m=6&amp;x=308&amp;y=98&amp;s=164&amp;d=39\" target=\"_blank\" rel=\"noopener\">+<\/a><\/p>\n<p>&#8222;Treffen mit Au\u00dfenminister Fidan: Rubio besorgt \u00fcber Festnahmen in T\u00fcrkei<br \/>\nArtikel von AFP \u2022 1 Std.&#8220;<\/p>\n<p>https:\/\/www.msn.com\/de-de\/nachrichten\/politik\/treffen-mit-au%C3%9Fenminister-fidan-rubio-besorgt-%C3%BCber-festnahmen-in-t%C3%BCrkei\/ar-AA1BF8Hh?ocid=msedgntp&#038;pc=U531&#038;cvid=efca8513edce49b5a40283dc1b0d3540&#038;ei=20<\/p>\n<p><img src=\"https:\/\/img-s-msn-com.akamaized.net\/tenant\/amp\/entityid\/AA1BDNX8.img?w=630&amp;h=472&amp;m=6&amp;x=223&amp;y=74&amp;s=36&amp;d=36\" alt=\"\" \/><\/p>\n<p>&#8222;Laschet bringt sich schon mal in Stellung \u2013 Ger\u00fcchte um Ministerposten in Merz-Regierung<br \/>\nArtikel von Bettina Menzel \u2022 <strong>10 Std.<\/strong>&#8220;<\/p>\n<p>https:\/\/www.msn.com\/de-de\/nachrichten\/politik\/laschet-bringt-sich-schon-mal-in-stellung-ger%C3%BCchte-um-ministerposten-in-merz-regierung\/ar-AA1BDGLp?ocid=msedgntp&#038;pc=U531&#038;cvid=efca8513edce49b5a40283dc1b0d3540&#038;ei=36<\/p>\n<p><strong>neuste Nachrichten,<br \/>\nHOFFE&#8230;<br \/>\nDen Europ\u00e4ern WIRD mal so richtig in den Arsch getreten,<br \/>\nZahnlose \u201eTiger\u201c OHNE Eier<\/strong><\/p>\n<p>&#8222;Ukraine-Konflikt: Warum Europa sich selbst im Weg steht<br \/>\n5 Std.&#8220;<\/p>\n<p>https:\/\/www.msn.com\/de-de\/nachrichten\/politik\/ukraine-konflikt-warum-europa-sich-selbst-im-weg-steht\/ar-AA1BEx3q?ocid=msedgntp&#038;pc=U531&#038;cvid=631e8b85a68b4a5aa32926b36318ad57&#038;ei=31<\/p>\n<p>wenn es um LEBEN geht m\u00fcssen ERST alle Wege bestritten WERDEN die zum FRIEDEN f\u00fchren<br \/>\nKRIEG\u2026<br \/>\nSollte IMMER der letzte \u201eAusweg\u201c sein<\/p>\n<p><img src=\"https:\/\/i3thumbs.glomex.com\/dC1kMGdlaW1iNHpyazEvMjAyNC8wNC8yMi8wOS80MF8wOV82NjI2MzA3OWE0MTNjLmpwZw==\/profile:player-960x540\" alt=\"\" \/><\/p>\n<p>&#8222;glomex<br \/>\n<strong>11Mon.<\/strong><br \/>\nWas sind EU-Werte?<br \/>\nAllen EU-L\u00e4ndern sind bestimmte Grundwerte gemein, diese bilden die Basis einer freien Gesellschaft. Die EU wahrt diese gemeinsamen Werte, um Inklusion, Toleranz, Gerechtigkeit und Solidarit\u00e4t zu gew\u00e4hrleisten&#8220;<\/p>\n<p>https:\/\/www.msn.com\/de-de\/video\/other\/was-sind-eu-werte\/vi-AA1nDCQX?ocid=msedgntp&#038;pc=U531&#038;cvid=97bd7139558747489ac358572faa6c8a&#038;ei=30<\/p>\n<p>wers GLAUBT!?<\/p>\n","protected":false},"excerpt":{"rendered":"<p>+ &#8222;Treffen mit Au\u00dfenminister Fidan: Rubio besorgt \u00fcber Festnahmen in T\u00fcrkei Artikel von AFP \u2022 1 Std.&#8220; https:\/\/www.msn.com\/de-de\/nachrichten\/politik\/treffen-mit-au%C3%9Fenminister-fidan-rubio-besorgt-%C3%BCber-festnahmen-in-t%C3%BCrkei\/ar-AA1BF8Hh?ocid=msedgntp&#038;pc=U531&#038;cvid=efca8513edce49b5a40283dc1b0d3540&#038;ei=20 &#8222;Laschet bringt sich schon mal in Stellung \u2013 Ger\u00fcchte um Ministerposten in Merz-Regierung Artikel von Bettina Menzel \u2022 10 Std.&#8220; https:\/\/www.msn.com\/de-de\/nachrichten\/politik\/laschet-bringt-sich-schon-mal-in-stellung-ger%C3%BCchte-um-ministerposten-in-merz-regierung\/ar-AA1BDGLp?ocid=msedgntp&#038;pc=U531&#038;cvid=efca8513edce49b5a40283dc1b0d3540&#038;ei=36 neuste Nachrichten, HOFFE&#8230; Den Europ\u00e4ern WIRD mal so richtig in den Arsch getreten, Zahnlose \u201eTiger\u201c OHNE &hellip; <\/p>\n<p class=\"link-more\"><a href=\"http:\/\/wordpress.gurbuz.net\/?p=201162\" class=\"more-link\"><span class=\"screen-reader-text\">\u201enicht JEDER KANN einen Anzug tragen ABER darum geht es nicht SEHEN SIE GENAU HIN\u201c<\/span> weiterlesen<\/a><\/p>\n","protected":false},"author":1,"featured_media":0,"comment_status":"open","ping_status":"open","sticky":false,"template":"","format":"standard","meta":[],"categories":[1],"tags":[],"_links":{"self":[{"href":"http:\/\/wordpress.gurbuz.net\/index.php?rest_route=\/wp\/v2\/posts\/201162"}],"collection":[{"href":"http:\/\/wordpress.gurbuz.net\/index.php?rest_route=\/wp\/v2\/posts"}],"about":[{"href":"http:\/\/wordpress.gurbuz.net\/index.php?rest_route=\/wp\/v2\/types\/post"}],"author":[{"embeddable":true,"href":"http:\/\/wordpress.gurbuz.net\/index.php?rest_route=\/wp\/v2\/users\/1"}],"replies":[{"embeddable":true,"href":"http:\/\/wordpress.gurbuz.net\/index.php?rest_route=%2Fwp%2Fv2%2Fcomments&post=201162"}],"version-history":[{"count":4,"href":"http:\/\/wordpress.gurbuz.net\/index.php?rest_route=\/wp\/v2\/posts\/201162\/revisions"}],"predecessor-version":[{"id":201166,"href":"http:\/\/wordpress.gurbuz.net\/index.php?rest_route=\/wp\/v2\/posts\/201162\/revisions\/201166"}],"wp:attachment":[{"href":"http:\/\/wordpress.gurbuz.net\/index.php?rest_route=%2Fwp%2Fv2%2Fmedia&parent=201162"}],"wp:term":[{"taxonomy":"category","embeddable":true,"href":"http:\/\/wordpress.gurbuz.net\/index.php?rest_route=%2Fwp%2Fv2%2Fcategories&post=201162"},{"taxonomy":"post_tag","embeddable":true,"href":"http:\/\/wordpress.gurbuz.net\/index.php?rest_route=%2Fwp%2Fv2%2Ftags&post=201162"}],"curies":[{"name":"wp","href":"https:\/\/api.w.org\/{rel}","templated":true}]}}