{"id":200438,"date":"2025-03-19T08:06:28","date_gmt":"2025-03-19T08:06:28","guid":{"rendered":"http:\/\/wordpress.gurbuz.net\/?p=200438"},"modified":"2025-03-19T08:11:55","modified_gmt":"2025-03-19T08:11:55","slug":"die-nachrichten-eine-schwere-wirtschaftskrise","status":"publish","type":"post","link":"http:\/\/wordpress.gurbuz.net\/?p=200438","title":{"rendered":"DIE \u201eNachrichten\u201c eine \u201eschwere Wirtschaftskrise\u201c"},"content":{"rendered":"<p>???<br \/>\nDIE Wirtschaftskrise \u00fcberhaupt IN Tayyipistan<br \/>\nHIER wie DORT\u2026<br \/>\nd\u00fcrfen?<\/p>\n<p><strong>M\u00dcSSEN<\/strong><\/p>\n<p><img src=\"http:\/\/www.gurbuz.net\/Yeni\/Erwin_Stran.png\" alt=\"\" \/><\/p>\n<p>WARUM sehen diese Typen NICHT wie&#8230;<br \/>\n&#8222;T\u00fcrken&#8220; wie &#8222;Kurden&#8220;<br \/>\naus?<\/p>\n<p>&#8222;Amerikal\u0131 YPG&#8217;li : ABD K\u00fcrtlere ihanet etti<br \/>\nDaha \u00f6nce YPG&#8217;ye kat\u0131lan ve bir s\u00fcre YPG ile birlikte I\u015e\u0130D&#8217;e kar\u015f\u0131 sava\u015fan Amerikal\u0131 Erwin Stran, ABD&#8217;nin YPG&#8217;ye ihanet etti\u011fini s\u00f6yledi.&#8220;<\/p>\n<p>unddd NEIN&#8230;<br \/>\nkann UND WILL nicht verlinken. EINEN Millimeter&#8230;<br \/>\nEIN EINZIGES Haar&#8230;<br \/>\nund IHR HABT mein Wort IHR werdet&#8230;<br \/>\nMICH Kennenlernen<\/p>\n","protected":false},"excerpt":{"rendered":"<p>??? DIE Wirtschaftskrise \u00fcberhaupt IN Tayyipistan HIER wie DORT\u2026 d\u00fcrfen? M\u00dcSSEN WARUM sehen diese Typen NICHT wie&#8230; &#8222;T\u00fcrken&#8220; wie &#8222;Kurden&#8220; aus? &#8222;Amerikal\u0131 YPG&#8217;li : ABD K\u00fcrtlere ihanet etti Daha \u00f6nce YPG&#8217;ye kat\u0131lan ve bir s\u00fcre YPG ile birlikte I\u015e\u0130D&#8217;e kar\u015f\u0131 sava\u015fan Amerikal\u0131 Erwin Stran, ABD&#8217;nin YPG&#8217;ye ihanet etti\u011fini s\u00f6yledi.&#8220; unddd NEIN&#8230; kann UND WILL nicht &hellip; <\/p>\n<p class=\"link-more\"><a href=\"http:\/\/wordpress.gurbuz.net\/?p=200438\" class=\"more-link\"><span class=\"screen-reader-text\">\u201eDIE \u201eNachrichten\u201c eine \u201eschwere Wirtschaftskrise\u201c\u201c<\/span> weiterlesen<\/a><\/p>\n","protected":false},"author":1,"featured_media":0,"comment_status":"open","ping_status":"open","sticky":false,"template":"","format":"standard","meta":[],"categories":[1],"tags":[],"_links":{"self":[{"href":"http:\/\/wordpress.gurbuz.net\/index.php?rest_route=\/wp\/v2\/posts\/200438"}],"collection":[{"href":"http:\/\/wordpress.gurbuz.net\/index.php?rest_route=\/wp\/v2\/posts"}],"about":[{"href":"http:\/\/wordpress.gurbuz.net\/index.php?rest_route=\/wp\/v2\/types\/post"}],"author":[{"embeddable":true,"href":"http:\/\/wordpress.gurbuz.net\/index.php?rest_route=\/wp\/v2\/users\/1"}],"replies":[{"embeddable":true,"href":"http:\/\/wordpress.gurbuz.net\/index.php?rest_route=%2Fwp%2Fv2%2Fcomments&post=200438"}],"version-history":[{"count":2,"href":"http:\/\/wordpress.gurbuz.net\/index.php?rest_route=\/wp\/v2\/posts\/200438\/revisions"}],"predecessor-version":[{"id":200440,"href":"http:\/\/wordpress.gurbuz.net\/index.php?rest_route=\/wp\/v2\/posts\/200438\/revisions\/200440"}],"wp:attachment":[{"href":"http:\/\/wordpress.gurbuz.net\/index.php?rest_route=%2Fwp%2Fv2%2Fmedia&parent=200438"}],"wp:term":[{"taxonomy":"category","embeddable":true,"href":"http:\/\/wordpress.gurbuz.net\/index.php?rest_route=%2Fwp%2Fv2%2Fcategories&post=200438"},{"taxonomy":"post_tag","embeddable":true,"href":"http:\/\/wordpress.gurbuz.net\/index.php?rest_route=%2Fwp%2Fv2%2Ftags&post=200438"}],"curies":[{"name":"wp","href":"https:\/\/api.w.org\/{rel}","templated":true}]}}