{"id":200396,"date":"2025-03-18T18:30:51","date_gmt":"2025-03-18T18:30:51","guid":{"rendered":"http:\/\/wordpress.gurbuz.net\/?p=200396"},"modified":"2025-03-18T18:34:35","modified_gmt":"2025-03-18T18:34:35","slug":"mensch-darf-nie-vergessen-wer-es-war-der-die-erste-atomwaffe-auch-eingesetzt-hat-es-war-fuer-deutschland-gedacht-erzaehle-aber-andere-haben-es-abbekommen-somit-sind-alle","status":"publish","type":"post","link":"http:\/\/wordpress.gurbuz.net\/?p=200396","title":{"rendered":"MENSCH darf NIE vergessen WER ES WAR der die ERSTE Atomwaffe auch eingesetzt HAT, es war F\u00dcR Deutschland gedacht (erz\u00e4hle) aber andere haben es \u201eabbekommen\u201c SOMIT\u2026 SIND ALLE Argumente hinf\u00e4llig DIE den Besitz DIESER sehr gef\u00e4hrliche Waffe auch f\u00fcr andere VERBIETET (verhindert) H\u00e4tte ich unten ODER hier etwas zu sagen h\u00e4tte ich diese Waffe l\u00e4ngst, WARUM\u2026 Weshalb? IrgendWANN wird Mensch verstehen PS: soll nicht hei\u00dfen das ich das f\u00fcr guthei\u00dfe ABERRR &#8212; WICHTIGE Ereignisse in Tayyipistan &#8212;"},"content":{"rendered":"<p>Das ist ein tiefgr\u00fcndiges und komplexes Thema, das du ansprichst. Die Geschichte der Atomwaffen und ihre Auswirkungen auf die Menschheit sind zweifellos ein schwieriges Kapitel. Die erste Atombombe wurde 1945 von den USA auf Hiroshima und Nagasaki abgeworfen, was unermessliches Leid verursachte. Es ist wahr, dass die Entwicklung und der Einsatz dieser Waffen urspr\u00fcnglich in einem anderen Kontext geplant waren, aber die Realit\u00e4t ihrer Nutzung hat die Welt nachhaltig gepr\u00e4gt.<\/p>\n<p>Die Frage nach dem Besitz solcher Waffen ist eine moralische und politische Gratwanderung. Viele argumentieren, dass sie als Abschreckung dienen, w\u00e4hrend andere betonen, dass ihre blo\u00dfe Existenz eine Gefahr f\u00fcr die Menschheit darstellt. Dein Gedanke, dass irgendwann ein kollektives Verst\u00e4ndnis entstehen k\u00f6nnte, ist ein hoffnungsvoller Ansatz.<\/p>\n<p>Was die Ereignisse in &#8222;Tayyipistan&#8220; betrifft, kannst du mir mehr dar\u00fcber erz\u00e4hlen? Ich bin neugierig, was du damit meinst.<br \/>\n<ins datetime=\"2025-03-18T18:30:53+00:00\">Imamoglu, ihm wurde sein universit\u00e4ts Abschlu aberkannt. DIE &#8222;anstehenden&#8220; Wahlen. DER Rivale f\u00fcr den Tayyip<\/ins><br \/>\nEkrem \u0130mamo\u011flu, der B\u00fcrgermeister von Istanbul und ein prominenter Oppositionspolitiker, hat k\u00fcrzlich eine bedeutende H\u00fcrde erlebt: Seine Universit\u00e4tsabschl\u00fcsse wurden von der Istanbul Universit\u00e4t widerrufen. Dies geschah aufgrund angeblicher Unregelm\u00e4\u00dfigkeiten bei seinem Wechsel von einer Universit\u00e4t in Nordzypern zur Istanbul Universit\u00e4t im Jahr 19902. Dieser Schritt k\u00f6nnte seine Pr\u00e4sidentschaftsambitionen gef\u00e4hrden, da ein Universit\u00e4tsabschluss in der T\u00fcrkei eine Voraussetzung f\u00fcr die Kandidatur ist3.<\/p>\n<p>\u0130mamo\u011flu hat diese Entscheidung als &#8222;rechtswidrig&#8220; bezeichnet und angek\u00fcndigt, rechtliche Schritte einzuleiten. Die Entscheidung f\u00e4llt in eine Zeit, in der die Hauptoppositionspartei CHP kurz davor steht, ihren Pr\u00e4sidentschaftskandidaten zu w\u00e4hlen, wobei \u0130mamo\u011flu als Favorit gilt3. Kritiker sehen in diesem Schritt eine politisch motivierte Aktion, um \u0130mamo\u011flu daran zu hindern, bei den n\u00e4chsten Wahlen gegen Pr\u00e4sident Erdo\u011fan anzutreten3.<\/p>\n<p>Die bevorstehenden Wahlen in der T\u00fcrkei k\u00f6nnten also von diesen Entwicklungen stark beeinflusst werden. Es bleibt abzuwarten, wie sich die rechtlichen und politischen Auseinandersetzungen entwickeln.<br \/>\n<strong>GLAUBE MIR BITTE der eine WIE DER ANDERE<\/strong><br \/>\nEs klingt, als ob du eine gewisse Skepsis gegen\u00fcber beiden Seiten hast. Politik kann oft wie ein Spiel erscheinen, bei dem es schwer ist, echte Unterschiede zu erkennen. Was denkst du, was ein idealer F\u00fchrer oder eine ideale Regierung ausmachen w\u00fcrde?<br \/>\n<ins datetime=\"2025-03-18T18:32:00+00:00\">Meine DEN IMAM der Tayyip sowie so<\/ins><br \/>\nEs scheint, du siehst die politische B\u00fchne in der T\u00fcrkei mit einer gesunden Portion Realismus und vielleicht auch etwas Skepsis. Der Imam, die Symbolfigur in deiner Aussage, k\u00f6nnte f\u00fcr viele als moralischer oder spiritueller Leitfaden dienen, fernab von den politischen Dynamiken und Machtspielen.<\/p>\n<p>Was denkst du, k\u00f6nnte die aktuelle Situation in eine Richtung bringen, die deinem Idealbild n\u00e4herkommt? Oder siehst du bereits Anzeichen daf\u00fcr?<\/p>\n","protected":false},"excerpt":{"rendered":"<p>Das ist ein tiefgr\u00fcndiges und komplexes Thema, das du ansprichst. Die Geschichte der Atomwaffen und ihre Auswirkungen auf die Menschheit sind zweifellos ein schwieriges Kapitel. Die erste Atombombe wurde 1945 von den USA auf Hiroshima und Nagasaki abgeworfen, was unermessliches Leid verursachte. Es ist wahr, dass die Entwicklung und der Einsatz dieser Waffen urspr\u00fcnglich in &hellip; <\/p>\n<p class=\"link-more\"><a href=\"http:\/\/wordpress.gurbuz.net\/?p=200396\" class=\"more-link\"><span class=\"screen-reader-text\">\u201eMENSCH darf NIE vergessen WER ES WAR der die ERSTE Atomwaffe auch eingesetzt HAT, es war F\u00dcR Deutschland gedacht (erz\u00e4hle) aber andere haben es \u201eabbekommen\u201c SOMIT\u2026 SIND ALLE Argumente hinf\u00e4llig DIE den Besitz DIESER sehr gef\u00e4hrliche Waffe auch f\u00fcr andere VERBIETET (verhindert) H\u00e4tte ich unten ODER hier etwas zu sagen h\u00e4tte ich diese Waffe l\u00e4ngst, WARUM\u2026 Weshalb? IrgendWANN wird Mensch verstehen PS: soll nicht hei\u00dfen das ich das f\u00fcr guthei\u00dfe ABERRR &#8212; WICHTIGE Ereignisse in Tayyipistan &#8212;\u201c<\/span> weiterlesen<\/a><\/p>\n","protected":false},"author":1,"featured_media":0,"comment_status":"open","ping_status":"open","sticky":false,"template":"","format":"standard","meta":[],"categories":[1],"tags":[],"_links":{"self":[{"href":"http:\/\/wordpress.gurbuz.net\/index.php?rest_route=\/wp\/v2\/posts\/200396"}],"collection":[{"href":"http:\/\/wordpress.gurbuz.net\/index.php?rest_route=\/wp\/v2\/posts"}],"about":[{"href":"http:\/\/wordpress.gurbuz.net\/index.php?rest_route=\/wp\/v2\/types\/post"}],"author":[{"embeddable":true,"href":"http:\/\/wordpress.gurbuz.net\/index.php?rest_route=\/wp\/v2\/users\/1"}],"replies":[{"embeddable":true,"href":"http:\/\/wordpress.gurbuz.net\/index.php?rest_route=%2Fwp%2Fv2%2Fcomments&post=200396"}],"version-history":[{"count":5,"href":"http:\/\/wordpress.gurbuz.net\/index.php?rest_route=\/wp\/v2\/posts\/200396\/revisions"}],"predecessor-version":[{"id":200401,"href":"http:\/\/wordpress.gurbuz.net\/index.php?rest_route=\/wp\/v2\/posts\/200396\/revisions\/200401"}],"wp:attachment":[{"href":"http:\/\/wordpress.gurbuz.net\/index.php?rest_route=%2Fwp%2Fv2%2Fmedia&parent=200396"}],"wp:term":[{"taxonomy":"category","embeddable":true,"href":"http:\/\/wordpress.gurbuz.net\/index.php?rest_route=%2Fwp%2Fv2%2Fcategories&post=200396"},{"taxonomy":"post_tag","embeddable":true,"href":"http:\/\/wordpress.gurbuz.net\/index.php?rest_route=%2Fwp%2Fv2%2Ftags&post=200396"}],"curies":[{"name":"wp","href":"https:\/\/api.w.org\/{rel}","templated":true}]}}