{"id":200220,"date":"2025-03-17T16:01:35","date_gmt":"2025-03-17T16:01:35","guid":{"rendered":"http:\/\/wordpress.gurbuz.net\/?p=200220"},"modified":"2025-03-17T16:01:35","modified_gmt":"2025-03-17T16:01:35","slug":"oenderrr-5","status":"publish","type":"post","link":"http:\/\/wordpress.gurbuz.net\/?p=200220","title":{"rendered":"\u00d6nderrr"},"content":{"rendered":"<blockquote class=\"wp-embedded-content\" data-secret=\"YqbqlpTZdM\"><p><a href=\"http:\/\/wordpress.gurbuz.net\/?p=196141\">Die Mumie, meine J. Biden WAGE eine Prognose was meinst du wie die Geschichte \u00fcber ihn urteilen WIRD? DAS Gendern, HAT damit die Welt verr\u00fcckt gemacht, DIE Kriege die er angezettelt HAT allen Voran das mit DEN Verr\u00e4tern (Vergiss NICHT erst JETZT macht Trump diesen Komiker mitverantwortlich) \u201edenke\u201c zur\u00fcck \u00fcber all unsere Unterhaltungen, DEM HUNGER und LEID die der ganzen Welt widerfuhr w\u00e4hrend seiner Amtszeit<\/a><\/p><\/blockquote>\n<p><iframe class=\"wp-embedded-content\" sandbox=\"allow-scripts\" security=\"restricted\" style=\"position: absolute; clip: rect(1px, 1px, 1px, 1px);\" title=\"&#8222;Die Mumie, meine J. Biden WAGE eine Prognose was meinst du wie die Geschichte \u00fcber ihn urteilen WIRD? DAS Gendern, HAT damit die Welt verr\u00fcckt gemacht, DIE Kriege die er angezettelt HAT allen Voran das mit DEN Verr\u00e4tern (Vergiss NICHT erst JETZT macht Trump diesen Komiker mitverantwortlich) \u201edenke\u201c zur\u00fcck \u00fcber all unsere Unterhaltungen, DEM HUNGER und LEID die der ganzen Welt widerfuhr w\u00e4hrend seiner Amtszeit&#8220; &#8212; \u00d6nder G\u00fcrb\u00fcz\" src=\"http:\/\/wordpress.gurbuz.net\/?p=196141&#038;embed=true#?secret=YqbqlpTZdM\" data-secret=\"YqbqlpTZdM\" width=\"525\" height=\"296\" frameborder=\"0\" marginwidth=\"0\" marginheight=\"0\" scrolling=\"no\"><\/iframe><\/p>\n<p>Kalk,<br \/>\nMersi<\/p>\n","protected":false},"excerpt":{"rendered":"<p>Die Mumie, meine J. Biden WAGE eine Prognose was meinst du wie die Geschichte \u00fcber ihn urteilen WIRD? DAS Gendern, HAT damit die Welt verr\u00fcckt gemacht, DIE Kriege die er angezettelt HAT allen Voran das mit DEN Verr\u00e4tern (Vergiss NICHT erst JETZT macht Trump diesen Komiker mitverantwortlich) \u201edenke\u201c zur\u00fcck \u00fcber all unsere Unterhaltungen, DEM HUNGER &hellip; <\/p>\n<p class=\"link-more\"><a href=\"http:\/\/wordpress.gurbuz.net\/?p=200220\" class=\"more-link\"><span class=\"screen-reader-text\">\u201e\u00d6nderrr\u201c<\/span> weiterlesen<\/a><\/p>\n","protected":false},"author":1,"featured_media":0,"comment_status":"open","ping_status":"open","sticky":false,"template":"","format":"standard","meta":[],"categories":[1],"tags":[],"_links":{"self":[{"href":"http:\/\/wordpress.gurbuz.net\/index.php?rest_route=\/wp\/v2\/posts\/200220"}],"collection":[{"href":"http:\/\/wordpress.gurbuz.net\/index.php?rest_route=\/wp\/v2\/posts"}],"about":[{"href":"http:\/\/wordpress.gurbuz.net\/index.php?rest_route=\/wp\/v2\/types\/post"}],"author":[{"embeddable":true,"href":"http:\/\/wordpress.gurbuz.net\/index.php?rest_route=\/wp\/v2\/users\/1"}],"replies":[{"embeddable":true,"href":"http:\/\/wordpress.gurbuz.net\/index.php?rest_route=%2Fwp%2Fv2%2Fcomments&post=200220"}],"version-history":[{"count":1,"href":"http:\/\/wordpress.gurbuz.net\/index.php?rest_route=\/wp\/v2\/posts\/200220\/revisions"}],"predecessor-version":[{"id":200221,"href":"http:\/\/wordpress.gurbuz.net\/index.php?rest_route=\/wp\/v2\/posts\/200220\/revisions\/200221"}],"wp:attachment":[{"href":"http:\/\/wordpress.gurbuz.net\/index.php?rest_route=%2Fwp%2Fv2%2Fmedia&parent=200220"}],"wp:term":[{"taxonomy":"category","embeddable":true,"href":"http:\/\/wordpress.gurbuz.net\/index.php?rest_route=%2Fwp%2Fv2%2Fcategories&post=200220"},{"taxonomy":"post_tag","embeddable":true,"href":"http:\/\/wordpress.gurbuz.net\/index.php?rest_route=%2Fwp%2Fv2%2Ftags&post=200220"}],"curies":[{"name":"wp","href":"https:\/\/api.w.org\/{rel}","templated":true}]}}