{"id":200188,"date":"2025-03-17T12:32:59","date_gmt":"2025-03-17T12:32:59","guid":{"rendered":"http:\/\/wordpress.gurbuz.net\/?p=200188"},"modified":"2025-03-17T13:04:15","modified_gmt":"2025-03-17T13:04:15","slug":"46-jahre-sechsundvierzig-oderrr-gesetzes-leichen","status":"publish","type":"post","link":"http:\/\/wordpress.gurbuz.net\/?p=200188","title":{"rendered":"46 JAHRE, sechsundvierzig!!! oderrr GESETZES LEICHEN"},"content":{"rendered":"<p>Ich habe dar\u00fcber berichtet im t\u00fcrkischen SOWIE im deutschen\u2026<br \/>\nWenn ich so zur\u00fcckdenke WAS ALLES HABE ICH NICHT?<\/p>\n<p>Schonmal was von der\u2026<br \/>\n<strong>Schmetterlingskrankheit<\/strong> geh\u00f6rt?<br \/>\nNeinnn???<br \/>\nWundert mich NICHT<\/p>\n<p>&#8222;Epidermolysis Bullosa &#8211; Alles zur Schmetterlingskrankheit<\/p>\n<p>Ihren deutschen Namen Schmetterlingskrankheit hat die Epidermolysis bullosa von dem Umstand, dass die Haut der Betroffenen \u00e4hnlich wie die Fl\u00fcgel eines Schmetterlings <strong>bereits durch leichte Ber\u00fchrung schmerzen und leiden kann<\/strong>. <strong>Heftiger<\/strong> als bei Schmetterlingen jedoch <strong>ist die Reaktion der Haut. Sie wird nicht nur br\u00fcchig<\/strong>.&#8220;<\/p>\n<blockquote class=\"wp-embedded-content\" data-secret=\"GyRr67O5UD\"><p><a href=\"https:\/\/mediset.de\/epidermolysis-bullosa\/\">Epidermolysis Bullosa<\/a><\/p><\/blockquote>\n<p><iframe class=\"wp-embedded-content\" sandbox=\"allow-scripts\" security=\"restricted\" style=\"position: absolute; clip: rect(1px, 1px, 1px, 1px);\" title=\"&#8222;Epidermolysis Bullosa&#8220; &#8212; Mediset\" src=\"https:\/\/mediset.de\/epidermolysis-bullosa\/embed\/#?secret=mAvFACs5yr#?secret=GyRr67O5UD\" data-secret=\"GyRr67O5UD\" width=\"525\" height=\"296\" frameborder=\"0\" marginwidth=\"0\" marginheight=\"0\" scrolling=\"no\"><\/iframe><\/p>\n<p>Wor\u00fcber ich berichtet habe fragen sie,<br \/>\nDIE DAMEN und HERREN von DER Staatsanwaltschaft\u2026<br \/>\nJUNG?<\/p>\n<p>Na \u00fcber Gesetzes Leichen aber machen wir erstmal weiter im Text\u2026<br \/>\nSie nennen sich nicht umsonst Perser,<br \/>\nWOLLEN NICHT Iraner ODER gar Araber genannt WERDEN\u2026<br \/>\nSie SIND Perser!<\/p>\n<p>46 Jahre ist es JETZT HER das DER kollektive Westen dieses Land sanktioniert hat!<br \/>\nSechsundvierzig JAHRE!<\/p>\n<p><a href=\"https:\/\/de.euronews.com\/2016\/01\/18\/geschichte-der-sanktionen-gegen-den-iran-in-der-uebersicht\" rel=\"noopener\" target=\"_blank\">LESEN sie<\/a><\/p>\n<p>Ahhh schei\u00df auf DIE Mollas,<br \/>\nALLE\u2026<br \/>\nISlamisten SIND MIR Feind aberrr NICHT DIE Menschen unddd WENN ES UM KINDER GEHT\u2026<br \/>\nH\u00f6rt bei mir der Spa\u00df auf,<br \/>\nUM HUNGER<\/p>\n<p>WAS\u2026<br \/>\nGLAUBEN SIE\u2026<br \/>\nWIE schei\u00dfegal Sanktionen den Mollas sind,<br \/>\nDEM Putin unddd IHREM Gefolge?<\/p>\n<p>Aberrr NICHT den Menschen,<br \/>\nNEIN\u2026<br \/>\nSie Leiden, DER JEMEN\u2026<br \/>\nWussten sie DAS in den letzten 5 Jahren\u2026<br \/>\n85.000<br \/>\nKinder dort VERHUNGERT SIND?<\/p>\n<p>Siehe Pal\u00e4stina oder auch sonst so\u2026<br \/>\nAfrika zum Beispiel.<\/p>\n<p>DER kollektive Westen\u2026<br \/>\nSanktioniert AUCH lebenswichtige MEDIKAMENTE\u2026<br \/>\nJaaa\u2026<br \/>\nAuch solche um die Schmetterlingskrankheit zu behandeln<\/p>\n<p>ich schei\u00dfe auf euere Werte,<br \/>\nGEH\u00d6RT&#8230;<br \/>\nAuf solche &#8222;Werte&#8220; KANN ICH nur schei\u00dfen<\/p>\n<p>Die Gesetzes LEICHEN\u2026<br \/>\nIch FRAGTE warum werden diese Gesetzte NICHT aus dem Gesetzestext gel\u00f6scht, HIER\u2026<br \/>\nWIE dort, \u00fcberall?<\/p>\n<p>Liebe Leser\u2026<br \/>\nBITTE\u2026<br \/>\nVerstehen sie mich nicht falsch\u2026<br \/>\nich BIN Ost und West,<br \/>\nBIN S\u00fcd und Nord\u2026<br \/>\nWIR\u2026<br \/>\nSind doch ALLE NUR Menschen\u2026<br \/>\nOder SIND WIR DAS etwa NICHT?<\/p>\n<p>Stellen sie sich vor es w\u00e4ren ihre Kinder\u2026<br \/>\nSTELLEN SIE SICH DAS\u2026<br \/>\nNUR f\u00fcr einen Moment vor UND das IST nur eine Krankheit WO\u2026<br \/>\nAUCH\u2026<br \/>\nMedikamente sanktioniert WERDEN<\/p>\n<p>Trumpiii\u2026<br \/>\nBombardiert den Jemen,<br \/>\nHANELSWEGE\u2026<br \/>\nSo SO, die englischen Jets waren, geh\u00f6rten mit zu den ersten die aufstiegen<\/p>\n<p>&#8222;USA<br \/>\nTrump beruft sich f\u00fcr Abschiebungen auf uraltes Kriegszeiten-Gesetz<br \/>\nUS-Pr\u00e4sident Trump m\u00f6chte mehr Abschiebungen. Daf\u00fcr will er nun ein Gesetz von 1798 nutzen. Es war zuletzt im Zweiten Weltkrieg angewendet worden.<br \/>\n17.03.2025 &#8211; 07:29 Uhr&#8220;<\/p>\n<p>https:\/\/www.wiwo.de\/politik\/ausland\/us-abschiebungen-trump-beruft-sich-auf-uraltes-kriegszeiten-gesetz\/100114212.html<\/p>\n<p>EIN\u2026<br \/>\nGesetz aus dem Jahre\u2026<br \/>\n1798\u2026<br \/>\nHallooooooooooooooooooo 1798!!!<\/p>\n<p>Politik!?<br \/>\nPolitiker\u2026<br \/>\nRindviecher UND IHRE K\u00e4lber<\/p>\n<p>ich sollte HIER aufh\u00f6ren,<br \/>\nich SOLLTE aufh\u00f6ren<\/p>\n","protected":false},"excerpt":{"rendered":"<p>Ich habe dar\u00fcber berichtet im t\u00fcrkischen SOWIE im deutschen\u2026 Wenn ich so zur\u00fcckdenke WAS ALLES HABE ICH NICHT? Schonmal was von der\u2026 Schmetterlingskrankheit geh\u00f6rt? Neinnn??? Wundert mich NICHT &#8222;Epidermolysis Bullosa &#8211; Alles zur Schmetterlingskrankheit Ihren deutschen Namen Schmetterlingskrankheit hat die Epidermolysis bullosa von dem Umstand, dass die Haut der Betroffenen \u00e4hnlich wie die Fl\u00fcgel eines &hellip; <\/p>\n<p class=\"link-more\"><a href=\"http:\/\/wordpress.gurbuz.net\/?p=200188\" class=\"more-link\"><span class=\"screen-reader-text\">\u201e46 JAHRE, sechsundvierzig!!! oderrr GESETZES LEICHEN\u201c<\/span> weiterlesen<\/a><\/p>\n","protected":false},"author":1,"featured_media":0,"comment_status":"open","ping_status":"open","sticky":false,"template":"","format":"standard","meta":[],"categories":[1],"tags":[],"_links":{"self":[{"href":"http:\/\/wordpress.gurbuz.net\/index.php?rest_route=\/wp\/v2\/posts\/200188"}],"collection":[{"href":"http:\/\/wordpress.gurbuz.net\/index.php?rest_route=\/wp\/v2\/posts"}],"about":[{"href":"http:\/\/wordpress.gurbuz.net\/index.php?rest_route=\/wp\/v2\/types\/post"}],"author":[{"embeddable":true,"href":"http:\/\/wordpress.gurbuz.net\/index.php?rest_route=\/wp\/v2\/users\/1"}],"replies":[{"embeddable":true,"href":"http:\/\/wordpress.gurbuz.net\/index.php?rest_route=%2Fwp%2Fv2%2Fcomments&post=200188"}],"version-history":[{"count":14,"href":"http:\/\/wordpress.gurbuz.net\/index.php?rest_route=\/wp\/v2\/posts\/200188\/revisions"}],"predecessor-version":[{"id":200202,"href":"http:\/\/wordpress.gurbuz.net\/index.php?rest_route=\/wp\/v2\/posts\/200188\/revisions\/200202"}],"wp:attachment":[{"href":"http:\/\/wordpress.gurbuz.net\/index.php?rest_route=%2Fwp%2Fv2%2Fmedia&parent=200188"}],"wp:term":[{"taxonomy":"category","embeddable":true,"href":"http:\/\/wordpress.gurbuz.net\/index.php?rest_route=%2Fwp%2Fv2%2Fcategories&post=200188"},{"taxonomy":"post_tag","embeddable":true,"href":"http:\/\/wordpress.gurbuz.net\/index.php?rest_route=%2Fwp%2Fv2%2Ftags&post=200188"}],"curies":[{"name":"wp","href":"https:\/\/api.w.org\/{rel}","templated":true}]}}