{"id":200172,"date":"2025-03-16T17:36:47","date_gmt":"2025-03-16T17:36:47","guid":{"rendered":"http:\/\/wordpress.gurbuz.net\/?p=200172"},"modified":"2025-03-16T17:44:43","modified_gmt":"2025-03-16T17:44:43","slug":"mossad","status":"publish","type":"post","link":"http:\/\/wordpress.gurbuz.net\/?p=200172","title":{"rendered":"MOSSAD!????????????????"},"content":{"rendered":"<p>einnn M\u00dcDES L\u00e4cheln,<br \/>\n&#8230;<br \/>\nP\u00f6h, ich WAR noch ein Kind&#8230;<br \/>\n&#8230;<\/p>\n<p>im t\u00fcrkischen sagen WIR:<br \/>\n\u00d6\u011frende gel o\u011flum!<br \/>\nUnd eure AgentINEN taugen auch NICHTS,<br \/>\nKann nicht sagen das sie gerade sch\u00f6n sind<\/p>\n<p>ich wei\u00df,<br \/>\nDIE Wahrheit tut weh,<br \/>\nTut mir Leid<\/p>\n<p><img src=\"https:\/\/img-s-msn-com.akamaized.net\/tenant\/amp\/entityid\/AA1B1LAk.img?w=630&#038;h=472&#038;m=6&#038;x=294&#038;y=174&#038;s=68&#038;d=68\" alt=\"\" \/><\/p>\n<p>&#8222;Ex-Mossad-Beamter warnt vor milit\u00e4rischer Konfrontation mit Erdogan: \u201eT\u00fcrkei ist ein Feind\u201c<br \/>\nArtikel von Bedrettin B\u00f6l\u00fckbasi \u2022 <strong>2 Std.<\/strong>&#8220;<\/p>\n<p>https:\/\/www.msn.com\/de-de\/nachrichten\/welt\/ex-mossad-beamter-warnt-vor-milit%C3%A4rischer-konfrontation-mit-erdogan-t%C3%BCrkei-ist-ein-feind\/ar-AA1B1S89?ocid=msedgntp&#038;pc=U531&#038;cvid=1fc5fac7a9de49acada153efeec47d2a&#038;ei=32<\/p>\n<p>sage ich DOCH!<br \/>\nhabe mich in der Vergangenheit SEHR bem\u00fcht&#8230;<br \/>\nDAS (&#8230;)<br \/>\nWeil BEIDE L\u00e4nder in der Region ALS&#8230;<br \/>\n<strong>\u00e7\u0131banba\u015f\u0131<\/strong>&#8230;<br \/>\nAngesehen WERDEN<\/p>\n","protected":false},"excerpt":{"rendered":"<p>einnn M\u00dcDES L\u00e4cheln, &#8230; P\u00f6h, ich WAR noch ein Kind&#8230; &#8230; im t\u00fcrkischen sagen WIR: \u00d6\u011frende gel o\u011flum! Und eure AgentINEN taugen auch NICHTS, Kann nicht sagen das sie gerade sch\u00f6n sind ich wei\u00df, DIE Wahrheit tut weh, Tut mir Leid &#8222;Ex-Mossad-Beamter warnt vor milit\u00e4rischer Konfrontation mit Erdogan: \u201eT\u00fcrkei ist ein Feind\u201c Artikel von Bedrettin &hellip; <\/p>\n<p class=\"link-more\"><a href=\"http:\/\/wordpress.gurbuz.net\/?p=200172\" class=\"more-link\"><span class=\"screen-reader-text\">\u201eMOSSAD!????????????????\u201c<\/span> weiterlesen<\/a><\/p>\n","protected":false},"author":1,"featured_media":0,"comment_status":"open","ping_status":"open","sticky":false,"template":"","format":"standard","meta":[],"categories":[1],"tags":[],"_links":{"self":[{"href":"http:\/\/wordpress.gurbuz.net\/index.php?rest_route=\/wp\/v2\/posts\/200172"}],"collection":[{"href":"http:\/\/wordpress.gurbuz.net\/index.php?rest_route=\/wp\/v2\/posts"}],"about":[{"href":"http:\/\/wordpress.gurbuz.net\/index.php?rest_route=\/wp\/v2\/types\/post"}],"author":[{"embeddable":true,"href":"http:\/\/wordpress.gurbuz.net\/index.php?rest_route=\/wp\/v2\/users\/1"}],"replies":[{"embeddable":true,"href":"http:\/\/wordpress.gurbuz.net\/index.php?rest_route=%2Fwp%2Fv2%2Fcomments&post=200172"}],"version-history":[{"count":5,"href":"http:\/\/wordpress.gurbuz.net\/index.php?rest_route=\/wp\/v2\/posts\/200172\/revisions"}],"predecessor-version":[{"id":200177,"href":"http:\/\/wordpress.gurbuz.net\/index.php?rest_route=\/wp\/v2\/posts\/200172\/revisions\/200177"}],"wp:attachment":[{"href":"http:\/\/wordpress.gurbuz.net\/index.php?rest_route=%2Fwp%2Fv2%2Fmedia&parent=200172"}],"wp:term":[{"taxonomy":"category","embeddable":true,"href":"http:\/\/wordpress.gurbuz.net\/index.php?rest_route=%2Fwp%2Fv2%2Fcategories&post=200172"},{"taxonomy":"post_tag","embeddable":true,"href":"http:\/\/wordpress.gurbuz.net\/index.php?rest_route=%2Fwp%2Fv2%2Ftags&post=200172"}],"curies":[{"name":"wp","href":"https:\/\/api.w.org\/{rel}","templated":true}]}}