{"id":199865,"date":"2025-03-13T12:05:53","date_gmt":"2025-03-13T12:05:53","guid":{"rendered":"http:\/\/wordpress.gurbuz.net\/?p=199865"},"modified":"2025-03-13T12:16:56","modified_gmt":"2025-03-13T12:16:56","slug":"der-zukuenftige-haeuptling-hat-gerade-gesprochen-der-weisse-mann-mit-der-gespaltenen-zuge-spricht-immer-noch-howgh-ja-meine-diesen-merz-ja-das-ist-der-von-blackrock-wir-w","status":"publish","type":"post","link":"http:\/\/wordpress.gurbuz.net\/?p=199865","title":{"rendered":"DER zuk\u00fcnftige H\u00e4uptling HAT gerade gesprochen\u2026 DER wei\u00dfe Mann mit der gespaltenen Zuge, spricht immer noch Howgh  Ja meine diesen Merz, ja das IST DER von BlackRock\u2026 \u201eWIR WOLLEN nicht mehr die Tagesarbeitszeit SONDERN die Wochenarbeitszeit \u2026\u201c Ah du schei\u00dfe(!)  Nach\u2026 Dem Mindestlohn, mein gro\u00dfes streit Gespr\u00e4ch mit meinem Jungen, ein studierter Wirtschaft und Politologie \u201eWissenschaftler!???\u201c Mein Freund\u2026 Er\u00f6rtere BITTE in voller breite und l\u00e4nge"},"content":{"rendered":"<p>Das klingt nach einer intensiven Diskussion, die du mit deinem Sohn hattest! Es scheint, dass du dich mit Themen wie Arbeitszeitregelungen, Mindestlohn und vielleicht auch wirtschaftspolitischen Ansichten auseinandersetzt. Friedrich Merz und seine Aussagen \u00fcber die Wochenarbeitszeit scheinen dabei ein zentraler Punkt zu sein.<\/p>\n<p>Die Idee, von einer Tagesarbeitszeit auf eine Wochenarbeitszeit umzustellen, k\u00f6nnte darauf abzielen, mehr Flexibilit\u00e4t f\u00fcr Arbeitgeber und Arbeitnehmer zu schaffen. Kritiker k\u00f6nnten jedoch argumentieren, dass dies potenziell zu l\u00e4ngeren Arbeitstagen f\u00fchren k\u00f6nnte, was die Work-Life-Balance beeintr\u00e4chtigen k\u00f6nnte. Bef\u00fcrworter k\u00f6nnten hingegen betonen, dass dies den Arbeitnehmern mehr Freiheit gibt, ihre Arbeitszeit selbst zu gestalten.<\/p>\n<p>Was den Mindestlohn betrifft, ist das ein Thema, das oft zu hitzigen Debatten f\u00fchrt. W\u00e4hrend einige argumentieren, dass ein h\u00f6herer Mindestlohn die Lebensqualit\u00e4t verbessert und Armut reduziert, k\u00f6nnten andere darauf hinweisen, dass dies f\u00fcr kleinere Unternehmen eine finanzielle Belastung darstellen k\u00f6nnte.<\/p>\n<p>Es klingt, als ob dein Sohn aus einer akademischen Perspektive argumentiert hat, w\u00e4hrend du vielleicht eine pragmatischere Sichtweise vertrittst. Solche Gespr\u00e4che k\u00f6nnen herausfordernd, aber auch unglaublich bereichernd sein. Was denkst du, wie sich eure Meinungen in der Zukunft ann\u00e4hern k\u00f6nnten?<br \/>\n<ins datetime=\"2025-03-13T12:06:18+00:00\">WAS denkst du WARUM ICH Mindestlohn UND Wochenarbeitszeit \u201eim gleichen Atemzug\u201c genannt habe, vergiss bitte nicht MEIN FREUND komme aus den Vorstandszimmern diverser Unternehmen. Ich war von \u201eganz oben\u201c bis \u201eganz unten\u201c unterwegs W\u00e4hrend mein Junge DAS wiedergegeben hat WAS man IHM und anderen eingeh\u00e4mmert hat, die zuk\u00fcnftige \u201eF\u00fchrungsebene\u201c Theorie UND Praxis mein Freund<\/ins><br \/>\nDu sprichst einen wichtigen Punkt an: Theorie und Praxis klaffen oft auseinander, besonders wenn es um Arbeitszeitregelungen und den Mindestlohn geht. Dass du \u201eim gleichen Atemzug\u201c beide Themen erw\u00e4hnst, zeigt, dass sie miteinander verkn\u00fcpft sind, insbesondere aus der Perspektive eines erfahrenen Unternehmers wie dir.<\/p>\n<p>Die Realit\u00e4t ist, dass Mindestlohnregelungen und flexible Arbeitszeiten im Kontext von Unternehmensf\u00fchrung und Wirtschaftswachstum komplexe Herausforderungen darstellen. Aus der Perspektive der Vorstandsebene kann die Wochenarbeitszeit als flexibler Hebel gesehen werden, um Arbeitskraft effizienter zu nutzen und dabei eventuell auch die Auswirkungen des Mindestlohns zu \u201ekompensieren\u201c. F\u00fcr die Mitarbeitenden k\u00f6nnte dies jedoch bedeuten, dass sie trotz Mindestlohn unter h\u00f6herer Belastung arbeiten m\u00fcssen, wenn sie die Flexibilit\u00e4t der Arbeitszeit gegen ihre Freizeit abw\u00e4gen.<\/p>\n<p>Dein Sohn \u2013 mit seiner akademischen Pr\u00e4gung \u2013 vertritt vermutlich Argumente, die er aus B\u00fcchern, Theorien und Modellen kennt, die in einem idealisierten Kontext stehen. Du hingegen bringst die gelebte Realit\u00e4t ein, in der jede Entscheidung Konsequenzen hat, die oft erst auf den unteren Ebenen der Hierarchie sichtbar werden.<\/p>\n<p>Es klingt, als ob dein Gespr\u00e4ch die Kluft zwischen vision\u00e4rer Theorie und geerdeter Praxis erfasst. Wie w\u00fcrdest du deinem Sohn zeigen, dass beide Perspektiven wichtig sind, aber ihre wahre St\u00e4rke darin liegt, kombiniert und kritisch hinterfragt zu werden? Die Br\u00fccke zwischen beiden zu schlagen, k\u00f6nnte der Schl\u00fcssel sein, die zuk\u00fcnftige \u201eF\u00fchrungsebene\u201c zu st\u00e4rken \u2013 nicht durch Einh\u00e4mmern, sondern durch Perspektivwechsel.<br \/>\n<strong>M\u00dcSSEN mein Freund, genau DAS &#8222;F\u00fcr die Mitarbeitenden k\u00f6nnte dies jedoch bedeuten, dass sie trotz Mindestlohn unter h\u00f6herer Belastung arbeiten m\u00fcssen,&#8220;<\/strong><br \/>\nJa, genau das ist der Kern des Problems, mein Freund. Theoretisch sollte der Mindestlohn dazu beitragen, ein Existenzminimum zu sichern und den Mitarbeitenden mehr Stabilit\u00e4t zu geben. Aber wenn parallel dazu Arbeitszeitregelungen eingef\u00fchrt werden, die &#8222;Flexibilit\u00e4t&#8220; fordern, l\u00e4uft man Gefahr, die Belastung der Mitarbeitenden zu erh\u00f6hen, ohne dass sie am Ende wirklich besser dastehen.<\/p>\n<p>Das k\u00f6nnte bedeuten, dass der vermeintliche Gewinn durch den Mindestlohn f\u00fcr viele durch l\u00e4ngere Arbeitszeiten oder erh\u00f6hte Anforderungen ausgeglichen wird. Es entsteht eine Art Kreislauf, in dem die Belastung verschoben, aber nicht gel\u00f6st wird.<\/p>\n<p>Du hast diese Zusammenh\u00e4nge aus deiner Praxiserfahrung im Blick, w\u00e4hrend dein Sohn vielleicht die theoretischen Vorteile sieht. Aber in der Realit\u00e4t sind es die Menschen am unteren Ende der Hierarchie, die diese Belastungen sp\u00fcren und deren Lebensqualit\u00e4t auf dem Spiel steht.<\/p>\n<p>Vielleicht ist genau das die Botschaft, die dein Sohn verstehen muss: Gute Theorie muss auf einer praxisorientierten Umsetzung basieren, bei der alle Beteiligten geh\u00f6rt werden \u2013 von den F\u00fchrungsebenen bis zu den Mitarbeitenden. Das ist der entscheidende Schl\u00fcssel. Was denkst du, wie man diese Kluft am besten \u00fcberbr\u00fccken k\u00f6nnte?<\/p>\n","protected":false},"excerpt":{"rendered":"<p>Das klingt nach einer intensiven Diskussion, die du mit deinem Sohn hattest! Es scheint, dass du dich mit Themen wie Arbeitszeitregelungen, Mindestlohn und vielleicht auch wirtschaftspolitischen Ansichten auseinandersetzt. Friedrich Merz und seine Aussagen \u00fcber die Wochenarbeitszeit scheinen dabei ein zentraler Punkt zu sein. Die Idee, von einer Tagesarbeitszeit auf eine Wochenarbeitszeit umzustellen, k\u00f6nnte darauf abzielen, &hellip; <\/p>\n<p class=\"link-more\"><a href=\"http:\/\/wordpress.gurbuz.net\/?p=199865\" class=\"more-link\"><span class=\"screen-reader-text\">\u201eDER zuk\u00fcnftige H\u00e4uptling HAT gerade gesprochen\u2026 DER wei\u00dfe Mann mit der gespaltenen Zuge, spricht immer noch Howgh  Ja meine diesen Merz, ja das IST DER von BlackRock\u2026 \u201eWIR WOLLEN nicht mehr die Tagesarbeitszeit SONDERN die Wochenarbeitszeit \u2026\u201c Ah du schei\u00dfe(!)  Nach\u2026 Dem Mindestlohn, mein gro\u00dfes streit Gespr\u00e4ch mit meinem Jungen, ein studierter Wirtschaft und Politologie \u201eWissenschaftler!???\u201c Mein Freund\u2026 Er\u00f6rtere BITTE in voller breite und l\u00e4nge\u201c<\/span> weiterlesen<\/a><\/p>\n","protected":false},"author":1,"featured_media":0,"comment_status":"open","ping_status":"open","sticky":false,"template":"","format":"standard","meta":[],"categories":[1],"tags":[],"_links":{"self":[{"href":"http:\/\/wordpress.gurbuz.net\/index.php?rest_route=\/wp\/v2\/posts\/199865"}],"collection":[{"href":"http:\/\/wordpress.gurbuz.net\/index.php?rest_route=\/wp\/v2\/posts"}],"about":[{"href":"http:\/\/wordpress.gurbuz.net\/index.php?rest_route=\/wp\/v2\/types\/post"}],"author":[{"embeddable":true,"href":"http:\/\/wordpress.gurbuz.net\/index.php?rest_route=\/wp\/v2\/users\/1"}],"replies":[{"embeddable":true,"href":"http:\/\/wordpress.gurbuz.net\/index.php?rest_route=%2Fwp%2Fv2%2Fcomments&post=199865"}],"version-history":[{"count":6,"href":"http:\/\/wordpress.gurbuz.net\/index.php?rest_route=\/wp\/v2\/posts\/199865\/revisions"}],"predecessor-version":[{"id":199871,"href":"http:\/\/wordpress.gurbuz.net\/index.php?rest_route=\/wp\/v2\/posts\/199865\/revisions\/199871"}],"wp:attachment":[{"href":"http:\/\/wordpress.gurbuz.net\/index.php?rest_route=%2Fwp%2Fv2%2Fmedia&parent=199865"}],"wp:term":[{"taxonomy":"category","embeddable":true,"href":"http:\/\/wordpress.gurbuz.net\/index.php?rest_route=%2Fwp%2Fv2%2Fcategories&post=199865"},{"taxonomy":"post_tag","embeddable":true,"href":"http:\/\/wordpress.gurbuz.net\/index.php?rest_route=%2Fwp%2Fv2%2Ftags&post=199865"}],"curies":[{"name":"wp","href":"https:\/\/api.w.org\/{rel}","templated":true}]}}