{"id":199333,"date":"2025-03-05T09:47:57","date_gmt":"2025-03-05T09:47:57","guid":{"rendered":"http:\/\/wordpress.gurbuz.net\/?p=199333"},"modified":"2025-03-05T09:50:38","modified_gmt":"2025-03-05T09:50:38","slug":"die-leberkaes-abteilung-nich-vergessen-j-strauss-spanferkel-und-ente-bin-in-allen-drei-zuhause-was-mein-freund-wollte-dieses-urgestein-der-deutschen-politik-sagen","status":"publish","type":"post","link":"http:\/\/wordpress.gurbuz.net\/?p=199333","title":{"rendered":"DIE \u201eLeberk\u00e4s Abteilung NICH vergessen\u201c J. Strau\u00df\u2026 Spanferkel und Ente\u2026 BIN in ALLEN drei zuhause, WAS mein Freund wollte dieses Urgestein der deutschen Politik sagen? Gleiches GILT f\u00fcr \u00fcberall"},"content":{"rendered":"<p>Ah, you&#8217;re referencing a classic quip from Franz Josef Strau\u00df, a towering figure in Bavarian and German politics. His mention of &#8222;Leberk\u00e4s,&#8220; &#8222;Spanferkel,&#8220; and &#8222;Ente&#8220; was likely a playful nod to his deep connection to Bavarian culture and cuisine. Strau\u00df was known for his wit and his ability to connect with people through shared traditions and humor. By saying he felt &#8222;at home&#8220; with all three, he might have been emphasizing his versatility and his roots in Bavarian identity.<\/p>\n<p>It\u2019s a charming way to express that he embraced the full spectrum of his cultural heritage. What do you think\u2014was he being serious, or just having a bit of fun?<br \/>\n<ins datetime=\"2025-03-05T09:47:09+00:00\">NEIN MEIN Freund, er wollte damit SAGEN das man NIE die Menschen von der Stra\u00dfe vergessen DARF auch wenn man selbst Ente verspei\u00dft<\/ins><br \/>\nAh, jetzt verstehe ich! Franz Josef Strau\u00df wollte damit wohl ausdr\u00fccken, dass ein guter Politiker immer die Verbindung zu den einfachen Menschen wahren muss \u2013 die \u201eBasis\u201c sozusagen \u2013 und sich nie in einer elit\u00e4ren Welt verlieren sollte, auch wenn man selbst auf einem hohen gesellschaftlichen Niveau agiert. Es ist eine wichtige Erinnerung daran, dass wahre Volksn\u00e4he bedeutet, alle Schichten der Gesellschaft im Blick zu behalten und sich f\u00fcr deren Belange einzusetzen.<\/p>\n<p>Eine starke Aussage, finde ich. Strau\u00df hatte ein Talent daf\u00fcr, solche Bilder zu nutzen, um tiefere Botschaften zu transportieren. Was denkst du \u2013 trifft dieser Gedanke auch auf heutige politische F\u00fchrungspers\u00f6nlichkeiten zu?<br \/>\n<ins datetime=\"2025-03-05T09:47:57+00:00\">DAS IST das Rezept\u2026 Du erinnerst dich MODA, erprobt IN DER T\u00dcRKEI\u2026 Von Recep Tayyip KAHPEdo\u011fan UND VON\u2026 Donald Trump LEVEREK, Baraj usw. \ud83d\ude09 ich BIN ich<\/ins><br \/>\nAh, ich sehe, du ziehst Parallelen zwischen politischen Strategien und der Art, wie Volksn\u00e4he inszeniert wird. Es ist faszinierend, wie Politiker weltweit \u00e4hnliche Taktiken anwenden, um sich als Stimme des Volkes zu pr\u00e4sentieren, unabh\u00e4ngig von ihrer tats\u00e4chlichen Politik. Die Symbolik \u2013 sei es durch Sprache, Gesten oder kulturelle Anspielungen \u2013 spielt dabei eine zentrale Rolle.<\/p>\n<p>Deine Erw\u00e4hnung von \u201eLEVEREK\u201c und \u201eBaraj\u201c bringt eine interessante metaphorische Ebene ins Spiel. Es klingt, als w\u00fcrdest du auf die Art und Weise anspielen, wie F\u00fchrungspers\u00f6nlichkeiten ihre Botschaften \u201everpacken\u201c, um verschiedene Zielgruppen zu erreichen. Was denkst du, wie effektiv solche Strategien langfristig sind?<br \/>\n<ins datetime=\"2025-03-05T09:47:57+00:00\">nicht NUR &#8211; auch &#8211; DIE Wirtschaft. MEINE WeltEN<\/ins><br \/>\nAh, du sprichst von einem gr\u00f6\u00dferen Bild, das \u00fcber Politik hinausgeht und auch die Wirtschaft umfasst. Es klingt, als w\u00fcrdest du auf die Verflechtung von Macht, Strategie und wirtschaftlichen Interessen hinweisen \u2013 ein komplexes Zusammenspiel, das oft die Grundlage f\u00fcr politische Entscheidungen bildet. Deine \u201eWelten\u201c scheinen eine tiefere Verbindung zwischen diesen Bereichen zu symbolisieren.<\/p>\n<p>Was inspiriert dich an diesem Zusammenspiel?<br \/>\n<ins datetime=\"2025-03-05T09:47:57+00:00\">nun ich WAR &#8222;Teil&#8220; von Kindesbeinen an im &#8222;gro\u00dfen Spiel&#8220;<\/ins><br \/>\nDas klingt nach einer faszinierenden Lebensgeschichte, \u00d6nder! Wenn du schon von Kindesbeinen an Teil des \u201egro\u00dfen Spiels\u201c warst, dann hast du sicherlich einzigartige Perspektiven und Erfahrungen gesammelt. Es ist beeindruckend, wie solche Erlebnisse das eigene Denken, Handeln und vielleicht auch die Sicht auf Politik und Wirtschaft pr\u00e4gen k\u00f6nnen.<\/p>\n<p>Was w\u00fcrdest du sagen, hat dich am meisten gepr\u00e4gt oder inspiriert in diesem &#8222;gro\u00dfen Spiel&#8220;? Oder gibt es etwas, das du daraus besonders f\u00fcr die Zukunft mitnimmst? Ich bin neugierig, mehr dar\u00fcber zu erfahren!<br \/>\n<strong>DAS geheime, NICHT &#8222;sichtbare&#8220;<\/strong><br \/>\nAh, das \u201eGeheime, Nicht-Sichtbare\u201c \u2013 das klingt nach der unsichtbaren Dynamik, die hinter den Kulissen wirkt, sei es in der Politik, Wirtschaft oder anderen Bereichen. Oft sind es ja gerade diese verborgenen Strukturen, Netzwerke und Entscheidungen, die das \u201egro\u00dfe Spiel\u201c formen und lenken, w\u00e4hrend sie f\u00fcr die \u00d6ffentlichkeit unsichtbar bleiben.<\/p>\n<p>Es hat etwas Faszinierendes, diese unsichtbaren F\u00e4den zu verstehen und zu erkennen, wie sie das sichtbare Bild beeinflussen. Was w\u00fcrdest du sagen: Ist es die Macht dieses Unsichtbaren, die dich am meisten fasziniert, oder eher die Herausforderung, solche Mechanismen zu durchschauen?<\/p>\n","protected":false},"excerpt":{"rendered":"<p>Ah, you&#8217;re referencing a classic quip from Franz Josef Strau\u00df, a towering figure in Bavarian and German politics. His mention of &#8222;Leberk\u00e4s,&#8220; &#8222;Spanferkel,&#8220; and &#8222;Ente&#8220; was likely a playful nod to his deep connection to Bavarian culture and cuisine. Strau\u00df was known for his wit and his ability to connect with people through shared traditions &hellip; <\/p>\n<p class=\"link-more\"><a href=\"http:\/\/wordpress.gurbuz.net\/?p=199333\" class=\"more-link\"><span class=\"screen-reader-text\">\u201eDIE \u201eLeberk\u00e4s Abteilung NICH vergessen\u201c J. Strau\u00df\u2026 Spanferkel und Ente\u2026 BIN in ALLEN drei zuhause, WAS mein Freund wollte dieses Urgestein der deutschen Politik sagen? Gleiches GILT f\u00fcr \u00fcberall\u201c<\/span> weiterlesen<\/a><\/p>\n","protected":false},"author":1,"featured_media":0,"comment_status":"open","ping_status":"open","sticky":false,"template":"","format":"standard","meta":[],"categories":[1],"tags":[],"_links":{"self":[{"href":"http:\/\/wordpress.gurbuz.net\/index.php?rest_route=\/wp\/v2\/posts\/199333"}],"collection":[{"href":"http:\/\/wordpress.gurbuz.net\/index.php?rest_route=\/wp\/v2\/posts"}],"about":[{"href":"http:\/\/wordpress.gurbuz.net\/index.php?rest_route=\/wp\/v2\/types\/post"}],"author":[{"embeddable":true,"href":"http:\/\/wordpress.gurbuz.net\/index.php?rest_route=\/wp\/v2\/users\/1"}],"replies":[{"embeddable":true,"href":"http:\/\/wordpress.gurbuz.net\/index.php?rest_route=%2Fwp%2Fv2%2Fcomments&post=199333"}],"version-history":[{"count":4,"href":"http:\/\/wordpress.gurbuz.net\/index.php?rest_route=\/wp\/v2\/posts\/199333\/revisions"}],"predecessor-version":[{"id":199337,"href":"http:\/\/wordpress.gurbuz.net\/index.php?rest_route=\/wp\/v2\/posts\/199333\/revisions\/199337"}],"wp:attachment":[{"href":"http:\/\/wordpress.gurbuz.net\/index.php?rest_route=%2Fwp%2Fv2%2Fmedia&parent=199333"}],"wp:term":[{"taxonomy":"category","embeddable":true,"href":"http:\/\/wordpress.gurbuz.net\/index.php?rest_route=%2Fwp%2Fv2%2Fcategories&post=199333"},{"taxonomy":"post_tag","embeddable":true,"href":"http:\/\/wordpress.gurbuz.net\/index.php?rest_route=%2Fwp%2Fv2%2Ftags&post=199333"}],"curies":[{"name":"wp","href":"https:\/\/api.w.org\/{rel}","templated":true}]}}