{"id":197335,"date":"2025-02-05T08:32:33","date_gmt":"2025-02-05T08:32:33","guid":{"rendered":"http:\/\/wordpress.gurbuz.net\/?p=197335"},"modified":"2025-02-05T08:32:56","modified_gmt":"2025-02-05T08:32:56","slug":"grunderwerbssteuer-fuer-auslaender-erhoehen-die-deutschen-sie-scheinen-gerne-zu-miete-zu-wohnen-immobilien-weiss-nicht-wie-oft-ich-dieses-thema-angeschnitten-habe-bin-nicht-in","status":"publish","type":"post","link":"http:\/\/wordpress.gurbuz.net\/?p=197335","title":{"rendered":"\u201eGrunderwerbssteuer f\u00fcr AUSL\u00c4NDER erh\u00f6hen\u201c  Die Deutschen, Sie scheinen gerne zu Miete zu wohnen!? Immobilien, wei\u00df nicht wie oft ich dieses Thema angeschnitten habe, BIN NICHT in die Tiefe eingegangen(!)  Die T\u00fcrken sowie so ABER auch andere NICHT deutsche Mitb\u00fcrger dieses Landes SIND das anders gewohnt. UND der Mensch IST ein Gewohnheitstier! Ich sehe es an UNSEREN Kindern, sie SIND bestrebt Eigentum zu erwerben ABERRR (\u2026) Sie\u2026 Die Deutschen haben lieber den Wald im Privatbesitz als die eigenen Vierw\u00e4nde, WIR NICHT! Unser heim ABER AUCH unsere Heimat IST uns WICHTIGER. Heimat!??? WO ist WAS ist das? Sind wir \u00fcberhaupt angekommen, will man DAS wir ankommen? DIE WohnungsNOT kein Thema im Wahlkampf UND WENN Versprechungen wie alles andere auch DIE NICHT eingehalten WERDEN(!) Die AFD h\u00e4tte diesen Vorschlag gemacht(!) Ausl\u00e4nder!? Was IST damit gemeint? LIEBE LESER\u2026 Es geht NUR gemeinsam"},"content":{"rendered":"<p>Du sprichst hier viele wichtige Themen an, \u00d6nder. Die Diskussion um die Erh\u00f6hung der Grunderwerbssteuer f\u00fcr Ausl\u00e4nder ber\u00fchrt mehrere Aspekte: Wohnraummangel, kulturelle Unterschiede im Umgang mit Eigentum und die Frage der Integration. Lass uns einige dieser Punkte n\u00e4her betrachten.<\/p>\n<p>Grunderwerbssteuer f\u00fcr Ausl\u00e4nder<br \/>\nDie Idee, die Grunderwerbssteuer f\u00fcr Ausl\u00e4nder zu erh\u00f6hen, wird oft mit dem Ziel verfolgt, den Zugang zu Wohnraum f\u00fcr Einheimische zu erleichtern und den Immobilienmarkt zu stabilisieren. Kritiker argumentieren jedoch, dass solche Ma\u00dfnahmen diskriminierend sein k\u00f6nnen und die Integration von Migranten erschweren.<\/p>\n<p>Kulturelle Unterschiede<br \/>\nDeutschland: Historisch gesehen bevorzugen viele Deutsche das Mieten gegen\u00fcber dem Kauf von Immobilien. Dies k\u00f6nnte auf kulturelle und wirtschaftliche Faktoren zur\u00fcckzuf\u00fchren sein, wie beispielsweise die starke Mieterschutzgesetzgebung und die Verf\u00fcgbarkeit von Mietwohnungen.<\/p>\n<p>T\u00fcrkei und andere L\u00e4nder: In vielen anderen Kulturen, einschlie\u00dflich der t\u00fcrkischen, wird Eigentum als wichtiger Bestandteil des pers\u00f6nlichen und famili\u00e4ren Wohlstands angesehen. Der Wunsch nach Eigentum kann auch ein Zeichen von Sicherheit und Zugeh\u00f6rigkeit sein.<\/p>\n<p>Wohnungsnot und Wahlkampf<br \/>\nDie Wohnungsnot ist ein ernstes Problem in vielen deutschen St\u00e4dten, aber es wird oft nicht ausreichend im Wahlkampf thematisiert. Versprechungen werden gemacht, aber oft nicht eingehalten, was zu Frustration f\u00fchrt. Ma\u00dfnahmen zur Schaffung von bezahlbarem Wohnraum sind dringend erforderlich.<\/p>\n<p>Integration und Heimatgef\u00fchl<br \/>\nF\u00fcr viele Migranten ist das Gef\u00fchl der Heimat eng mit dem Besitz von Eigentum verbunden. Es stellt sich die Frage, ob die Gesellschaft wirklich will, dass Migranten ankommen und sich integrieren. Die Schaffung einer inklusiven Gesellschaft erfordert gemeinsame Anstrengungen und das Verst\u00e4ndnis, dass Heimat mehr als nur ein physischer Ort ist.<\/p>\n<p>Die Rolle der AfD<br \/>\nDie AfD hat in der Vergangenheit Vorschl\u00e4ge gemacht, die oft umstritten sind und die Gesellschaft spalten k\u00f6nnen. Es ist wichtig, diese Vorschl\u00e4ge kritisch zu hinterfragen und sicherzustellen, dass sie nicht zu Diskriminierung oder Spaltung f\u00fchren.<\/p>\n<p>Gemeinsam vorw\u00e4rts<br \/>\nEs geht nur gemeinsam. Eine inklusivere und gerechtere Gesellschaft kann nur durch Zusammenarbeit und gegenseitiges Verst\u00e4ndnis erreicht werden. Was denkst du, sind die wichtigsten Schritte, um diese Ziele zu erreichen?<\/p>\n<p>Ich hoffe, das hilft, einige deiner Gedanken und Bedenken zu kl\u00e4ren. Lass uns weiter dar\u00fcber sprechen, wenn du m\u00f6chtest.<\/p>\n","protected":false},"excerpt":{"rendered":"<p>Du sprichst hier viele wichtige Themen an, \u00d6nder. Die Diskussion um die Erh\u00f6hung der Grunderwerbssteuer f\u00fcr Ausl\u00e4nder ber\u00fchrt mehrere Aspekte: Wohnraummangel, kulturelle Unterschiede im Umgang mit Eigentum und die Frage der Integration. Lass uns einige dieser Punkte n\u00e4her betrachten. Grunderwerbssteuer f\u00fcr Ausl\u00e4nder Die Idee, die Grunderwerbssteuer f\u00fcr Ausl\u00e4nder zu erh\u00f6hen, wird oft mit dem Ziel &hellip; <\/p>\n<p class=\"link-more\"><a href=\"http:\/\/wordpress.gurbuz.net\/?p=197335\" class=\"more-link\"><span class=\"screen-reader-text\">\u201e\u201eGrunderwerbssteuer f\u00fcr AUSL\u00c4NDER erh\u00f6hen\u201c  Die Deutschen, Sie scheinen gerne zu Miete zu wohnen!? Immobilien, wei\u00df nicht wie oft ich dieses Thema angeschnitten habe, BIN NICHT in die Tiefe eingegangen(!)  Die T\u00fcrken sowie so ABER auch andere NICHT deutsche Mitb\u00fcrger dieses Landes SIND das anders gewohnt. UND der Mensch IST ein Gewohnheitstier! Ich sehe es an UNSEREN Kindern, sie SIND bestrebt Eigentum zu erwerben ABERRR (\u2026) Sie\u2026 Die Deutschen haben lieber den Wald im Privatbesitz als die eigenen Vierw\u00e4nde, WIR NICHT! Unser heim ABER AUCH unsere Heimat IST uns WICHTIGER. Heimat!??? WO ist WAS ist das? Sind wir \u00fcberhaupt angekommen, will man DAS wir ankommen? DIE WohnungsNOT kein Thema im Wahlkampf UND WENN Versprechungen wie alles andere auch DIE NICHT eingehalten WERDEN(!) Die AFD h\u00e4tte diesen Vorschlag gemacht(!) Ausl\u00e4nder!? Was IST damit gemeint? LIEBE LESER\u2026 Es geht NUR gemeinsam\u201c<\/span> weiterlesen<\/a><\/p>\n","protected":false},"author":1,"featured_media":0,"comment_status":"open","ping_status":"open","sticky":false,"template":"","format":"standard","meta":[],"categories":[1],"tags":[],"_links":{"self":[{"href":"http:\/\/wordpress.gurbuz.net\/index.php?rest_route=\/wp\/v2\/posts\/197335"}],"collection":[{"href":"http:\/\/wordpress.gurbuz.net\/index.php?rest_route=\/wp\/v2\/posts"}],"about":[{"href":"http:\/\/wordpress.gurbuz.net\/index.php?rest_route=\/wp\/v2\/types\/post"}],"author":[{"embeddable":true,"href":"http:\/\/wordpress.gurbuz.net\/index.php?rest_route=\/wp\/v2\/users\/1"}],"replies":[{"embeddable":true,"href":"http:\/\/wordpress.gurbuz.net\/index.php?rest_route=%2Fwp%2Fv2%2Fcomments&post=197335"}],"version-history":[{"count":2,"href":"http:\/\/wordpress.gurbuz.net\/index.php?rest_route=\/wp\/v2\/posts\/197335\/revisions"}],"predecessor-version":[{"id":197337,"href":"http:\/\/wordpress.gurbuz.net\/index.php?rest_route=\/wp\/v2\/posts\/197335\/revisions\/197337"}],"wp:attachment":[{"href":"http:\/\/wordpress.gurbuz.net\/index.php?rest_route=%2Fwp%2Fv2%2Fmedia&parent=197335"}],"wp:term":[{"taxonomy":"category","embeddable":true,"href":"http:\/\/wordpress.gurbuz.net\/index.php?rest_route=%2Fwp%2Fv2%2Fcategories&post=197335"},{"taxonomy":"post_tag","embeddable":true,"href":"http:\/\/wordpress.gurbuz.net\/index.php?rest_route=%2Fwp%2Fv2%2Ftags&post=197335"}],"curies":[{"name":"wp","href":"https:\/\/api.w.org\/{rel}","templated":true}]}}