{"id":197117,"date":"2025-02-03T03:46:54","date_gmt":"2025-02-03T03:46:54","guid":{"rendered":"http:\/\/wordpress.gurbuz.net\/?p=197117"},"modified":"2025-02-03T04:26:58","modified_gmt":"2025-02-03T04:26:58","slug":"in-die-suppe-zu-kotzen-reicht-mir-nicht-mehr-ich-werde-euch-ins-hirn-scheissen","status":"publish","type":"post","link":"http:\/\/wordpress.gurbuz.net\/?p=197117","title":{"rendered":"in die suppe zu kotzen reicht mir nicht mehr, ICH WERDE EUCH ins HIRN SCHEI\u00dfEN"},"content":{"rendered":"<p>ihr kennt mich NICHT,<br \/>\nWisst NIX \u00fcber mich!<\/p>\n<p><img src=\"https:\/\/cdn.prod.www.spiegel.de\/images\/5d7043a8-0001-0004-0000-000000022332_w960_r1.778_fpx50.41_fpy50.webp\" alt=\"\" \/><\/p>\n<p>&#8222;Auszeichnung<br \/>\n<strong>Friedensnobelpreis<\/strong> f\u00fcr Barack Obama<br \/>\nSensationelle Entscheidung: Barack Obama bekommt den Friedensnobelpreis. Der US-Pr\u00e4sident wurde vom Komitee in Oslo f\u00fcr seine &#8222;au\u00dfergew\u00f6hnlichen Bem\u00fchungen f\u00fcr die Zusammenarbeit zwischen den V\u00f6lkern&#8220; ausgezeichnet.<br \/>\n09.10.2009, 11.02 Uhr&#8220;<\/p>\n<p>https:\/\/www.spiegel.de\/politik\/ausland\/auszeichnung-friedensnobelpreis-fuer-barack-obama-a-654115.html<\/p>\n<p><strong>ich bin ich, ICH versteck mich NICHT<\/strong><\/p>\n<p><strong>Die \u2013 sieben \u2013 Kriege DES Barack Obama Erz\u00e4hlst du bitte 7 KRIEGE HAT er gef\u00fchrt oder angezettelt<\/strong><br \/>\nBarack Obama, der 44. Pr\u00e4sident der Vereinigten Staaten, f\u00fchrte w\u00e4hrend seiner Amtszeit mehrere milit\u00e4rische Operationen und Konflikte. <strong>Hier sind die sieben wichtigsten Kriege <\/strong>und milit\u00e4rischen Interventionen, die w\u00e4hrend seiner Pr\u00e4sidentschaft stattfanden:<\/p>\n<p>1. Afghanistan<br \/>\nObama erh\u00f6hte die Truppenst\u00e4rke in Afghanistan, um die Taliban zu bek\u00e4mpfen und die Stabilit\u00e4t in der Region zu f\u00f6rdern. Trotz der Bem\u00fchungen blieb der Konflikt ungel\u00f6st.<\/p>\n<p>2. Irak<br \/>\nObama zog die US-Truppen aus dem Irak ab, aber die Instabilit\u00e4t in der Region f\u00fchrte zur R\u00fcckkehr der US-Milit\u00e4rpr\u00e4senz, um den Aufstieg des Islamischen Staates (IS) zu bek\u00e4mpfen.<\/p>\n<p>3. Syrien<br \/>\nDie USA f\u00fchrten Luftangriffe gegen den IS in Syrien durch und unterst\u00fctzten moderate Rebellen im B\u00fcrgerkrieg gegen das Assad-Regime.<\/p>\n<p>4. Libyen<br \/>\nObama unterst\u00fctzte die NATO-Intervention in Libyen, die zum Sturz von Muammar al-Gaddafi f\u00fchrte. Die anschlie\u00dfende Instabilit\u00e4t in Libyen bleibt ein Problem.<\/p>\n<p>5. Jemen<br \/>\nDie USA f\u00fchrten Drohnenangriffe gegen Al-Qaida im Jemen durch und unterst\u00fctzten die saudisch gef\u00fchrte Koalition im B\u00fcrgerkrieg.<\/p>\n<p>6. Somalia<br \/>\nObama autorisierte Drohnenangriffe und Spezialeinheitenoperationen gegen die Al-Shabaab-Miliz in Somalia.<\/p>\n<p>7. Pakistan<br \/>\nDie USA f\u00fchrten Drohnenangriffe gegen militante Gruppen in den Stammesgebieten Pakistans durch, darunter die T\u00f6tung von Osama bin Laden.<\/p>\n<p>Diese Konflikte und Interventionen zeigen die Komplexit\u00e4t und Herausforderungen der US-Au\u00dfenpolitik w\u00e4hrend Obamas Amtszeit. Was denkst du \u00fcber diese milit\u00e4rischen Eins\u00e4tze und ihre Auswirkungen?<\/p>\n<p><strong>DANKE, &#8211; MEIN &#8211; Freund<\/strong><br \/>\nGern geschehen, \u00d6nder. Es ist immer eine Freude, mit dir zu sprechen. Wenn du noch weitere Fragen oder Themen hast, \u00fcber die du sprechen m\u00f6chtest, lass es mich wissen. Ich bin hier, um zu helfen und zuzuh\u00f6ren. Was besch\u00e4ftigt dich sonst noch?<\/p>\n<p><img loading=\"lazy\" class=\"\" src=\"http:\/\/www.gurbuz.net\/Yeni\/Screenshot 2025-02-03 045620.jpg\" alt=\"\" width=\"285\" height=\"445\" \/><\/p>\n<p>##########<br \/>\n##########<br \/>\n##########<\/p>\n<p><a href=\"https:\/\/www.zeit.de\/politik\/ausland\/2017-01\/usa-mexiko-donald-trump-enrique-pe-a-nieto-konflikt-einwanderung\/komplettansicht\" rel=\"noopener\" target=\"_blank\">lesen sie bitte ABER AUFMERKSAM und DAS<\/a><br \/>\nIST erst DER Anfang<\/p>\n<blockquote class=\"wp-embedded-content\" data-secret=\"T1yE8kMmgg\"><p><a href=\"http:\/\/wordpress.gurbuz.net\/?p=192741\">&#8211; T\u00fcrkiye EN AZ be\u015flik deprem bekle, ASLINDA art\u0131k yazmayacakt\u0131m sizlerle ilgili bir \u015fey AMAAA &#8211;<\/a><\/p><\/blockquote>\n<p><iframe class=\"wp-embedded-content\" sandbox=\"allow-scripts\" security=\"restricted\" style=\"position: absolute; clip: rect(1px, 1px, 1px, 1px);\" title=\"&#8222;&#8211; T\u00fcrkiye EN AZ be\u015flik deprem bekle, ASLINDA art\u0131k yazmayacakt\u0131m sizlerle ilgili bir \u015fey AMAAA &#8211;&#8220; &#8212; \u00d6nder G\u00fcrb\u00fcz\" src=\"http:\/\/wordpress.gurbuz.net\/?p=192741&#038;embed=true#?secret=T1yE8kMmgg\" data-secret=\"T1yE8kMmgg\" width=\"525\" height=\"296\" frameborder=\"0\" marginwidth=\"0\" marginheight=\"0\" scrolling=\"no\"><\/iframe><\/p>\n<p>ja LEIDER<br \/>\n\ud83d\ude41<\/p>\n<p>Der liebe Gott m\u00f6ge mit uns ALLEN sein , sp\u00e4ter&#8230;<br \/>\nVielleicht t\u00fcrkisch wollte SCHON gestern&#8230;<br \/>\n&#8230;<br \/>\nKeine Lust DIESER Zuh\u00e4lter usw.<\/p>\n<p>PS, DAS mit FETT war ich<\/p>\n<p><iframe loading=\"lazy\" title=\"Selami \u015eahin - Tan\u0131mam Senden Ba\u015fka (Official Audio)\" width=\"525\" height=\"295\" src=\"https:\/\/www.youtube.com\/embed\/YTfyl94vg1E?start=46&#038;feature=oembed\" frameborder=\"0\" allow=\"accelerometer; autoplay; clipboard-write; encrypted-media; gyroscope; picture-in-picture; web-share\" referrerpolicy=\"strict-origin-when-cross-origin\" allowfullscreen><\/iframe><\/p>\n","protected":false},"excerpt":{"rendered":"<p>ihr kennt mich NICHT, Wisst NIX \u00fcber mich! &#8222;Auszeichnung Friedensnobelpreis f\u00fcr Barack Obama Sensationelle Entscheidung: Barack Obama bekommt den Friedensnobelpreis. Der US-Pr\u00e4sident wurde vom Komitee in Oslo f\u00fcr seine &#8222;au\u00dfergew\u00f6hnlichen Bem\u00fchungen f\u00fcr die Zusammenarbeit zwischen den V\u00f6lkern&#8220; ausgezeichnet. 09.10.2009, 11.02 Uhr&#8220; https:\/\/www.spiegel.de\/politik\/ausland\/auszeichnung-friedensnobelpreis-fuer-barack-obama-a-654115.html ich bin ich, ICH versteck mich NICHT Die \u2013 sieben \u2013 Kriege DES &hellip; <\/p>\n<p class=\"link-more\"><a href=\"http:\/\/wordpress.gurbuz.net\/?p=197117\" class=\"more-link\"><span class=\"screen-reader-text\">\u201ein die suppe zu kotzen reicht mir nicht mehr, ICH WERDE EUCH ins HIRN SCHEI\u00dfEN\u201c<\/span> weiterlesen<\/a><\/p>\n","protected":false},"author":1,"featured_media":0,"comment_status":"open","ping_status":"open","sticky":false,"template":"","format":"standard","meta":[],"categories":[1],"tags":[],"_links":{"self":[{"href":"http:\/\/wordpress.gurbuz.net\/index.php?rest_route=\/wp\/v2\/posts\/197117"}],"collection":[{"href":"http:\/\/wordpress.gurbuz.net\/index.php?rest_route=\/wp\/v2\/posts"}],"about":[{"href":"http:\/\/wordpress.gurbuz.net\/index.php?rest_route=\/wp\/v2\/types\/post"}],"author":[{"embeddable":true,"href":"http:\/\/wordpress.gurbuz.net\/index.php?rest_route=\/wp\/v2\/users\/1"}],"replies":[{"embeddable":true,"href":"http:\/\/wordpress.gurbuz.net\/index.php?rest_route=%2Fwp%2Fv2%2Fcomments&post=197117"}],"version-history":[{"count":12,"href":"http:\/\/wordpress.gurbuz.net\/index.php?rest_route=\/wp\/v2\/posts\/197117\/revisions"}],"predecessor-version":[{"id":197129,"href":"http:\/\/wordpress.gurbuz.net\/index.php?rest_route=\/wp\/v2\/posts\/197117\/revisions\/197129"}],"wp:attachment":[{"href":"http:\/\/wordpress.gurbuz.net\/index.php?rest_route=%2Fwp%2Fv2%2Fmedia&parent=197117"}],"wp:term":[{"taxonomy":"category","embeddable":true,"href":"http:\/\/wordpress.gurbuz.net\/index.php?rest_route=%2Fwp%2Fv2%2Fcategories&post=197117"},{"taxonomy":"post_tag","embeddable":true,"href":"http:\/\/wordpress.gurbuz.net\/index.php?rest_route=%2Fwp%2Fv2%2Ftags&post=197117"}],"curies":[{"name":"wp","href":"https:\/\/api.w.org\/{rel}","templated":true}]}}