{"id":197059,"date":"2025-02-01T16:05:37","date_gmt":"2025-02-01T16:05:37","guid":{"rendered":"http:\/\/wordpress.gurbuz.net\/?p=197059"},"modified":"2025-02-01T16:18:06","modified_gmt":"2025-02-01T16:18:06","slug":"wie-das-leben-so-spielt","status":"publish","type":"post","link":"http:\/\/wordpress.gurbuz.net\/?p=197059","title":{"rendered":"wie DAS Leben so spielt"},"content":{"rendered":"<p><img src=\"https:\/\/image.patronlardunyasi.com\/crop\/967x645\/static\/content\/25-01\/25\/trumptan-gocmenlere-sinir-disi-hamlesi.jpg\" alt=\"\" \/><\/p>\n<p>leute LEUTEEE<\/p>\n<p><img src=\"https:\/\/img-s-msn-com.akamaized.net\/tenant\/amp\/entityid\/AA1ybORQ.img?w=768&#038;h=512&#038;m=6&#038;x=91&#038;y=486&#038;s=1616&#038;d=705\" alt=\"\" \/><\/p>\n<p>&#8222;Ukraine: Eskaliert der Machtkampf zwischen Klitschko und Selenskyj vor Waffenstillstand?<br \/>\nArtikel von Franz Becchi \u2022 1Tage &#8220;<\/p>\n<p>https:\/\/www.msn.com\/de-de\/nachrichten\/politik\/ukraine-eskaliert-der-machtkampf-zwischen-klitschko-und-selenskyj-vor-waffenstillstand\/ar-AA1ybORW?ocid=msedgntp&#038;pc=U531&#038;cvid=cc2e1f30ab704b9ba6df8a4113815d27&#038;ei=13<\/p>\n<p><img src=\"https:\/\/img-s-msn-com.akamaized.net\/tenant\/amp\/entityid\/AA1ycbgH.img?w=768&#038;h=510&#038;m=6&#038;x=391&#038;y=140&#038;s=311&#038;d=311\" alt=\"\" \/><\/p>\n<p><strong>Der Tayyip. Dieser Sultan in Tayyipistan\u2026 Ja, JA dieser Type behaart zwar auf Freiwillige R\u00fcckf\u00fchrung der Syrier in ihre Heimat l\u00e4sst aber auch unfreiwillig abschieben. Soweit \u201eso gut\u201c DAS PROBLEM die t\u00fcrkische Textilindustrie\u2026 Ihr fehlen BILLIGE Arbeitskr\u00e4fte, ziehe bitte parallelen zu Deutschland GLEICHES GILT AUCH f\u00fcr AMErika<\/strong><br \/>\nDie t\u00fcrkische Textilindustrie ist stark auf billige Arbeitskr\u00e4fte angewiesen, und viele syrische Fl\u00fcchtlinge arbeiten dort unter oft prek\u00e4ren Bedingungen. Die R\u00fcckf\u00fchrung von Fl\u00fcchtlingen k\u00f6nnte die Verf\u00fcgbarkeit dieser Arbeitskr\u00e4fte beeintr\u00e4chtigen und die Industrie vor Herausforderungen stellen.<\/p>\n<p>Parallelen zu Deutschland<br \/>\nIn Deutschland gibt es ebenfalls eine Abh\u00e4ngigkeit von Arbeitskr\u00e4ften aus dem Ausland, insbesondere in der Landwirtschaft und in der Pflege. Die Textilindustrie in Deutschland ist jedoch weniger auf billige Arbeitskr\u00e4fte angewiesen, da sie st\u00e4rker automatisiert und technologisch fortschrittlich ist.<\/p>\n<p>Parallelen zu Amerika<br \/>\nIn den USA erlebt die Textilindustrie ein Comeback, wobei der Fokus auf Automatisierung und Nachhaltigkeit liegt. Dennoch gibt es auch hier eine Nachfrage nach billigen Arbeitskr\u00e4ften, insbesondere in der Landwirtschaft und im Dienstleistungssektor.<\/p>\n<p>Die Abh\u00e4ngigkeit von billigen Arbeitskr\u00e4ften ist ein globales Ph\u00e4nomen, das in verschiedenen L\u00e4ndern unterschiedliche Formen annimmt. Was denkst du \u00fcber diese Parallelen und ihre Auswirkungen auf die Wirtschaft und Gesellschaft?<\/p>\n","protected":false},"excerpt":{"rendered":"<p>leute LEUTEEE &#8222;Ukraine: Eskaliert der Machtkampf zwischen Klitschko und Selenskyj vor Waffenstillstand? Artikel von Franz Becchi \u2022 1Tage &#8220; https:\/\/www.msn.com\/de-de\/nachrichten\/politik\/ukraine-eskaliert-der-machtkampf-zwischen-klitschko-und-selenskyj-vor-waffenstillstand\/ar-AA1ybORW?ocid=msedgntp&#038;pc=U531&#038;cvid=cc2e1f30ab704b9ba6df8a4113815d27&#038;ei=13 Der Tayyip. Dieser Sultan in Tayyipistan\u2026 Ja, JA dieser Type behaart zwar auf Freiwillige R\u00fcckf\u00fchrung der Syrier in ihre Heimat l\u00e4sst aber auch unfreiwillig abschieben. Soweit \u201eso gut\u201c DAS PROBLEM die t\u00fcrkische Textilindustrie\u2026 Ihr fehlen &hellip; <\/p>\n<p class=\"link-more\"><a href=\"http:\/\/wordpress.gurbuz.net\/?p=197059\" class=\"more-link\"><span class=\"screen-reader-text\">\u201ewie DAS Leben so spielt\u201c<\/span> weiterlesen<\/a><\/p>\n","protected":false},"author":1,"featured_media":0,"comment_status":"open","ping_status":"open","sticky":false,"template":"","format":"standard","meta":[],"categories":[1],"tags":[],"_links":{"self":[{"href":"http:\/\/wordpress.gurbuz.net\/index.php?rest_route=\/wp\/v2\/posts\/197059"}],"collection":[{"href":"http:\/\/wordpress.gurbuz.net\/index.php?rest_route=\/wp\/v2\/posts"}],"about":[{"href":"http:\/\/wordpress.gurbuz.net\/index.php?rest_route=\/wp\/v2\/types\/post"}],"author":[{"embeddable":true,"href":"http:\/\/wordpress.gurbuz.net\/index.php?rest_route=\/wp\/v2\/users\/1"}],"replies":[{"embeddable":true,"href":"http:\/\/wordpress.gurbuz.net\/index.php?rest_route=%2Fwp%2Fv2%2Fcomments&post=197059"}],"version-history":[{"count":3,"href":"http:\/\/wordpress.gurbuz.net\/index.php?rest_route=\/wp\/v2\/posts\/197059\/revisions"}],"predecessor-version":[{"id":197062,"href":"http:\/\/wordpress.gurbuz.net\/index.php?rest_route=\/wp\/v2\/posts\/197059\/revisions\/197062"}],"wp:attachment":[{"href":"http:\/\/wordpress.gurbuz.net\/index.php?rest_route=%2Fwp%2Fv2%2Fmedia&parent=197059"}],"wp:term":[{"taxonomy":"category","embeddable":true,"href":"http:\/\/wordpress.gurbuz.net\/index.php?rest_route=%2Fwp%2Fv2%2Fcategories&post=197059"},{"taxonomy":"post_tag","embeddable":true,"href":"http:\/\/wordpress.gurbuz.net\/index.php?rest_route=%2Fwp%2Fv2%2Ftags&post=197059"}],"curies":[{"name":"wp","href":"https:\/\/api.w.org\/{rel}","templated":true}]}}