{"id":196948,"date":"2025-02-01T05:17:08","date_gmt":"2025-02-01T05:17:08","guid":{"rendered":"http:\/\/wordpress.gurbuz.net\/?p=196948"},"modified":"2025-02-01T05:57:50","modified_gmt":"2025-02-01T05:57:50","slug":"196948","status":"publish","type":"post","link":"http:\/\/wordpress.gurbuz.net\/?p=196948","title":{"rendered":"VOR der Aktualisierung"},"content":{"rendered":"<p>&#8222;Vucic findet kein Rezept gegen die Protestbewegung: Serbien steht am Scheideweg<br \/>\nIn Serbien finden die gr\u00f6ssten Massenkundgebungen seit dem Sturz von Slobodan Milosevic statt. Wie es mit dem Land weitergeht, ist v\u00f6llig offen.<\/p>\n<p>Volker Pabst, Belgrad<br \/>\n<strong>01.02.2025, 05.30 Uhr<\/strong>&#8220;<\/p>\n<p>https:\/\/www.nzz.ch\/international\/vucic-findet-kein-rezept-gegen-die-protestbewegung-serbien-steht-am-scheideweg-ld.1868799<\/p>\n<p>wie es mir geht?<br \/>\nFragen sie NICHT<\/p>\n<p><ins datetime=\"2025-02-01T05:17:11+00:00\">Sei so lieb\u2026 Ein Zugungl\u00fcck in China!!! Unddd in Serbien f\u00fchrt es zum STURZ der Regierung, der\u2026 Zusammenhang<\/ins><br \/>\nEin tragisches Zugungl\u00fcck in China ereignete sich am 23. Juli 2011 in Wenzhou, als zwei Hochgeschwindigkeitsz\u00fcge nach einer Signalst\u00f6rung kollidierten. Dabei kamen 40 Menschen ums Leben und mehr als 210 wurden verletzt2.<\/p>\n<p>In Serbien f\u00fchrte der Einsturz eines Bahnhofsdachs in Novi Sad, bei dem 15 Menschen ums Leben kamen, zu massiven Protesten und schlie\u00dflich zum R\u00fccktritt des serbischen Ministerpr\u00e4sidenten Milo\u0161 Vu\u010devi\u01074. Die Bev\u00f6lkerung machte Korruption und Missmanagement f\u00fcr die Katastrophe verantwortlich, was zu einer Regierungskrise f\u00fchrte.<\/p>\n<p>Die Verbindung zwischen diesen beiden Ereignissen liegt in der \u00f6ffentlichen Reaktion auf tragische Unf\u00e4lle und die daraus resultierenden politischen Konsequenzen. In beiden F\u00e4llen f\u00fchrte das Versagen der Infrastruktur zu einem Vertrauensverlust in die Regierung und zu Forderungen nach Verantwortlichkeit und Reformen.<\/p>\n<p>Was denkst du \u00fcber diese Zusammenh\u00e4nge und die Auswirkungen solcher Ereignisse auf die Politik?<\/p>\n<p>Die Zeit\u2026<br \/>\nNein nicht die Zeitung, DIE ZEIT!<\/p>\n<p>Der Hubschrauber(!)<br \/>\nDAS Flugzeug!?<\/p>\n<p><img loading=\"lazy\" class=\"\" src=\"http:\/\/www.gurbuz.net\/Yeni\/Screenshot 2025-02-01 062401.jpg\" alt=\"\" width=\"303\" height=\"418\" \/><br \/>\nBahnhof?<br \/>\nEgal, ich WERDE verstanden<\/p>\n<p>*<\/p>\n<p>Was danach kam, nach der Aktualisierung?<br \/>\n&#8230;<br \/>\nIch \u00fcberlege es mir UND JA ich WERDE kommen\u2026<br \/>\nIm Moment BIN ICH nicht in der Lage auch nur den kleinsten Gedankengang (\u2026)<\/p>\n<blockquote class=\"wp-embedded-content\" data-secret=\"Uoj8I04wVH\"><p><a href=\"http:\/\/wordpress.gurbuz.net\/?p=192546\">BIRAZ ara vermem laz\u0131m. D\u00fc\u015f\u00fcnmek i\u00e7in<\/a><\/p><\/blockquote>\n<p><iframe class=\"wp-embedded-content\" sandbox=\"allow-scripts\" security=\"restricted\" style=\"position: absolute; clip: rect(1px, 1px, 1px, 1px);\" title=\"&#8222;BIRAZ ara vermem laz\u0131m. D\u00fc\u015f\u00fcnmek i\u00e7in&#8220; &#8212; \u00d6nder G\u00fcrb\u00fcz\" src=\"http:\/\/wordpress.gurbuz.net\/?p=192546&#038;embed=true#?secret=Uoj8I04wVH\" data-secret=\"Uoj8I04wVH\" width=\"525\" height=\"296\" frameborder=\"0\" marginwidth=\"0\" marginheight=\"0\" scrolling=\"no\"><\/iframe><br \/>\nja!<\/p>\n<p>Tayyipistan,<br \/>\nHOTEL &#8211; und &#8211; DIE&#8230;<br \/>\nOffizier(e)anwerter!<\/p>\n<p>die t\u00fcrkischen SERIEN (&#8230;)<br \/>\nArschL\u00d6CHER!<br \/>\nich M\u00dcSSTE aberrr<\/p>\n","protected":false},"excerpt":{"rendered":"<p>&#8222;Vucic findet kein Rezept gegen die Protestbewegung: Serbien steht am Scheideweg In Serbien finden die gr\u00f6ssten Massenkundgebungen seit dem Sturz von Slobodan Milosevic statt. Wie es mit dem Land weitergeht, ist v\u00f6llig offen. Volker Pabst, Belgrad 01.02.2025, 05.30 Uhr&#8220; https:\/\/www.nzz.ch\/international\/vucic-findet-kein-rezept-gegen-die-protestbewegung-serbien-steht-am-scheideweg-ld.1868799 wie es mir geht? Fragen sie NICHT Sei so lieb\u2026 Ein Zugungl\u00fcck in China!!! Unddd &hellip; <\/p>\n<p class=\"link-more\"><a href=\"http:\/\/wordpress.gurbuz.net\/?p=196948\" class=\"more-link\"><span class=\"screen-reader-text\">\u201eVOR der Aktualisierung\u201c<\/span> weiterlesen<\/a><\/p>\n","protected":false},"author":1,"featured_media":0,"comment_status":"open","ping_status":"open","sticky":false,"template":"","format":"standard","meta":[],"categories":[1],"tags":[],"_links":{"self":[{"href":"http:\/\/wordpress.gurbuz.net\/index.php?rest_route=\/wp\/v2\/posts\/196948"}],"collection":[{"href":"http:\/\/wordpress.gurbuz.net\/index.php?rest_route=\/wp\/v2\/posts"}],"about":[{"href":"http:\/\/wordpress.gurbuz.net\/index.php?rest_route=\/wp\/v2\/types\/post"}],"author":[{"embeddable":true,"href":"http:\/\/wordpress.gurbuz.net\/index.php?rest_route=\/wp\/v2\/users\/1"}],"replies":[{"embeddable":true,"href":"http:\/\/wordpress.gurbuz.net\/index.php?rest_route=%2Fwp%2Fv2%2Fcomments&post=196948"}],"version-history":[{"count":8,"href":"http:\/\/wordpress.gurbuz.net\/index.php?rest_route=\/wp\/v2\/posts\/196948\/revisions"}],"predecessor-version":[{"id":196956,"href":"http:\/\/wordpress.gurbuz.net\/index.php?rest_route=\/wp\/v2\/posts\/196948\/revisions\/196956"}],"wp:attachment":[{"href":"http:\/\/wordpress.gurbuz.net\/index.php?rest_route=%2Fwp%2Fv2%2Fmedia&parent=196948"}],"wp:term":[{"taxonomy":"category","embeddable":true,"href":"http:\/\/wordpress.gurbuz.net\/index.php?rest_route=%2Fwp%2Fv2%2Fcategories&post=196948"},{"taxonomy":"post_tag","embeddable":true,"href":"http:\/\/wordpress.gurbuz.net\/index.php?rest_route=%2Fwp%2Fv2%2Ftags&post=196948"}],"curies":[{"name":"wp","href":"https:\/\/api.w.org\/{rel}","templated":true}]}}