{"id":196546,"date":"2025-01-28T07:27:17","date_gmt":"2025-01-28T07:27:17","guid":{"rendered":"http:\/\/wordpress.gurbuz.net\/?p=196546"},"modified":"2025-01-28T07:49:20","modified_gmt":"2025-01-28T07:49:20","slug":"der-souveraen-so-heisst-ist-das-volk-im-freien-demokratischen-im-kollektiven-westen-die-souveraenitaet-ihrer-laender-aber-haengt-ab-von-amerika-sie-ruehmen-sich-mit-recht-un","status":"publish","type":"post","link":"http:\/\/wordpress.gurbuz.net\/?p=196546","title":{"rendered":"DER Souver\u00e4n so hei\u00dft IST DAS Volk(!) im FREIEN \u201edemokratischen\u201c im kollektiven Westen!? Die Souver\u00e4nit\u00e4t IHRER L\u00e4nder ABER h\u00e4ngt ab von AMErIKA!??? Sie r\u00fchmen sich mit Recht und Ordnung, mit Rechten behaaren auf Menschenrechten AUF DAS V\u00f6lkerrecht UND SO WEITER aber kommt es NUR mir so vor ODER stimmt da was NICHT?"},"content":{"rendered":"<p>Sorry, I cannot chat about this. Would you like to talk about something else?<\/p>\n<p><img loading=\"lazy\" class=\"\" src=\"http:\/\/www.gurbuz.net\/Yeni\/Screenshot 2025-01-28 073718.jpg\" alt=\"\" width=\"244\" height=\"381\" \/><\/p>\n<p>&#8222;Trotz Haftbefehl: Polen erlaubt Netanjahu Teilnahme an Auschwitz-Gedenkfeier<br \/>\nVon: Aleksandra Krzysztoszek und Daniel Eck | EURACTIV.com und EURACTIV.pl | \u00fcbersetzt von Magdalena Kensy<\/p>\n<p>&#8230;<br \/>\nZum 80. Jahrestag der Befreiung von Auschwitz sichert Polen israelischen Politikern eine freie und sichere Teilnahme zu. Ob Ministerpr\u00e4sident Netanjahu, gegen den der Internationale Strafgerichtshof Anklage erhoben hat, erscheint, bleibt unklar.<\/p>\n<p>Am 21. November 2024 erlie\u00df der IStGH einen Haftbefehl gegen Netanjahu und weitere Personen. Ihnen werden im Zusammenhang mit dem 15-monatigen Krieg im Gazastreifen Verbrechen gegen die Menschlichkeit vorgeworfen. Da Polen Mitglied des Internationalen Strafgerichtshof (IStGH) ist, w\u00e4re es rechtlich verpflichtet, Netanjahu bei der Einreise auf polnisches Staatsgebiet festzunehmen.&#8220;<\/p>\n<blockquote class=\"wp-embedded-content\" data-secret=\"X32VE8zwib\"><p><a href=\"https:\/\/www.euractiv.de\/section\/europa-kompakt\/news\/trotz-haftbefehl-polen-erlaubt-netanjahu-teilnahme-an-auschwitz-gedenkfeier\/\">Trotz Haftbefehl: Polen erlaubt Netanjahu Teilnahme an Auschwitz-Gedenkfeier<\/a><\/p><\/blockquote>\n<p><iframe class=\"wp-embedded-content\" sandbox=\"allow-scripts\" security=\"restricted\" style=\"position: absolute; clip: rect(1px, 1px, 1px, 1px);\" title=\"&#8222;Trotz Haftbefehl: Polen erlaubt Netanjahu Teilnahme an Auschwitz-Gedenkfeier&#8220; &#8212; Euractiv DE\" src=\"https:\/\/www.euractiv.de\/section\/europa-kompakt\/news\/trotz-haftbefehl-polen-erlaubt-netanjahu-teilnahme-an-auschwitz-gedenkfeier\/embed\/#?secret=rvOcPCZr4e#?secret=X32VE8zwib\" data-secret=\"X32VE8zwib\" width=\"525\" height=\"296\" frameborder=\"0\" marginwidth=\"0\" marginheight=\"0\" scrolling=\"no\"><\/iframe><\/p>\n<p><img src=\"https:\/\/img-s-msn-com.akamaized.net\/tenant\/amp\/entityid\/AA1xVRsE.img?w=768&#038;h=505&#038;m=6\" alt=\"\" \/><\/p>\n<p>&#8222;Deepseek: KI-Schock an den B\u00f6rsen l\u00e4sst Aktie von Siemens Energy <strong>abst\u00fcrzen<\/strong><br \/>\nArtikel von Witsch, Kathrin H\u00f6pner, Axel \u2022 19 Std. &#8220;<\/p>\n<p>https:\/\/www.msn.com\/de-de\/finanzen\/top-stories\/deepseek-ki-schock-an-den-b%C3%B6rsen-l%C3%A4sst-aktie-von-siemens-energy-abst%C3%BCrzen\/ar-AA1xVPbR?ocid=finance-verthp-feeds<\/p>\n<p>###############<br \/>\n###############<br \/>\n###############<\/p>\n<p>meine WeltEN in aller&#8230;<br \/>\nBescheidenheit<\/p>\n<p><img src=\"https:\/\/img-s-msn-com.akamaized.net\/tenant\/amp\/entityid\/AA1xXkAv.img?w=768&#038;h=768&#038;m=6\" alt=\"\" \/><\/p>\n<p>&#8222;DeepSeek meldet <strong>massive<\/strong> Cyberattacken gegen KI-App<br \/>\nArtikel von RP ONLINE \u2022 12 Std. &#8220;<\/p>\n<p>https:\/\/www.msn.com\/de-de\/finanzen\/top-stories\/deepseek-meldet-massive-cyberattacken-gegen-ki-app\/ar-AA1xX9tg?ocid=msedgntp&#038;pc=U531&#038;cvid=b29e688993b446a280290ae908059c35&#038;ei=40<\/p>\n<p>&#8222;DeepSeek <strong>ersch\u00fcttert<\/strong> Bitcoin und Krypto-Markt<br \/>\nArtikel von Bernd M\u00fcller \u2022 15 Std&#8220;<\/p>\n<p>https:\/\/www.msn.com\/de-de\/finanzen\/top-stories\/deepseek-ersch%C3%BCttert-bitcoin-und-krypto-markt\/ar-AA1xWzlp?ocid=msedgntp&#038;pc=U531&#038;cvid=ea57534b83c44a1bb39b882e3a56ca7c&#038;ei=40<\/p>\n<p><img src=\"https:\/\/img-s-msn-com.akamaized.net\/tenant\/amp\/entityid\/AA1xWFmN.img?w=608&#038;h=405&#038;m=6\" alt=\"\" \/><\/p>\n<p>sie WERDEN versprochen,<br \/>\nEINE unipolare Welt und SIE WERDEN<\/p>\n<p>&#8222;Roboterhund schie\u00dft auf Drohne: Video aus China geht viral<br \/>\nArtikel von Katerina Alexandridi \u2022 16 Std.&#8220;<\/p>\n<p>https:\/\/www.msn.com\/de-de\/nachrichten\/other\/roboterhund-schie%C3%9Ft-auf-drohne-video-aus-china-geht-viral\/ar-AA1xWJQ9?ocid=msedgntp&#038;pc=U531&#038;cvid=2868112df6904586b24d0a3e44a99636&#038;ei=15<\/p>\n<p><img src=\"https:\/\/img-s-msn-com.akamaized.net\/tenant\/amp\/entityid\/AA1xWyKO.img?w=450&#038;h=253&#038;m=6\" alt=\"\" \/><\/p>\n<p>&#8222;<strong>VMware<\/strong>: Umstieg auf Broadcom-Alternativen kostet bis zu 3000 Dollar <strong>pro VM<\/strong><br \/>\nArtikel von Sven Festag \u2022 15 Std.&#8220;<\/p>\n<p>https:\/\/www.msn.com\/de-de\/finanzen\/top-stories\/vmware-umstieg-auf-broadcom-alternativen-kostet-bis-zu-3000-dollar-pro-vm\/ar-AA1xWyKU?ocid=msedgntp&#038;pc=U531&#038;cvid=56dc0017d22447208a843bb473e6e0ab&#038;ei=50<\/p>\n<p>Lasst mich NICHT aufdrehen&#8230;<br \/>\nOder macht es diesmal RICHTIG&#8230;<br \/>\nDas ich (&#8230;)<\/p>\n<p>&#8222;Robotik und Automation: <strong>Tiefe Krise in der deutschen Robotik-Industrie<\/strong><br \/>\nArtikel von H\u00f6pner, Axel \u2022 19 Std. &#8220;<\/p>\n<p>https:\/\/www.msn.com\/de-de\/finanzen\/top-stories\/robotik-und-automation-tiefe-krise-in-der-deutschen-robotik-industrie\/ar-AA1xVXLh?ocid=msedgntp&#038;pc=U531&#038;cvid=c1597ec1e58d40bba582e9043184c46e&#038;ei=31<\/p>\n","protected":false},"excerpt":{"rendered":"<p>Sorry, I cannot chat about this. Would you like to talk about something else? &#8222;Trotz Haftbefehl: Polen erlaubt Netanjahu Teilnahme an Auschwitz-Gedenkfeier Von: Aleksandra Krzysztoszek und Daniel Eck | EURACTIV.com und EURACTIV.pl | \u00fcbersetzt von Magdalena Kensy &#8230; Zum 80. Jahrestag der Befreiung von Auschwitz sichert Polen israelischen Politikern eine freie und sichere Teilnahme zu. &hellip; <\/p>\n<p class=\"link-more\"><a href=\"http:\/\/wordpress.gurbuz.net\/?p=196546\" class=\"more-link\"><span class=\"screen-reader-text\">\u201eDER Souver\u00e4n so hei\u00dft IST DAS Volk(!) im FREIEN \u201edemokratischen\u201c im kollektiven Westen!? Die Souver\u00e4nit\u00e4t IHRER L\u00e4nder ABER h\u00e4ngt ab von AMErIKA!??? Sie r\u00fchmen sich mit Recht und Ordnung, mit Rechten behaaren auf Menschenrechten AUF DAS V\u00f6lkerrecht UND SO WEITER aber kommt es NUR mir so vor ODER stimmt da was NICHT?\u201c<\/span> weiterlesen<\/a><\/p>\n","protected":false},"author":1,"featured_media":0,"comment_status":"open","ping_status":"open","sticky":false,"template":"","format":"standard","meta":[],"categories":[1],"tags":[],"_links":{"self":[{"href":"http:\/\/wordpress.gurbuz.net\/index.php?rest_route=\/wp\/v2\/posts\/196546"}],"collection":[{"href":"http:\/\/wordpress.gurbuz.net\/index.php?rest_route=\/wp\/v2\/posts"}],"about":[{"href":"http:\/\/wordpress.gurbuz.net\/index.php?rest_route=\/wp\/v2\/types\/post"}],"author":[{"embeddable":true,"href":"http:\/\/wordpress.gurbuz.net\/index.php?rest_route=\/wp\/v2\/users\/1"}],"replies":[{"embeddable":true,"href":"http:\/\/wordpress.gurbuz.net\/index.php?rest_route=%2Fwp%2Fv2%2Fcomments&post=196546"}],"version-history":[{"count":7,"href":"http:\/\/wordpress.gurbuz.net\/index.php?rest_route=\/wp\/v2\/posts\/196546\/revisions"}],"predecessor-version":[{"id":196553,"href":"http:\/\/wordpress.gurbuz.net\/index.php?rest_route=\/wp\/v2\/posts\/196546\/revisions\/196553"}],"wp:attachment":[{"href":"http:\/\/wordpress.gurbuz.net\/index.php?rest_route=%2Fwp%2Fv2%2Fmedia&parent=196546"}],"wp:term":[{"taxonomy":"category","embeddable":true,"href":"http:\/\/wordpress.gurbuz.net\/index.php?rest_route=%2Fwp%2Fv2%2Fcategories&post=196546"},{"taxonomy":"post_tag","embeddable":true,"href":"http:\/\/wordpress.gurbuz.net\/index.php?rest_route=%2Fwp%2Fv2%2Ftags&post=196546"}],"curies":[{"name":"wp","href":"https:\/\/api.w.org\/{rel}","templated":true}]}}