{"id":196271,"date":"2025-01-25T14:01:14","date_gmt":"2025-01-25T14:01:14","guid":{"rendered":"http:\/\/wordpress.gurbuz.net\/?p=196271"},"modified":"2025-01-25T14:09:41","modified_gmt":"2025-01-25T14:09:41","slug":"196271","status":"publish","type":"post","link":"http:\/\/wordpress.gurbuz.net\/?p=196271","title":{"rendered":"&#8222;G\u00f6r\u00fcn\u00fcr ya da g\u00f6r\u00fcnmez, herkes g\u00fcnahlar\u0131n\u0131n bedelini \u00f6der.&#8220;"},"content":{"rendered":"<p><iframe loading=\"lazy\" title=\"Tarkan - Yaln\u0131zlar Treni\" width=\"525\" height=\"295\" src=\"https:\/\/www.youtube.com\/embed\/hTz3TOWPoS8?feature=oembed\" frameborder=\"0\" allow=\"accelerometer; autoplay; clipboard-write; encrypted-media; gyroscope; picture-in-picture; web-share\" referrerpolicy=\"strict-origin-when-cross-origin\" allowfullscreen><\/iframe><\/p>\n<p>&#8222;Kader \u00f6n\u00fcnde sonunda \u00f6yle veya b\u00f6yle g\u00fcnahlar\u0131m\u0131z\u0131n bedelini \u00f6n\u00fcm\u00fcze koyar. G\u00f6r\u00fcnen ya da g\u00f6r\u00fcnmeyen zaman i\u00e7inde herkes g\u00fcnahlar\u0131n\u0131n bedelini \u00f6der. Bunu bilen adam kimseye k\u0131zmaz, g\u00fccenmez, kimseyi a\u015fa\u011f\u0131lamaz, kimsenin arkas\u0131ndan konu\u015fmaz, kimseyi itham etmez, kimseden nefret etmez, kimseye kin tutmaz. Bunu bilen adam kar\u015f\u0131la\u015ft\u0131\u011f\u0131 aksiliklere \u015fa\u015fmaz. \u00d6n\u00fcne \u00e7\u0131kan maddi-manevi engellerin kendi g\u00fcnahlar\u0131ndan ba\u015fka bir \u015fey olmad\u0131\u011f\u0131n\u0131 bilir.&#8220;<br \/>\nEpiktetos<\/p>\n","protected":false},"excerpt":{"rendered":"<p>&#8222;Kader \u00f6n\u00fcnde sonunda \u00f6yle veya b\u00f6yle g\u00fcnahlar\u0131m\u0131z\u0131n bedelini \u00f6n\u00fcm\u00fcze koyar. G\u00f6r\u00fcnen ya da g\u00f6r\u00fcnmeyen zaman i\u00e7inde herkes g\u00fcnahlar\u0131n\u0131n bedelini \u00f6der. Bunu bilen adam kimseye k\u0131zmaz, g\u00fccenmez, kimseyi a\u015fa\u011f\u0131lamaz, kimsenin arkas\u0131ndan konu\u015fmaz, kimseyi itham etmez, kimseden nefret etmez, kimseye kin tutmaz. Bunu bilen adam kar\u015f\u0131la\u015ft\u0131\u011f\u0131 aksiliklere \u015fa\u015fmaz. \u00d6n\u00fcne \u00e7\u0131kan maddi-manevi engellerin kendi g\u00fcnahlar\u0131ndan ba\u015fka bir \u015fey &hellip; <\/p>\n<p class=\"link-more\"><a href=\"http:\/\/wordpress.gurbuz.net\/?p=196271\" class=\"more-link\"><span class=\"screen-reader-text\">\u201e&#8222;G\u00f6r\u00fcn\u00fcr ya da g\u00f6r\u00fcnmez, herkes g\u00fcnahlar\u0131n\u0131n bedelini \u00f6der.&#8220;\u201c<\/span> weiterlesen<\/a><\/p>\n","protected":false},"author":1,"featured_media":0,"comment_status":"open","ping_status":"open","sticky":false,"template":"","format":"standard","meta":[],"categories":[1],"tags":[],"_links":{"self":[{"href":"http:\/\/wordpress.gurbuz.net\/index.php?rest_route=\/wp\/v2\/posts\/196271"}],"collection":[{"href":"http:\/\/wordpress.gurbuz.net\/index.php?rest_route=\/wp\/v2\/posts"}],"about":[{"href":"http:\/\/wordpress.gurbuz.net\/index.php?rest_route=\/wp\/v2\/types\/post"}],"author":[{"embeddable":true,"href":"http:\/\/wordpress.gurbuz.net\/index.php?rest_route=\/wp\/v2\/users\/1"}],"replies":[{"embeddable":true,"href":"http:\/\/wordpress.gurbuz.net\/index.php?rest_route=%2Fwp%2Fv2%2Fcomments&post=196271"}],"version-history":[{"count":4,"href":"http:\/\/wordpress.gurbuz.net\/index.php?rest_route=\/wp\/v2\/posts\/196271\/revisions"}],"predecessor-version":[{"id":196275,"href":"http:\/\/wordpress.gurbuz.net\/index.php?rest_route=\/wp\/v2\/posts\/196271\/revisions\/196275"}],"wp:attachment":[{"href":"http:\/\/wordpress.gurbuz.net\/index.php?rest_route=%2Fwp%2Fv2%2Fmedia&parent=196271"}],"wp:term":[{"taxonomy":"category","embeddable":true,"href":"http:\/\/wordpress.gurbuz.net\/index.php?rest_route=%2Fwp%2Fv2%2Fcategories&post=196271"},{"taxonomy":"post_tag","embeddable":true,"href":"http:\/\/wordpress.gurbuz.net\/index.php?rest_route=%2Fwp%2Fv2%2Ftags&post=196271"}],"curies":[{"name":"wp","href":"https:\/\/api.w.org\/{rel}","templated":true}]}}