{"id":196100,"date":"2025-01-24T13:25:49","date_gmt":"2025-01-24T13:25:49","guid":{"rendered":"http:\/\/wordpress.gurbuz.net\/?p=196100"},"modified":"2025-01-24T13:36:01","modified_gmt":"2025-01-24T13:36:01","slug":"196100","status":"publish","type":"post","link":"http:\/\/wordpress.gurbuz.net\/?p=196100","title":{"rendered":"Dieee &#8222;Kurden&#8220;"},"content":{"rendered":"<p><img src=\"https:\/\/images-cdn.trtworld.com\/trtdeutsch\/w720\/h405\/q70\/21297345_457-47-4217-2375.jpeg\" alt=\"\" \/><\/p>\n<p>&#8230;<br \/>\n&#8222;Laut einem aktuellen Bericht der EU-Strafverfolgungsbeh\u00f6rde Europol ist die Terrororganisation PKK in mehrere kriminelle Aktivit\u00e4ten in Europa verstrickt, darunter Drogenhandel und Menschenschmuggel. Dem Bericht vom Donnerstag zufolge generiert die PKK dadurch Gelder in Millionenh\u00f6he f\u00fcr ihre Terroraktivit\u00e4ten.&#8220;<br \/>\n&#8230;<\/p>\n<p>&#8222;Kurdistan&#8220;<br \/>\nich GEB euch &#8222;Kurdistan&#8220;<\/p>\n<p>&#8222;Die PKK in Europa &#8211; Freiheitsk\u00e4mpfer oder Terroristen?&#8220;<\/p>\n<p>https:\/\/www.arte.tv\/de\/videos\/114208-000-A\/die-pkk-in-europa-freiheitskaempfer-oder-terroristen\/<\/p>\n<p><strong>Seid RUND 1000 Jahren LEBEN WIR zusammen,<br \/>\nTausend Jahre!<\/strong><\/p>\n<p>Solange ich und meines gleichen Leben\u2026<br \/>\nWird es euch NICHT gelingen. Aus der T\u00fcrkei WIRD KEIN\u2026<br \/>\nRussland, Jugoslawien usw.<br \/>\nWERDEN<\/p>\n<p><strong>PUNKT<\/strong><\/p>\n<p><img loading=\"lazy\" class=\"\" src=\"http:\/\/www.gurbuz.net\/Yeni\/Screenshot 2025-01-24 143357.jpg\" alt=\"\" width=\"483\" height=\"650\" \/><\/p>\n<p>ich BIN ich<\/p>\n<p>https:\/\/www.<strong>europol<\/strong>.europa.eu\/sites\/default\/files\/documents\/de_euorganisedcrimesitrep04-de.pdf<\/p>\n","protected":false},"excerpt":{"rendered":"<p>&#8230; &#8222;Laut einem aktuellen Bericht der EU-Strafverfolgungsbeh\u00f6rde Europol ist die Terrororganisation PKK in mehrere kriminelle Aktivit\u00e4ten in Europa verstrickt, darunter Drogenhandel und Menschenschmuggel. Dem Bericht vom Donnerstag zufolge generiert die PKK dadurch Gelder in Millionenh\u00f6he f\u00fcr ihre Terroraktivit\u00e4ten.&#8220; &#8230; &#8222;Kurdistan&#8220; ich GEB euch &#8222;Kurdistan&#8220; &#8222;Die PKK in Europa &#8211; Freiheitsk\u00e4mpfer oder Terroristen?&#8220; https:\/\/www.arte.tv\/de\/videos\/114208-000-A\/die-pkk-in-europa-freiheitskaempfer-oder-terroristen\/ Seid RUND &hellip; <\/p>\n<p class=\"link-more\"><a href=\"http:\/\/wordpress.gurbuz.net\/?p=196100\" class=\"more-link\"><span class=\"screen-reader-text\">\u201eDieee &#8222;Kurden&#8220;\u201c<\/span> weiterlesen<\/a><\/p>\n","protected":false},"author":1,"featured_media":0,"comment_status":"open","ping_status":"open","sticky":false,"template":"","format":"standard","meta":[],"categories":[1],"tags":[],"_links":{"self":[{"href":"http:\/\/wordpress.gurbuz.net\/index.php?rest_route=\/wp\/v2\/posts\/196100"}],"collection":[{"href":"http:\/\/wordpress.gurbuz.net\/index.php?rest_route=\/wp\/v2\/posts"}],"about":[{"href":"http:\/\/wordpress.gurbuz.net\/index.php?rest_route=\/wp\/v2\/types\/post"}],"author":[{"embeddable":true,"href":"http:\/\/wordpress.gurbuz.net\/index.php?rest_route=\/wp\/v2\/users\/1"}],"replies":[{"embeddable":true,"href":"http:\/\/wordpress.gurbuz.net\/index.php?rest_route=%2Fwp%2Fv2%2Fcomments&post=196100"}],"version-history":[{"count":6,"href":"http:\/\/wordpress.gurbuz.net\/index.php?rest_route=\/wp\/v2\/posts\/196100\/revisions"}],"predecessor-version":[{"id":196106,"href":"http:\/\/wordpress.gurbuz.net\/index.php?rest_route=\/wp\/v2\/posts\/196100\/revisions\/196106"}],"wp:attachment":[{"href":"http:\/\/wordpress.gurbuz.net\/index.php?rest_route=%2Fwp%2Fv2%2Fmedia&parent=196100"}],"wp:term":[{"taxonomy":"category","embeddable":true,"href":"http:\/\/wordpress.gurbuz.net\/index.php?rest_route=%2Fwp%2Fv2%2Fcategories&post=196100"},{"taxonomy":"post_tag","embeddable":true,"href":"http:\/\/wordpress.gurbuz.net\/index.php?rest_route=%2Fwp%2Fv2%2Ftags&post=196100"}],"curies":[{"name":"wp","href":"https:\/\/api.w.org\/{rel}","templated":true}]}}