{"id":196091,"date":"2025-01-24T13:13:24","date_gmt":"2025-01-24T13:13:24","guid":{"rendered":"http:\/\/wordpress.gurbuz.net\/?p=196091"},"modified":"2025-01-24T13:24:27","modified_gmt":"2025-01-24T13:24:27","slug":"rund-295-personen-aus-deutschland-haben-sich-seit-juni-2013-in-die-kurdischen-kampfgebiete-im-suedosten-der-tuerkei-im-nordirak-und-in-nordsyrien-begeben","status":"publish","type":"post","link":"http:\/\/wordpress.gurbuz.net\/?p=196091","title":{"rendered":"&#8222;Rund 295 Personen aus Deutschland haben sich seit Juni 2013 in die kurdischen Kampfgebiete im S\u00fcdosten der T\u00fcrkei, im Nordirak und in Nordsyrien begeben.&#8220;"},"content":{"rendered":"<p>&#8222;Rekrutierung von K\u00e4mpfern f\u00fcr die PKK in Deutschland&#8220;<br \/>\nhttps:\/\/www.<strong>verfassungsschutz<\/strong>.de\/SharedDocs\/hintergruende\/DE\/auslandsbezogener-extremismus\/rekrutierung-von-kaempfern-fuer-die-pkk-in-deutschland.html<\/p>\n<p>ich&#8230;<br \/>\nHABE sehr viele SEHR GUTE&#8230;<br \/>\nFreunde&#8230;<br \/>\nund DAS Weltweit<\/p>\n<p>Aus den unterschiedlichsten Bereichen\u2026<br \/>\nMilieuS<\/p>\n<p>Erinnere dich&#8230;<br \/>\nWie man mich seid meiner Kindheit nannte,<br \/>\nAuch sagt man mir nach ich sei ein&#8230;<br \/>\nGeist<\/p>\n<p>\ud83d\ude09<br \/>\n\ud83d\ude42<\/p>\n<p>BIN ICH AUCH&#8230;<br \/>\nein Geist aber eben&#8230;<br \/>\nAnders und ich HOFFE das dieser Geist&#8230;<br \/>\n&#8230;<br \/>\nIn anderen weiterleben WIRD<\/p>\n<p>Mensch KANN davon BIN ich \u00fcberzeugt,<br \/>\nWIR K\u00d6NNEN&#8230;<br \/>\n&#8230;<br \/>\nDIE anatolische Toleranz<\/p>\n<p>PS: Freund\u2026<br \/>\nFreunde IST sarkastisch gemeint\u2026<br \/>\nNicht das man mich falsch versteht\u2026<br \/>\nTypen\u2026<br \/>\nDie mich am liebsten tot sehen w\u00fcrden<\/p>\n<p>GERADE eine SEHR gute Nachricht bekommen,<br \/>\nvor 5 &#8211; 10 Min.<br \/>\nMeine Schwester\u2026<br \/>\nGottseidank, eine SEHR schlimme Sache\u2026<br \/>\nGottseiDANK<\/p>\n<p>Mein Junge\u2026<br \/>\n\u2026<br \/>\nSowas \u00e4hnliches<\/p>\n","protected":false},"excerpt":{"rendered":"<p>&#8222;Rekrutierung von K\u00e4mpfern f\u00fcr die PKK in Deutschland&#8220; https:\/\/www.verfassungsschutz.de\/SharedDocs\/hintergruende\/DE\/auslandsbezogener-extremismus\/rekrutierung-von-kaempfern-fuer-die-pkk-in-deutschland.html ich&#8230; HABE sehr viele SEHR GUTE&#8230; Freunde&#8230; und DAS Weltweit Aus den unterschiedlichsten Bereichen\u2026 MilieuS Erinnere dich&#8230; Wie man mich seid meiner Kindheit nannte, Auch sagt man mir nach ich sei ein&#8230; Geist \ud83d\ude09 \ud83d\ude42 BIN ICH AUCH&#8230; ein Geist aber eben&#8230; Anders und ich HOFFE &hellip; <\/p>\n<p class=\"link-more\"><a href=\"http:\/\/wordpress.gurbuz.net\/?p=196091\" class=\"more-link\"><span class=\"screen-reader-text\">\u201e&#8222;Rund 295 Personen aus Deutschland haben sich seit Juni 2013 in die kurdischen Kampfgebiete im S\u00fcdosten der T\u00fcrkei, im Nordirak und in Nordsyrien begeben.&#8220;\u201c<\/span> weiterlesen<\/a><\/p>\n","protected":false},"author":1,"featured_media":0,"comment_status":"open","ping_status":"open","sticky":false,"template":"","format":"standard","meta":[],"categories":[1],"tags":[],"_links":{"self":[{"href":"http:\/\/wordpress.gurbuz.net\/index.php?rest_route=\/wp\/v2\/posts\/196091"}],"collection":[{"href":"http:\/\/wordpress.gurbuz.net\/index.php?rest_route=\/wp\/v2\/posts"}],"about":[{"href":"http:\/\/wordpress.gurbuz.net\/index.php?rest_route=\/wp\/v2\/types\/post"}],"author":[{"embeddable":true,"href":"http:\/\/wordpress.gurbuz.net\/index.php?rest_route=\/wp\/v2\/users\/1"}],"replies":[{"embeddable":true,"href":"http:\/\/wordpress.gurbuz.net\/index.php?rest_route=%2Fwp%2Fv2%2Fcomments&post=196091"}],"version-history":[{"count":8,"href":"http:\/\/wordpress.gurbuz.net\/index.php?rest_route=\/wp\/v2\/posts\/196091\/revisions"}],"predecessor-version":[{"id":196099,"href":"http:\/\/wordpress.gurbuz.net\/index.php?rest_route=\/wp\/v2\/posts\/196091\/revisions\/196099"}],"wp:attachment":[{"href":"http:\/\/wordpress.gurbuz.net\/index.php?rest_route=%2Fwp%2Fv2%2Fmedia&parent=196091"}],"wp:term":[{"taxonomy":"category","embeddable":true,"href":"http:\/\/wordpress.gurbuz.net\/index.php?rest_route=%2Fwp%2Fv2%2Fcategories&post=196091"},{"taxonomy":"post_tag","embeddable":true,"href":"http:\/\/wordpress.gurbuz.net\/index.php?rest_route=%2Fwp%2Fv2%2Ftags&post=196091"}],"curies":[{"name":"wp","href":"https:\/\/api.w.org\/{rel}","templated":true}]}}