{"id":195968,"date":"2025-01-23T15:29:41","date_gmt":"2025-01-23T15:29:41","guid":{"rendered":"http:\/\/wordpress.gurbuz.net\/?p=195968"},"modified":"2025-01-23T15:41:42","modified_gmt":"2025-01-23T15:41:42","slug":"ak-pezevenkler-ve-digerleri-tasak-kebabi-yapiyorlar-tbmmde-millet-yaniyor-esas-suclu-yasamada-yueruetmede-degil-mi","status":"publish","type":"post","link":"http:\/\/wordpress.gurbuz.net\/?p=195968","title":{"rendered":"AK Pezevenkler VE di\u011ferleri ta\u015fak kebab\u0131 yap\u0131yorlar TBMM\u2018de, MILLET yan\u0131yor. Esas su\u00e7lu YASAMADA, y\u00fcr\u00fctmede de\u011fil mi?"},"content":{"rendered":"<p>\u201cPili\u00e7\u201d meselesi\u2026<br \/>\nVAR mi k\u00fcrd\u00fc, t\u00fcrk\u00fc BIR AYRIM\u2026<br \/>\nDepremde \u00f6l\u00fcr\u00fcz, trafikte \u00f6l\u00fcr\u00fcz, yar\u0131 a\u00e7 yar\u0131 tok gezeriz.<br \/>\nVAR MI\u2026<br \/>\nBunun k\u00fcrd\u00fc \u2013 t\u00fcrk\u00fc?<\/p>\n<p><img src=\"https:\/\/images.bursadabugun.com\/haber\/2025\/01\/21\/1781912-uedas-duyurdu-bursa-da-elektrikler-kesilecek-678f305b345f1.png\" alt=\"\" \/><\/p>\n<p>Geliyor musunuz s\u00f6zlerime?<br \/>\n\u00d6LD\u00dcR&#8230;<br \/>\nAma HAK yeme<\/p>\n<p>*<\/p>\n<p><strong>DAS Bild liebe Leser?<br \/>\nSymbole, FARBEN\u2026<br \/>\nDie AKP ihr Zeichen DIE\u2026<br \/>\nAmpel, was f\u00fcr ein Zufall<br \/>\n\ud83d\ude09<\/p>\n<p>Wer versteht DER VERSTEHT<\/strong><\/p>\n<p>ja AUS dem fotoROMAN gleich nach dem&#8230;<br \/>\nGrab,<br \/>\nSie scheinen mir RECHT ZU GEBEN, hier&#8230;<br \/>\nHaperts noch<\/p>\n","protected":false},"excerpt":{"rendered":"<p>\u201cPili\u00e7\u201d meselesi\u2026 VAR mi k\u00fcrd\u00fc, t\u00fcrk\u00fc BIR AYRIM\u2026 Depremde \u00f6l\u00fcr\u00fcz, trafikte \u00f6l\u00fcr\u00fcz, yar\u0131 a\u00e7 yar\u0131 tok gezeriz. VAR MI\u2026 Bunun k\u00fcrd\u00fc \u2013 t\u00fcrk\u00fc? Geliyor musunuz s\u00f6zlerime? \u00d6LD\u00dcR&#8230; Ama HAK yeme * DAS Bild liebe Leser? Symbole, FARBEN\u2026 Die AKP ihr Zeichen DIE\u2026 Ampel, was f\u00fcr ein Zufall \ud83d\ude09 Wer versteht DER VERSTEHT ja AUS dem &hellip; <\/p>\n<p class=\"link-more\"><a href=\"http:\/\/wordpress.gurbuz.net\/?p=195968\" class=\"more-link\"><span class=\"screen-reader-text\">\u201eAK Pezevenkler VE di\u011ferleri ta\u015fak kebab\u0131 yap\u0131yorlar TBMM\u2018de, MILLET yan\u0131yor. Esas su\u00e7lu YASAMADA, y\u00fcr\u00fctmede de\u011fil mi?\u201c<\/span> weiterlesen<\/a><\/p>\n","protected":false},"author":1,"featured_media":0,"comment_status":"open","ping_status":"open","sticky":false,"template":"","format":"standard","meta":[],"categories":[1],"tags":[],"_links":{"self":[{"href":"http:\/\/wordpress.gurbuz.net\/index.php?rest_route=\/wp\/v2\/posts\/195968"}],"collection":[{"href":"http:\/\/wordpress.gurbuz.net\/index.php?rest_route=\/wp\/v2\/posts"}],"about":[{"href":"http:\/\/wordpress.gurbuz.net\/index.php?rest_route=\/wp\/v2\/types\/post"}],"author":[{"embeddable":true,"href":"http:\/\/wordpress.gurbuz.net\/index.php?rest_route=\/wp\/v2\/users\/1"}],"replies":[{"embeddable":true,"href":"http:\/\/wordpress.gurbuz.net\/index.php?rest_route=%2Fwp%2Fv2%2Fcomments&post=195968"}],"version-history":[{"count":3,"href":"http:\/\/wordpress.gurbuz.net\/index.php?rest_route=\/wp\/v2\/posts\/195968\/revisions"}],"predecessor-version":[{"id":195971,"href":"http:\/\/wordpress.gurbuz.net\/index.php?rest_route=\/wp\/v2\/posts\/195968\/revisions\/195971"}],"wp:attachment":[{"href":"http:\/\/wordpress.gurbuz.net\/index.php?rest_route=%2Fwp%2Fv2%2Fmedia&parent=195968"}],"wp:term":[{"taxonomy":"category","embeddable":true,"href":"http:\/\/wordpress.gurbuz.net\/index.php?rest_route=%2Fwp%2Fv2%2Fcategories&post=195968"},{"taxonomy":"post_tag","embeddable":true,"href":"http:\/\/wordpress.gurbuz.net\/index.php?rest_route=%2Fwp%2Fv2%2Ftags&post=195968"}],"curies":[{"name":"wp","href":"https:\/\/api.w.org\/{rel}","templated":true}]}}