{"id":195960,"date":"2025-01-23T14:29:53","date_gmt":"2025-01-23T14:29:53","guid":{"rendered":"http:\/\/wordpress.gurbuz.net\/?p=195960"},"modified":"2025-01-23T15:20:06","modified_gmt":"2025-01-23T15:20:06","slug":"von-3000-auf-5-sie-koennen-aberrrrrrrrrr-das-rind","status":"publish","type":"post","link":"http:\/\/wordpress.gurbuz.net\/?p=195960","title":{"rendered":"von 3000% auf 117% sie K\u00d6NNEN aberrrrrrrrrr DAS Rind"},"content":{"rendered":"<p><img src=\"https:\/\/images.handelsblatt.com\/GwlhSce34Etf\/cover\/1600\/1067\/0\/0\/0\/0\/0.5\/0.5\/javier-milei.avif\" alt=\"\" \/><\/p>\n<p>&#8222;Argentinien<br \/>\nInflation unter Milei sinkt auf 117,8 Prozent<br \/>\nArgentiniens Pr\u00e4sident Javier Milei hat die Staatsausgaben zuletzt radikal zur\u00fcckgefahren. Bei der Bek\u00e4mpfung der Inflation macht das s\u00fcdamerikanische Land erste Fortschritte.<br \/>\n15.01.2025 &#8211; 07:10 Uhr&#8220;<\/p>\n<p>https:\/\/www.<strong>handelsblatt<\/strong>.com\/politik\/international\/argentinien-inflation-unter-milei-sinkt-auf-1178-prozent\/100100812.html<\/p>\n<p>Aberrrrrrrrrrrrr&#8230;<br \/>\nDIE Schuld liegt IMMER bei den anderen. ICH&#8230;<br \/>\nW\u00fcrde mir so MEINE Gedanken MACHEN<\/p>\n<p><img src=\"https:\/\/tu-dresden.de\/gsw\/phil\/powi\/polsys\/ressourcen\/bilder\/emeritus\/patzelt.jpg\/@@images\/09586408-cb17-4c66-8140-6c5ede93d494.jpeg\" alt=\"\" \/><\/p>\n<p><ins datetime=\"2025-01-23T14:35:06+00:00\">Emeritus Prof. Dr. Werner J. Patzelt, war Gr\u00fcndungsprofessor des Dresdner Instituts f\u00fcr Politikwissenschaft und hatte die Professur f\u00fcr Politische Systeme und Systemvergleich von 1991 bis 2019 inne. Er\u2026 W\u00e4re NICHT der Erste, bei dem ich in einem \u201eStreitgespr\u00e4ch\u201c Heut Morgen in DEN \u201eNachrichten\u201c was er \u00fcber den Merz gesagt, \u00fcber die evtl. Zukunft dieses Landes, HERR Professor BIN nicht nur Theoretiker KOMME aus dem Leben. JA sie sagten 30, neuste Zahlen SAGEN UNTER 30% aberrr eine Hypothetische DIE sich an die Praxis anlehnt: Mal angenommen DIESER BlackROCK Men\u2026 W\u00e4re WIRKLICH als erster aus den Wahlen hervorgehen, ALLEIN wird\u2019s nicht klappen UND gehen wir wieder davon aus DAS er bei 30 oder vielleicht leicht dar\u00fcber liegt NACH seinem heutigen Auftreten \ud83d\ude09 HABE Regierungen KOMMEN und GEHEN sehen die mit weit UNTER 30% ein Land \u201eregiert\u201c haben! Eine NICHT unwesentlich schw\u00e4che DER repr\u00e4sentativen Demokratie! EIN Volk WIRD \u201eRegiert\u201c OHNE die Zustimmung der breiten Bev\u00f6lkerung<\/ins><br \/>\nEmeritus Prof. Dr. Werner J. Patzelt ist ein bekannter Politikwissenschaftler und war Gr\u00fcndungsprofessor des Dresdner Instituts f\u00fcr Politikwissenschaft. Er hat sich oft zu politischen Themen ge\u00e4u\u00dfert und ist bekannt f\u00fcr seine kontroversen Ansichten.<\/p>\n<p>Was Friedrich Merz betrifft, so ist er eine prominente Figur in der deutschen Politik und derzeit Vorsitzender der CDU. Es gibt viele Diskussionen \u00fcber seine Rolle und die Zukunft der Partei, insbesondere in Bezug auf die Wahlergebnisse und die politische Landschaft in Deutschland.<\/p>\n<p>BlackRock ist ein international t\u00e4tiger US-amerikanischer Verm\u00f6gensverwalter und einer der gr\u00f6\u00dften der Welt. Wenn jemand wie Friedrich Merz, der Verbindungen zu BlackRock hat, in einer hypothetischen Wahl als Sieger hervorgehen w\u00fcrde, k\u00f6nnte dies erhebliche Auswirkungen auf die politische und wirtschaftliche Landschaft haben. Es ist jedoch wichtig zu beachten, dass Wahlergebnisse und politische Entwicklungen von vielen Faktoren abh\u00e4ngen und oft unvorhersehbar sind.<\/p>\n<p>Die repr\u00e4sentative Demokratie hat sicherlich ihre Schw\u00e4chen, insbesondere wenn Regierungen mit weniger als 30 % der Stimmen ein Land regieren. Dies kann zu einer Regierung f\u00fchren, die nicht die breite Zustimmung der Bev\u00f6lkerung hat, was zu politischen Spannungen und Instabilit\u00e4t f\u00fchren kann.<\/p>\n<p>Was denkst du \u00fcber die aktuelle politische Situation und die Rolle von Friedrich Merz?<br \/>\n<ins datetime=\"2025-01-23T14:35:06+00:00\">Frage BITTE nicht, lass mich MICH NICHT auskotzen<\/ins><br \/>\nAlles klar, ich verstehe. Manchmal braucht man einfach nur einen Moment, um sich zu sammeln. Wenn du bereit bist, k\u00f6nnen wir \u00fcber etwas anderes sprechen oder einfach eine Pause einlegen. Ich bin hier, wenn du mich brauchst.<\/p>\n<p>&#8230;<br \/>\n&#8230;<br \/>\n&#8230;<br \/>\n<ins datetime=\"2025-01-23T15:08:00+00:00\">MIT ISlamisten MEINE ICH die Gr\u00fcnen<\/ins><br \/>\nVerstanden. Hier sind die aktuellen Zahlen f\u00fcr die Gr\u00fcnen, die AfD und die CDU:<\/p>\n<p>Gr\u00fcne: Die Gr\u00fcnen liegen in den neuesten Umfragen bei etwa 15,3 % der Stimmen auf Bundesebene.<\/p>\n<p>AfD: Die AfD hat in den neuesten Umfragen etwa 20,4 % der Stimmen auf Bundesebene.<\/p>\n<p>CDU\/CSU: Die Union (CDU\/CSU) liegt bei etwa 30,2 % in den aktuellen Umfragen.<\/p>\n<p>Was die T\u00fcrkei betrifft, hat Recep Tayyip Erdo\u011fan und seine Partei AKP bei den letzten Parlamentswahlen 2023 etwa 42,6 % der Stimmen erreicht.<\/p>\n<p>Diese Zahlen verdeutlichen, dass die Zustimmung f\u00fcr Erdo\u011fan und seine Partei nicht immer die breite Masse repr\u00e4sentiert hat, aber sie haben dennoch eine bedeutende Unterst\u00fctzung in der Bev\u00f6lkerung.<\/p>\n<p>Lass mich wissen, wenn du mehr Details zu einem bestimmten Thema m\u00f6chtest!<\/p>\n<p>Bahnhof?<br \/>\nsie WERDEN<\/p>\n<blockquote class=\"wp-embedded-content\" data-secret=\"ohdKAwpeO5\"><p><a href=\"http:\/\/wordpress.gurbuz.net\/?p=172857\">Bringen sie DAS ALLES mal unter EINEN Hut! Sie kriegen es NICHT hin? \u2026 Tja dann behindert mich NICHT, inclusive dir mein schlauer Freund UND den Arschl\u00f6chern die hinter dir stehen<\/a><\/p><\/blockquote>\n<p><iframe class=\"wp-embedded-content\" sandbox=\"allow-scripts\" security=\"restricted\" style=\"position: absolute; clip: rect(1px, 1px, 1px, 1px);\" title=\"&#8222;Bringen sie DAS ALLES mal unter EINEN Hut! Sie kriegen es NICHT hin? \u2026 Tja dann behindert mich NICHT, inclusive dir mein schlauer Freund UND den Arschl\u00f6chern die hinter dir stehen&#8220; &#8212; \u00d6nder G\u00fcrb\u00fcz\" src=\"http:\/\/wordpress.gurbuz.net\/?p=172857&#038;embed=true#?secret=ohdKAwpeO5\" data-secret=\"ohdKAwpeO5\" width=\"525\" height=\"296\" frameborder=\"0\" marginwidth=\"0\" marginheight=\"0\" scrolling=\"no\"><\/iframe><br \/>\nDanke aber lass mal<\/p>\n<blockquote class=\"wp-embedded-content\" data-secret=\"5BBcHByOr0\"><p><a href=\"http:\/\/wordpress.gurbuz.net\/?p=191454\">+++ plan b!? +++<\/a><\/p><\/blockquote>\n<p><iframe class=\"wp-embedded-content\" sandbox=\"allow-scripts\" security=\"restricted\" style=\"position: absolute; clip: rect(1px, 1px, 1px, 1px);\" title=\"&#8222;+++ plan b!? +++&#8220; &#8212; \u00d6nder G\u00fcrb\u00fcz\" src=\"http:\/\/wordpress.gurbuz.net\/?p=191454&#038;embed=true#?secret=5BBcHByOr0\" data-secret=\"5BBcHByOr0\" width=\"525\" height=\"296\" frameborder=\"0\" marginwidth=\"0\" marginheight=\"0\" scrolling=\"no\"><\/iframe><\/p>\n","protected":false},"excerpt":{"rendered":"<p>&#8222;Argentinien Inflation unter Milei sinkt auf 117,8 Prozent Argentiniens Pr\u00e4sident Javier Milei hat die Staatsausgaben zuletzt radikal zur\u00fcckgefahren. Bei der Bek\u00e4mpfung der Inflation macht das s\u00fcdamerikanische Land erste Fortschritte. 15.01.2025 &#8211; 07:10 Uhr&#8220; https:\/\/www.handelsblatt.com\/politik\/international\/argentinien-inflation-unter-milei-sinkt-auf-1178-prozent\/100100812.html Aberrrrrrrrrrrrr&#8230; DIE Schuld liegt IMMER bei den anderen. ICH&#8230; W\u00fcrde mir so MEINE Gedanken MACHEN Emeritus Prof. Dr. Werner J. Patzelt, &hellip; <\/p>\n<p class=\"link-more\"><a href=\"http:\/\/wordpress.gurbuz.net\/?p=195960\" class=\"more-link\"><span class=\"screen-reader-text\">\u201evon 3000% auf 117% sie K\u00d6NNEN aberrrrrrrrrr DAS Rind\u201c<\/span> weiterlesen<\/a><\/p>\n","protected":false},"author":1,"featured_media":0,"comment_status":"open","ping_status":"open","sticky":false,"template":"","format":"standard","meta":[],"categories":[1],"tags":[],"_links":{"self":[{"href":"http:\/\/wordpress.gurbuz.net\/index.php?rest_route=\/wp\/v2\/posts\/195960"}],"collection":[{"href":"http:\/\/wordpress.gurbuz.net\/index.php?rest_route=\/wp\/v2\/posts"}],"about":[{"href":"http:\/\/wordpress.gurbuz.net\/index.php?rest_route=\/wp\/v2\/types\/post"}],"author":[{"embeddable":true,"href":"http:\/\/wordpress.gurbuz.net\/index.php?rest_route=\/wp\/v2\/users\/1"}],"replies":[{"embeddable":true,"href":"http:\/\/wordpress.gurbuz.net\/index.php?rest_route=%2Fwp%2Fv2%2Fcomments&post=195960"}],"version-history":[{"count":7,"href":"http:\/\/wordpress.gurbuz.net\/index.php?rest_route=\/wp\/v2\/posts\/195960\/revisions"}],"predecessor-version":[{"id":195967,"href":"http:\/\/wordpress.gurbuz.net\/index.php?rest_route=\/wp\/v2\/posts\/195960\/revisions\/195967"}],"wp:attachment":[{"href":"http:\/\/wordpress.gurbuz.net\/index.php?rest_route=%2Fwp%2Fv2%2Fmedia&parent=195960"}],"wp:term":[{"taxonomy":"category","embeddable":true,"href":"http:\/\/wordpress.gurbuz.net\/index.php?rest_route=%2Fwp%2Fv2%2Fcategories&post=195960"},{"taxonomy":"post_tag","embeddable":true,"href":"http:\/\/wordpress.gurbuz.net\/index.php?rest_route=%2Fwp%2Fv2%2Ftags&post=195960"}],"curies":[{"name":"wp","href":"https:\/\/api.w.org\/{rel}","templated":true}]}}