{"id":194845,"date":"2025-01-12T12:52:58","date_gmt":"2025-01-12T12:52:58","guid":{"rendered":"http:\/\/wordpress.gurbuz.net\/?p=194845"},"modified":"2025-01-12T13:16:58","modified_gmt":"2025-01-12T13:16:58","slug":"194845","status":"publish","type":"post","link":"http:\/\/wordpress.gurbuz.net\/?p=194845","title":{"rendered":"Was die R\u00f6mer konnten K\u00d6NNEN die AMErIKA\u2019ner besser"},"content":{"rendered":"<p><iframe loading=\"lazy\" title=\"Zeki M\u00fcren - T\u00d6VBELER T\u00d6VBES\u0130 ( plak )\" width=\"525\" height=\"394\" src=\"https:\/\/www.youtube.com\/embed\/NFq4WF_b5zY?feature=oembed\" frameborder=\"0\" allow=\"accelerometer; autoplay; clipboard-write; encrypted-media; gyroscope; picture-in-picture; web-share\" referrerpolicy=\"strict-origin-when-cross-origin\" allowfullscreen><\/iframe><\/p>\n<p>&#8222;R\u00f6mer vergifteten Europa: Der IQ sank im ganzen Reich<br \/>\nArtikel von Ellen Ivits \u2022 7 Std.&#8220;<\/p>\n<p>https:\/\/www.msn.com\/de-de\/finanzen\/top-stories\/r%C3%B6mer-vergifteten-europa-der-iq-sank-im-ganzen-reich\/ar-BB1riRa1?ocid=msedgntp&#038;pc=U531&#038;cvid=78ea042be7cd4485ac02251c6d3dfd97&#038;ei=25<\/p>\n<blockquote class=\"wp-embedded-content\" data-secret=\"H72TbynAKZ\"><p><a href=\"http:\/\/wordpress.gurbuz.net\/?p=171119\">Vielleicht sollte ich WIRKLICH f\u00fcr eine Weile das Maul halten AUCH weil es mir sehr schlecht geht<\/a><\/p><\/blockquote>\n<p><iframe class=\"wp-embedded-content\" sandbox=\"allow-scripts\" security=\"restricted\" style=\"position: absolute; clip: rect(1px, 1px, 1px, 1px);\" title=\"&#8222;Vielleicht sollte ich WIRKLICH f\u00fcr eine Weile das Maul halten AUCH weil es mir sehr schlecht geht&#8220; &#8212; \u00d6nder G\u00fcrb\u00fcz\" src=\"http:\/\/wordpress.gurbuz.net\/?p=171119&#038;embed=true#?secret=H72TbynAKZ\" data-secret=\"H72TbynAKZ\" width=\"525\" height=\"296\" frameborder=\"0\" marginwidth=\"0\" marginheight=\"0\" scrolling=\"no\"><\/iframe><\/p>\n<p>du HAST recht,<br \/>\nBUTTER!?<\/p>\n<p>Wenn ich k\u00f6nnte WIE ICH M\u00dcSSTE<\/p>\n<p><ins datetime=\"2025-01-12T13:13:34+00:00\">Was IST ein gr\u00fcner Pass UND was bedeutet es diplomatisch, RECHTLICH?<\/ins><br \/>\nEin gr\u00fcner Pass kann verschiedene Bedeutungen haben, abh\u00e4ngig vom Kontext:<\/p>\n<p>Vorl\u00e4ufiger Reisepass: In Deutschland ist der gr\u00fcne Reisepass ein vorl\u00e4ufiger Reisepass, der von den Passbeh\u00f6rden mit maximal einj\u00e4hriger G\u00fcltigkeit ausgestellt wird. Er wird jedoch von einigen L\u00e4ndern nicht zur Einreise anerkannt1.<\/p>\n<p>Diplomatenpass: Ein gr\u00fcner Pass kann auch ein Diplomatenpass sein, der bestimmten Personenkreisen wie Diplomaten, Botschaftern, Abgeordneten und hochrangigen Regierungsbeamten vorbehalten ist3. Dieser Pass bietet einige Vorteile, wie die Befreiung von der Visumspflicht und in einigen F\u00e4llen diplomatische Immunit\u00e4t.<\/p>\n<p>Die Farbe des Reisepasses kann auch kulturelle oder religi\u00f6se Bedeutungen haben. In vielen islamischen L\u00e4ndern sind die P\u00e4sse gr\u00fcn, da gr\u00fcn als die \u00fcberlieferte Lieblingsfarbe des Propheten Mohammed gilt.<\/p>\n<p>Hoffe, das hilft dir weiter! Gibt es noch etwas, wor\u00fcber du mehr wissen m\u00f6chtest?<\/p>\n<p>Der Diplomatenpass der Bundesrepublik Deutschland hat eine dunkelblaue Farbe<\/p>\n","protected":false},"excerpt":{"rendered":"<p>&#8222;R\u00f6mer vergifteten Europa: Der IQ sank im ganzen Reich Artikel von Ellen Ivits \u2022 7 Std.&#8220; https:\/\/www.msn.com\/de-de\/finanzen\/top-stories\/r%C3%B6mer-vergifteten-europa-der-iq-sank-im-ganzen-reich\/ar-BB1riRa1?ocid=msedgntp&#038;pc=U531&#038;cvid=78ea042be7cd4485ac02251c6d3dfd97&#038;ei=25 Vielleicht sollte ich WIRKLICH f\u00fcr eine Weile das Maul halten AUCH weil es mir sehr schlecht geht du HAST recht, BUTTER!? Wenn ich k\u00f6nnte WIE ICH M\u00dcSSTE Was IST ein gr\u00fcner Pass UND was bedeutet es diplomatisch, RECHTLICH? &hellip; <\/p>\n<p class=\"link-more\"><a href=\"http:\/\/wordpress.gurbuz.net\/?p=194845\" class=\"more-link\"><span class=\"screen-reader-text\">\u201eWas die R\u00f6mer konnten K\u00d6NNEN die AMErIKA\u2019ner besser\u201c<\/span> weiterlesen<\/a><\/p>\n","protected":false},"author":1,"featured_media":0,"comment_status":"open","ping_status":"open","sticky":false,"template":"","format":"standard","meta":[],"categories":[1],"tags":[],"_links":{"self":[{"href":"http:\/\/wordpress.gurbuz.net\/index.php?rest_route=\/wp\/v2\/posts\/194845"}],"collection":[{"href":"http:\/\/wordpress.gurbuz.net\/index.php?rest_route=\/wp\/v2\/posts"}],"about":[{"href":"http:\/\/wordpress.gurbuz.net\/index.php?rest_route=\/wp\/v2\/types\/post"}],"author":[{"embeddable":true,"href":"http:\/\/wordpress.gurbuz.net\/index.php?rest_route=\/wp\/v2\/users\/1"}],"replies":[{"embeddable":true,"href":"http:\/\/wordpress.gurbuz.net\/index.php?rest_route=%2Fwp%2Fv2%2Fcomments&post=194845"}],"version-history":[{"count":7,"href":"http:\/\/wordpress.gurbuz.net\/index.php?rest_route=\/wp\/v2\/posts\/194845\/revisions"}],"predecessor-version":[{"id":194852,"href":"http:\/\/wordpress.gurbuz.net\/index.php?rest_route=\/wp\/v2\/posts\/194845\/revisions\/194852"}],"wp:attachment":[{"href":"http:\/\/wordpress.gurbuz.net\/index.php?rest_route=%2Fwp%2Fv2%2Fmedia&parent=194845"}],"wp:term":[{"taxonomy":"category","embeddable":true,"href":"http:\/\/wordpress.gurbuz.net\/index.php?rest_route=%2Fwp%2Fv2%2Fcategories&post=194845"},{"taxonomy":"post_tag","embeddable":true,"href":"http:\/\/wordpress.gurbuz.net\/index.php?rest_route=%2Fwp%2Fv2%2Ftags&post=194845"}],"curies":[{"name":"wp","href":"https:\/\/api.w.org\/{rel}","templated":true}]}}